{"id":2125,"date":"2025-03-29T16:30:39","date_gmt":"2025-03-29T16:30:39","guid":{"rendered":"https:\/\/ledenonciateur224.com\/?p=2125"},"modified":"2025-03-29T16:30:39","modified_gmt":"2025-03-29T16:30:39","slug":"graces-et-reactions-le-camp-de-toumba-diakite-reagit-a-la-clemence-du-general-doumbouya-envers-moussa-dadis-camara","status":"publish","type":"post","link":"https:\/\/ledenonciateur224.com\/index.php\/graces-et-reactions-le-camp-de-toumba-diakite-reagit-a-la-clemence-du-general-doumbouya-envers-moussa-dadis-camara\/","title":{"rendered":"Gr\u00e2ces et r\u00e9actions : Le camp de Toumba Diakit\u00e9 r\u00e9agit \u00e0 la cl\u00e9mence du G\u00e9n\u00e9ral Doumbouya envers Moussa Dadis Camara"},"content":{"rendered":"<p>C\u2019est la premi\u00e8re prise de position officielle du camp de Toumba Diakit\u00e9 apr\u00e8s la gr\u00e2ce accord\u00e9e par le pr\u00e9sident Mamadi Doumbouya \u00e0 Moussa Dadis Camara, condamn\u00e9 \u00e0 20 ans de prison pour crimes contre l\u2019humanit\u00e9, \u00e0 l\u2019issue d\u2019un proc\u00e8s historique li\u00e9 au massacre du 28 septembre 2009. Dans un entretien exclusif avec Africaguinee.com, Ma\u00eetre Lancinet Sylla, avocat de Toumba Diakit\u00e9, analyse cette d\u00e9cision controvers\u00e9e et ses implications. Il revient sur les r\u00e9percussions directes de cette mesure prise par le chef de l\u2019\u00c9tat, ainsi que sur l\u2019impact de cette cl\u00e9mence dans le contexte judiciaire et politique du pays.<\/p>\n<p>&lt;&lt;Cette d\u00e9cision n\u2019est ni d\u00e9finitive ni ex\u00e9cutoire, car elle a \u00e9t\u00e9 attaqu\u00e9e par voie d\u2019appel par toutes les parties, y compris les victimes elles-m\u00eames. Or, le droit de gr\u00e2ce ne peut \u00eatre exerc\u00e9 par le pr\u00e9sident de la R\u00e9publique que lorsque la d\u00e9cision est d\u00e9finitive et ex\u00e9cutoire.<\/p>\n<p>Cependant, d\u00e8s lors que la gr\u00e2ce a \u00e9t\u00e9 accord\u00e9e, une cons\u00e9quence imm\u00e9diate est que la tenue du proc\u00e8s en appel devient impossible. En effet, il va sans dire que le pr\u00e9sident Dadis sera lib\u00e9r\u00e9 et ne sera plus concern\u00e9 par ce proc\u00e8s, \u00e9tant b\u00e9n\u00e9ficiaire du pardon pr\u00e9sidentiel. Or, si le pr\u00e9sident Dadis ne participe pas au proc\u00e8s en appel, celui-ci ne pourra pas avoir lieu.<\/p>\n<p>Pour des raisons d\u2019\u00e9quit\u00e9 et de justice, le pr\u00e9sident devrait poursuivre son geste en exer\u00e7ant le m\u00eame droit de gr\u00e2ce en faveur de tous les autres accus\u00e9s dans ce proc\u00e8s.<\/p>\n<p>\u00c0 ce stade, il ne s\u2019agit plus de d\u00e9terminer la responsabilit\u00e9 individuelle des accus\u00e9s dans ce proc\u00e8s. Nous sommes maintenant dans une phase o\u00f9 le pr\u00e9sident a accord\u00e9 sa gr\u00e2ce \u00e0 l\u2019un des condamn\u00e9s, et ce, m\u00eame si la d\u00e9cision de condamnation n\u2019\u00e9tait pas encore d\u00e9finitive. D\u00e8s lors, il devrait en faire autant pour tous les accus\u00e9s.<\/p>\n<p>La question qui se pose aujourd\u2019hui n\u2019est plus celle du degr\u00e9 de participation de Pierre ou de Paul aux \u00e9v\u00e9nements du 28 septembre, mais celle de l\u2019\u00e9galit\u00e9 de traitement entre les condamn\u00e9s.<\/p>\n<p>D\u2019un point de vue juridique, les conditions d\u2019octroi de la gr\u00e2ce ne sont pas r\u00e9unies. En effet, pour qu\u2019une gr\u00e2ce puisse \u00eatre accord\u00e9e, la d\u00e9cision de condamnation doit \u00eatre d\u00e9finitive et ex\u00e9cutoire. Or, ce n\u2019est pas encore le cas, puisque toutes les parties, y compris les victimes, ont fait appel de cette d\u00e9cision.<\/p>\n<p>Cette d\u00e9cision rend mat\u00e9riellement impossible la tenue du proc\u00e8s en appel. En effet, ce dernier ne peut pas se tenir sans la participation de Moussa Dadis Camara. Or, ce dernier est d\u00e9sormais b\u00e9n\u00e9ficiaire d\u2019un d\u00e9cret de gr\u00e2ce et de tous ses effets.<\/p>\n<p>Si cette d\u00e9cision reposait r\u00e9ellement sur des raisons de sant\u00e9, alors le commandant Aboubacar Sidiki Diakit\u00e9, alias Toumba, aurait d\u00fb \u00eatre le premier b\u00e9n\u00e9ficiaire. Tout le monde sait qu\u2019il souffre de probl\u00e8mes de sant\u00e9 bien avant l\u2019ouverture de ce proc\u00e8s.<\/p>\n<p>Cela dit, un pr\u00e9sident n\u2019a m\u00eame pas besoin de motiver l\u2019octroi d\u2019une gr\u00e2ce \u00e0 un condamn\u00e9. Quelle que soit la raison avanc\u00e9e, il n\u2019est pas tenu de justifier sa d\u00e9cision.<\/p>\n<p>Chacun est libre de ses interpr\u00e9tations. Pour ma part, j\u2019ai fait une analyse purement juridique de la situation.<\/p>\n<p><em>Ledenonciateur224.com\u00a0<\/em><\/p>\n","protected":false},"excerpt":{"rendered":"<p>C\u2019est la premi\u00e8re prise de position officielle du camp de Toumba Diakit\u00e9 apr\u00e8s la gr\u00e2ce accord\u00e9e par le pr\u00e9sident Mamadi Doumbouya \u00e0 Moussa Dadis Camara, condamn\u00e9 \u00e0 20 ans de prison pour crimes contre l\u2019humanit\u00e9, \u00e0 l\u2019issue d\u2019un proc\u00e8s historique li\u00e9 au massacre du 28 septembre 2009. Dans un entretien exclusif avec Africaguinee.com, Ma\u00eetre Lancinet [&hellip;]<\/p>\n","protected":false},"author":2,"featured_media":2126,"comment_status":"open","ping_status":"open","sticky":false,"template":"","format":"standard","meta":{"_jetpack_memberships_contains_paid_content":false,"footnotes":"","jetpack_publicize_message":"","jetpack_publicize_feature_enabled":true,"jetpack_social_post_already_shared":true,"jetpack_social_options":{"image_generator_settings":{"template":"highway","default_image_id":0,"font":"","enabled":false},"version":2}},"categories":[30,24],"tags":[562,558,561],"class_list":{"0":"post-2125","1":"post","2":"type-post","3":"status-publish","4":"format-standard","5":"has-post-thumbnail","7":"category-faits-divers","8":"category-news","9":"tag-avocats-de-toumba-diakite","10":"tag-capitaine-moussa-dadis-camara","11":"tag-proces-du-massacre"},"jetpack_publicize_connections":[],"jetpack_featured_media_url":"https:\/\/ledenonciateur224.com\/wp-content\/uploads\/2025\/03\/paul-yomba-et-lancine-sylla-768x577-1.jpg","jetpack_sharing_enabled":true,"_links":{"self":[{"href":"https:\/\/ledenonciateur224.com\/index.php\/wp-json\/wp\/v2\/posts\/2125","targetHints":{"allow":["GET"]}}],"collection":[{"href":"https:\/\/ledenonciateur224.com\/index.php\/wp-json\/wp\/v2\/posts"}],"about":[{"href":"https:\/\/ledenonciateur224.com\/index.php\/wp-json\/wp\/v2\/types\/post"}],"author":[{"embeddable":true,"href":"https:\/\/ledenonciateur224.com\/index.php\/wp-json\/wp\/v2\/users\/2"}],"replies":[{"embeddable":true,"href":"https:\/\/ledenonciateur224.com\/index.php\/wp-json\/wp\/v2\/comments?post=2125"}],"version-history":[{"count":0,"href":"https:\/\/ledenonciateur224.com\/index.php\/wp-json\/wp\/v2\/posts\/2125\/revisions"}],"wp:featuredmedia":[{"embeddable":true,"href":"https:\/\/ledenonciateur224.com\/index.php\/wp-json\/wp\/v2\/media\/2126"}],"wp:attachment":[{"href":"https:\/\/ledenonciateur224.com\/index.php\/wp-json\/wp\/v2\/media?parent=2125"}],"wp:term":[{"taxonomy":"category","embeddable":true,"href":"https:\/\/ledenonciateur224.com\/index.php\/wp-json\/wp\/v2\/categories?post=2125"},{"taxonomy":"post_tag","embeddable":true,"href":"https:\/\/ledenonciateur224.com\/index.php\/wp-json\/wp\/v2\/tags?post=2125"}],"curies":[{"name":"wp","href":"https:\/\/api.w.org\/{rel}","templated":true}]}}