{"id":2128,"date":"2025-03-29T19:57:19","date_gmt":"2025-03-29T19:57:19","guid":{"rendered":"https:\/\/ledenonciateur224.com\/?p=2128"},"modified":"2025-03-29T19:57:19","modified_gmt":"2025-03-29T19:57:19","slug":"ramadan-de-solidarite-le-dg-du-conseil-guineen-des-chargeurs-soutient-les-journalistes-de-tropicale-fm","status":"publish","type":"post","link":"https:\/\/ledenonciateur224.com\/index.php\/ramadan-de-solidarite-le-dg-du-conseil-guineen-des-chargeurs-soutient-les-journalistes-de-tropicale-fm\/","title":{"rendered":"Ramadan de Solidarit\u00e9 : Le DG du Conseil Guin\u00e9en des Chargeurs soutient les journalistes de Tropicale FM"},"content":{"rendered":"<p>Le directeur g\u00e9n\u00e9ral du Conseil Guin\u00e9en des Chargeurs, Lancin\u00e8 KEITA, a t\u00e9moign\u00e9 de sa solidarit\u00e9 envers les journalistes de la radio Tropicale FM en leur offrant un g\u00e9n\u00e9reux don de 20 sacs de riz et 40 cartons de poulet entier. Ce geste, qui a eu lieu le samedi 29 mars 2025 \u00e0 Tombo, s\u2019inscrit dans un cadre de soutien en pleine p\u00e9riode de Ramadan, symbolisant l\u2019engagement du DG \u00e0 accompagner toutes les couches sociales du pays.<\/p>\n<p>Ousmane Bangoura, Directeur G\u00e9n\u00e9ral Adjoint de la radio, a salu\u00e9 ce geste comme une marque d\u2019attention particuli\u00e8re envers la presse guin\u00e9enne. Lors de la c\u00e9r\u00e9monie, les journalistes ont exprim\u00e9 leur gratitude et formul\u00e9 des pri\u00e8res pour la r\u00e9ussite de la transition en Guin\u00e9e et pour l\u2019engagement patriote de Lancin\u00e8 KEITA \u00e0 la t\u00eate du Conseil Guin\u00e9en des Chargeurs.<\/p>\n<p><em>Aboubacar Moussa Camara<\/em><\/p>\n<p><em>\u00a0622 42 41 87\u00a0<\/em><\/p>\n","protected":false},"excerpt":{"rendered":"<p>Le directeur g\u00e9n\u00e9ral du Conseil Guin\u00e9en des Chargeurs, Lancin\u00e8 KEITA, a t\u00e9moign\u00e9 de sa solidarit\u00e9 envers les journalistes de la radio Tropicale FM en leur offrant un g\u00e9n\u00e9reux don de 20 sacs de riz et 40 cartons de poulet entier. Ce geste, qui a eu lieu le samedi 29 mars 2025 \u00e0 Tombo, s\u2019inscrit dans [&hellip;]<\/p>\n","protected":false},"author":2,"featured_media":2129,"comment_status":"open","ping_status":"open","sticky":false,"template":"","format":"standard","meta":{"_jetpack_memberships_contains_paid_content":false,"footnotes":"","jetpack_publicize_message":"","jetpack_publicize_feature_enabled":true,"jetpack_social_post_already_shared":true,"jetpack_social_options":{"image_generator_settings":{"template":"highway","default_image_id":0,"font":"","enabled":false},"version":2}},"categories":[30,24],"tags":[563,564],"class_list":{"0":"post-2128","1":"post","2":"type-post","3":"status-publish","4":"format-standard","5":"has-post-thumbnail","7":"category-faits-divers","8":"category-news","9":"tag-conseil-guineen-des-chargeurs","10":"tag-dg-lancine-keita"},"jetpack_publicize_connections":[],"jetpack_featured_media_url":"https:\/\/ledenonciateur224.com\/wp-content\/uploads\/2025\/03\/20250329-195430-scaled.jpg","jetpack_sharing_enabled":true,"_links":{"self":[{"href":"https:\/\/ledenonciateur224.com\/index.php\/wp-json\/wp\/v2\/posts\/2128","targetHints":{"allow":["GET"]}}],"collection":[{"href":"https:\/\/ledenonciateur224.com\/index.php\/wp-json\/wp\/v2\/posts"}],"about":[{"href":"https:\/\/ledenonciateur224.com\/index.php\/wp-json\/wp\/v2\/types\/post"}],"author":[{"embeddable":true,"href":"https:\/\/ledenonciateur224.com\/index.php\/wp-json\/wp\/v2\/users\/2"}],"replies":[{"embeddable":true,"href":"https:\/\/ledenonciateur224.com\/index.php\/wp-json\/wp\/v2\/comments?post=2128"}],"version-history":[{"count":0,"href":"https:\/\/ledenonciateur224.com\/index.php\/wp-json\/wp\/v2\/posts\/2128\/revisions"}],"wp:featuredmedia":[{"embeddable":true,"href":"https:\/\/ledenonciateur224.com\/index.php\/wp-json\/wp\/v2\/media\/2129"}],"wp:attachment":[{"href":"https:\/\/ledenonciateur224.com\/index.php\/wp-json\/wp\/v2\/media?parent=2128"}],"wp:term":[{"taxonomy":"category","embeddable":true,"href":"https:\/\/ledenonciateur224.com\/index.php\/wp-json\/wp\/v2\/categories?post=2128"},{"taxonomy":"post_tag","embeddable":true,"href":"https:\/\/ledenonciateur224.com\/index.php\/wp-json\/wp\/v2\/tags?post=2128"}],"curies":[{"name":"wp","href":"https:\/\/api.w.org\/{rel}","templated":true}]}}