{"id":2131,"date":"2025-03-29T20:15:47","date_gmt":"2025-03-29T20:15:47","guid":{"rendered":"https:\/\/ledenonciateur224.com\/?p=2131"},"modified":"2025-03-29T20:37:37","modified_gmt":"2025-03-29T20:37:37","slug":"celebration-officielle-de-la-fete-de-ramadan-en-guinee","status":"publish","type":"post","link":"https:\/\/ledenonciateur224.com\/index.php\/celebration-officielle-de-la-fete-de-ramadan-en-guinee\/","title":{"rendered":"C\u00e9l\u00e9bration officielle de la f\u00eate de Ramadan en Guin\u00e9e"},"content":{"rendered":"<p>Les musulmans de Guin\u00e9e c\u00e9l\u00e9breront la f\u00eate de Ramadan ce dimanche 30 mars 2025, comme l&rsquo;a officiellement annonc\u00e9 le secr\u00e9tariat g\u00e9n\u00e9ral des affaires religieuses. Cette information a \u00e9t\u00e9 confirm\u00e9e par les autorit\u00e9s comp\u00e9tentes, qui ont pr\u00e9cis\u00e9 que les festivit\u00e9s auront lieu sur l&rsquo;ensemble du territoire guin\u00e9en.<\/p>\n<p>&nbsp;<\/p>\n<p>Ledenonciateur224.com<\/p>\n","protected":false},"excerpt":{"rendered":"<p>Les musulmans de Guin\u00e9e c\u00e9l\u00e9breront la f\u00eate de Ramadan ce dimanche 30 mars 2025, comme l&rsquo;a officiellement annonc\u00e9 le secr\u00e9tariat g\u00e9n\u00e9ral des affaires religieuses. Cette information a \u00e9t\u00e9 confirm\u00e9e par les autorit\u00e9s comp\u00e9tentes, qui ont pr\u00e9cis\u00e9 que les festivit\u00e9s auront lieu sur l&rsquo;ensemble du territoire guin\u00e9en. &nbsp; Ledenonciateur224.com<\/p>\n","protected":false},"author":2,"featured_media":2089,"comment_status":"open","ping_status":"open","sticky":false,"template":"","format":"standard","meta":{"_jetpack_memberships_contains_paid_content":false,"footnotes":"","jetpack_publicize_message":"","jetpack_publicize_feature_enabled":true,"jetpack_social_post_already_shared":true,"jetpack_social_options":{"image_generator_settings":{"template":"highway","default_image_id":0,"font":"","enabled":false},"version":2}},"categories":[30,24],"tags":[546,547,35],"class_list":{"0":"post-2131","1":"post","2":"type-post","3":"status-publish","4":"format-standard","5":"has-post-thumbnail","7":"category-faits-divers","8":"category-news","9":"tag-fete-de-ramadan","10":"tag-fideles-musulmans","11":"tag-guinee"},"jetpack_publicize_connections":[],"jetpack_featured_media_url":"https:\/\/ledenonciateur224.com\/wp-content\/uploads\/2025\/03\/mos-768x576-1.jpg","jetpack_sharing_enabled":true,"_links":{"self":[{"href":"https:\/\/ledenonciateur224.com\/index.php\/wp-json\/wp\/v2\/posts\/2131","targetHints":{"allow":["GET"]}}],"collection":[{"href":"https:\/\/ledenonciateur224.com\/index.php\/wp-json\/wp\/v2\/posts"}],"about":[{"href":"https:\/\/ledenonciateur224.com\/index.php\/wp-json\/wp\/v2\/types\/post"}],"author":[{"embeddable":true,"href":"https:\/\/ledenonciateur224.com\/index.php\/wp-json\/wp\/v2\/users\/2"}],"replies":[{"embeddable":true,"href":"https:\/\/ledenonciateur224.com\/index.php\/wp-json\/wp\/v2\/comments?post=2131"}],"version-history":[{"count":0,"href":"https:\/\/ledenonciateur224.com\/index.php\/wp-json\/wp\/v2\/posts\/2131\/revisions"}],"wp:featuredmedia":[{"embeddable":true,"href":"https:\/\/ledenonciateur224.com\/index.php\/wp-json\/wp\/v2\/media\/2089"}],"wp:attachment":[{"href":"https:\/\/ledenonciateur224.com\/index.php\/wp-json\/wp\/v2\/media?parent=2131"}],"wp:term":[{"taxonomy":"category","embeddable":true,"href":"https:\/\/ledenonciateur224.com\/index.php\/wp-json\/wp\/v2\/categories?post=2131"},{"taxonomy":"post_tag","embeddable":true,"href":"https:\/\/ledenonciateur224.com\/index.php\/wp-json\/wp\/v2\/tags?post=2131"}],"curies":[{"name":"wp","href":"https:\/\/api.w.org\/{rel}","templated":true}]}}