{"id":2136,"date":"2025-03-29T23:35:32","date_gmt":"2025-03-29T23:35:32","guid":{"rendered":"https:\/\/ledenonciateur224.com\/?p=2136"},"modified":"2025-03-29T23:39:37","modified_gmt":"2025-03-29T23:39:37","slug":"liberation-de-moussa-dadis-camara-premieres-images-de-sa-sortie-apres-sa-grace-presidentielle-pour-raisons-de-sante","status":"publish","type":"post","link":"https:\/\/ledenonciateur224.com\/index.php\/liberation-de-moussa-dadis-camara-premieres-images-de-sa-sortie-apres-sa-grace-presidentielle-pour-raisons-de-sante\/","title":{"rendered":"Lib\u00e9ration de Moussa Dadis Camara : premi\u00e8res images de sa sortie apr\u00e8s sa gr\u00e2ce pr\u00e9sidentielle pour raisons de sant\u00e9"},"content":{"rendered":"<p>Dans la nuit du vendredi 28 au samedi 29 mars 2025, Moussa Dadis Camara, l&rsquo;ex-pr\u00e9sident de la junte militaire guin\u00e9enne, a retrouv\u00e9 la libert\u00e9 apr\u00e8s avoir b\u00e9n\u00e9fici\u00e9 d&rsquo;une gr\u00e2ce pr\u00e9sidentielle. Condamn\u00e9 \u00e0 20 ans de prison pour crimes contre l&rsquo;humanit\u00e9, il a \u00e9t\u00e9 lib\u00e9r\u00e9 suite \u00e0 un d\u00e9cret du pr\u00e9sident de la transition, le G\u00e9n\u00e9ral Mamadi Doumbouya. La sc\u00e8ne, immortalis\u00e9e par la radiot\u00e9l\u00e9vision guin\u00e9enne, a montr\u00e9 Dadis Camara escort\u00e9 par le ministre de la Justice, Yaya Kairaba Kaba, ainsi que des policiers et des gardes, en quittant la prison de Conakry.<\/p>\n<p><img loading=\"lazy\" decoding=\"async\" class=\"alignnone size-full wp-image-2139\" src=\"https:\/\/ledenonciateur224.com\/wp-content\/uploads\/2025\/03\/fb-img-1743291482863.jpg\" alt=\"\" width=\"720\" height=\"350\" srcset=\"https:\/\/ledenonciateur224.com\/wp-content\/uploads\/2025\/03\/fb-img-1743291482863.jpg 720w, https:\/\/ledenonciateur224.com\/wp-content\/uploads\/2025\/03\/fb-img-1743291482863-300x146.jpg 300w, https:\/\/ledenonciateur224.com\/wp-content\/uploads\/2025\/03\/fb-img-1743291482863-150x73.jpg 150w, https:\/\/ledenonciateur224.com\/wp-content\/uploads\/2025\/03\/fb-img-1743291482863-696x338.jpg 696w\" sizes=\"auto, (max-width: 720px) 100vw, 720px\" \/><\/p>\n<p>Le garde des sceaux a pr\u00e9cis\u00e9 que cette d\u00e9cision marque le retour \u00e0 la libert\u00e9 totale pour l&rsquo;ex-leader militaire, soulignant que cet acte vise \u00e0 promouvoir la r\u00e9conciliation nationale et r\u00e9pondre \u00e0 un besoin de justice sociale.<\/p>\n<p><img loading=\"lazy\" decoding=\"async\" class=\"alignnone size-full wp-image-2141\" src=\"https:\/\/ledenonciateur224.com\/wp-content\/uploads\/2025\/03\/fb-img-1743291473384.jpg\" alt=\"\" width=\"720\" height=\"347\" srcset=\"https:\/\/ledenonciateur224.com\/wp-content\/uploads\/2025\/03\/fb-img-1743291473384.jpg 720w, https:\/\/ledenonciateur224.com\/wp-content\/uploads\/2025\/03\/fb-img-1743291473384-300x145.jpg 300w, https:\/\/ledenonciateur224.com\/wp-content\/uploads\/2025\/03\/fb-img-1743291473384-150x72.jpg 150w, https:\/\/ledenonciateur224.com\/wp-content\/uploads\/2025\/03\/fb-img-1743291473384-696x335.jpg 696w\" sizes=\"auto, (max-width: 720px) 100vw, 720px\" \/><\/p>\n<p>Le d\u00e9nouement de cette affaire intervient apr\u00e8s une longue p\u00e9riode de tensions et d&rsquo;attentes autour de la question de sa lib\u00e9ration.<\/p>\n<p>Mohamed A Camara<\/p>\n","protected":false},"excerpt":{"rendered":"<p>Dans la nuit du vendredi 28 au samedi 29 mars 2025, Moussa Dadis Camara, l&rsquo;ex-pr\u00e9sident de la junte militaire guin\u00e9enne, a retrouv\u00e9 la libert\u00e9 apr\u00e8s avoir b\u00e9n\u00e9fici\u00e9 d&rsquo;une gr\u00e2ce pr\u00e9sidentielle. Condamn\u00e9 \u00e0 20 ans de prison pour crimes contre l&rsquo;humanit\u00e9, il a \u00e9t\u00e9 lib\u00e9r\u00e9 suite \u00e0 un d\u00e9cret du pr\u00e9sident de la transition, le G\u00e9n\u00e9ral [&hellip;]<\/p>\n","protected":false},"author":2,"featured_media":2137,"comment_status":"open","ping_status":"open","sticky":false,"template":"","format":"standard","meta":{"_jetpack_memberships_contains_paid_content":false,"footnotes":"","jetpack_publicize_message":"","jetpack_publicize_feature_enabled":true,"jetpack_social_post_already_shared":true,"jetpack_social_options":{"image_generator_settings":{"template":"highway","default_image_id":0,"font":"","enabled":false},"version":2}},"categories":[30,24],"tags":[558,160],"class_list":{"0":"post-2136","1":"post","2":"type-post","3":"status-publish","4":"format-standard","5":"has-post-thumbnail","7":"category-faits-divers","8":"category-news","9":"tag-capitaine-moussa-dadis-camara","10":"tag-maison-centrale"},"jetpack_publicize_connections":[],"jetpack_featured_media_url":"https:\/\/ledenonciateur224.com\/wp-content\/uploads\/2025\/03\/videocapture-20250329-212101.jpg","jetpack_sharing_enabled":true,"_links":{"self":[{"href":"https:\/\/ledenonciateur224.com\/index.php\/wp-json\/wp\/v2\/posts\/2136","targetHints":{"allow":["GET"]}}],"collection":[{"href":"https:\/\/ledenonciateur224.com\/index.php\/wp-json\/wp\/v2\/posts"}],"about":[{"href":"https:\/\/ledenonciateur224.com\/index.php\/wp-json\/wp\/v2\/types\/post"}],"author":[{"embeddable":true,"href":"https:\/\/ledenonciateur224.com\/index.php\/wp-json\/wp\/v2\/users\/2"}],"replies":[{"embeddable":true,"href":"https:\/\/ledenonciateur224.com\/index.php\/wp-json\/wp\/v2\/comments?post=2136"}],"version-history":[{"count":0,"href":"https:\/\/ledenonciateur224.com\/index.php\/wp-json\/wp\/v2\/posts\/2136\/revisions"}],"wp:featuredmedia":[{"embeddable":true,"href":"https:\/\/ledenonciateur224.com\/index.php\/wp-json\/wp\/v2\/media\/2137"}],"wp:attachment":[{"href":"https:\/\/ledenonciateur224.com\/index.php\/wp-json\/wp\/v2\/media?parent=2136"}],"wp:term":[{"taxonomy":"category","embeddable":true,"href":"https:\/\/ledenonciateur224.com\/index.php\/wp-json\/wp\/v2\/categories?post=2136"},{"taxonomy":"post_tag","embeddable":true,"href":"https:\/\/ledenonciateur224.com\/index.php\/wp-json\/wp\/v2\/tags?post=2136"}],"curies":[{"name":"wp","href":"https:\/\/api.w.org\/{rel}","templated":true}]}}