{"id":2143,"date":"2025-03-30T13:07:28","date_gmt":"2025-03-30T13:07:28","guid":{"rendered":"https:\/\/ledenonciateur224.com\/?p=2143"},"modified":"2025-03-30T13:08:15","modified_gmt":"2025-03-30T13:08:15","slug":"fete-de-ramadan-limam-elhadj-ousmane-sylla-prone-la-paix-et-la-reconciliation","status":"publish","type":"post","link":"https:\/\/ledenonciateur224.com\/index.php\/fete-de-ramadan-limam-elhadj-ousmane-sylla-prone-la-paix-et-la-reconciliation\/","title":{"rendered":"F\u00eate de Ramadan : L&rsquo;Imam Elhadj Ousmane Sylla pr\u00f4ne la paix et la r\u00e9conciliation"},"content":{"rendered":"<p>Les fid\u00e8les musulmans de Guin\u00e9e ont c\u00e9l\u00e9br\u00e9 ce dimanche 31 mars 2025 l&rsquo;A\u00efd El-Fitr, marquant la fin du mois sacr\u00e9 de Ramadan. Partout \u00e0 travers le pays, cette grande f\u00eate religieuse a r\u00e9uni des milliers de musulmans, venus prier et partager un moment de fraternit\u00e9, d\u2019unit\u00e9 et de gratitude.<\/p>\n<p><img loading=\"lazy\" decoding=\"async\" class=\"alignnone size-full wp-image-2145\" src=\"https:\/\/ledenonciateur224.com\/wp-content\/uploads\/2025\/03\/20250330-102403-scaled.jpg\" alt=\"\" width=\"2560\" height=\"1440\" srcset=\"https:\/\/ledenonciateur224.com\/wp-content\/uploads\/2025\/03\/20250330-102403-scaled.jpg 2560w, https:\/\/ledenonciateur224.com\/wp-content\/uploads\/2025\/03\/20250330-102403-300x169.jpg 300w, https:\/\/ledenonciateur224.com\/wp-content\/uploads\/2025\/03\/20250330-102403-1024x576.jpg 1024w, https:\/\/ledenonciateur224.com\/wp-content\/uploads\/2025\/03\/20250330-102403-768x432.jpg 768w, https:\/\/ledenonciateur224.com\/wp-content\/uploads\/2025\/03\/20250330-102403-1536x864.jpg 1536w, https:\/\/ledenonciateur224.com\/wp-content\/uploads\/2025\/03\/20250330-102403-2048x1152.jpg 2048w, https:\/\/ledenonciateur224.com\/wp-content\/uploads\/2025\/03\/20250330-102403-150x84.jpg 150w, https:\/\/ledenonciateur224.com\/wp-content\/uploads\/2025\/03\/20250330-102403-696x392.jpg 696w, https:\/\/ledenonciateur224.com\/wp-content\/uploads\/2025\/03\/20250330-102403-1068x601.jpg 1068w, https:\/\/ledenonciateur224.com\/wp-content\/uploads\/2025\/03\/20250330-102403-1920x1080.jpg 1920w, https:\/\/ledenonciateur224.com\/wp-content\/uploads\/2025\/03\/20250330-102403-747x420.jpg 747w\" sizes=\"auto, (max-width: 2560px) 100vw, 2560px\" \/><\/p>\n<p>Apr\u00e8s un mois de je\u00fbne et de d\u00e9votion, les Guin\u00e9ens, dans le respect des traditions, se sont rassembl\u00e9s t\u00f4t ce matin pour accomplir la pri\u00e8re de l&rsquo;A\u00efd, un acte religieux symbolisant la fin d&rsquo;un mois de sacrifices, de pri\u00e8res et de m\u00e9ditations spirituelles. Ces moments de pri\u00e8re collective ont \u00e9t\u00e9 l\u2019occasion pour les musulmans de renforcer leur foi, de se purifier spirituellement et de rendre gr\u00e2ce \u00e0 Dieu pour les b\u00e9n\u00e9dictions re\u00e7ues.<\/p>\n<p><img loading=\"lazy\" decoding=\"async\" class=\"alignnone size-full wp-image-2146\" src=\"https:\/\/ledenonciateur224.com\/wp-content\/uploads\/2025\/03\/20250330-090305-scaled.jpg\" alt=\"\" width=\"2560\" height=\"1440\" srcset=\"https:\/\/ledenonciateur224.com\/wp-content\/uploads\/2025\/03\/20250330-090305-scaled.jpg 2560w, https:\/\/ledenonciateur224.com\/wp-content\/uploads\/2025\/03\/20250330-090305-300x169.jpg 300w, https:\/\/ledenonciateur224.com\/wp-content\/uploads\/2025\/03\/20250330-090305-1024x576.jpg 1024w, https:\/\/ledenonciateur224.com\/wp-content\/uploads\/2025\/03\/20250330-090305-768x432.jpg 768w, https:\/\/ledenonciateur224.com\/wp-content\/uploads\/2025\/03\/20250330-090305-1536x864.jpg 1536w, https:\/\/ledenonciateur224.com\/wp-content\/uploads\/2025\/03\/20250330-090305-2048x1152.jpg 2048w, https:\/\/ledenonciateur224.com\/wp-content\/uploads\/2025\/03\/20250330-090305-150x84.jpg 150w, https:\/\/ledenonciateur224.com\/wp-content\/uploads\/2025\/03\/20250330-090305-696x392.jpg 696w, https:\/\/ledenonciateur224.com\/wp-content\/uploads\/2025\/03\/20250330-090305-1068x601.jpg 1068w, https:\/\/ledenonciateur224.com\/wp-content\/uploads\/2025\/03\/20250330-090305-1920x1080.jpg 1920w, https:\/\/ledenonciateur224.com\/wp-content\/uploads\/2025\/03\/20250330-090305-747x420.jpg 747w\" sizes=\"auto, (max-width: 2560px) 100vw, 2560px\" \/><\/p>\n<p>\u00c0 Conakry, au lyc\u00e9e Ahmed S\u00e9kou Tour\u00e9 de l\u2019Aviation, c\u2019est l\u2019Imam Elhadj Ousmane Sylla qui a dirig\u00e9 la pri\u00e8re de l\u2019A\u00efd devant une foule nombreuse de fid\u00e8les. Dans son sermon, l\u2019Imam Elhadj Ousmane Sylla a pris la parole pour transmettre des messages forts de paix, de coh\u00e9sion et de r\u00e9conciliation nationale. Il a soulign\u00e9 l&rsquo;importance de cultiver l&rsquo;unit\u00e9 et de travailler ensemble pour le bien-\u00eatre commun, particuli\u00e8rement dans un contexte o\u00f9 les d\u00e9fis sociaux et politiques demeurent importants.<\/p>\n<p>L&rsquo;Imam a ainsi appel\u00e9 les musulmans \u00e0 \u0153uvrer pour la r\u00e9conciliation entre les diff\u00e9rents groupes et \u00e0 respecter les autorit\u00e9s du pays, y compris les chefs d&rsquo;\u00c9tat, ainsi que toutes les institutions. Selon lui, la construction d&rsquo;une nation forte et prosp\u00e8re repose sur le respect mutuel, la solidarit\u00e9 et le pardon. \u00ab La paix ne se construit pas dans la division, mais dans l\u2019unit\u00e9 et l\u2019acceptation des diff\u00e9rences \u00bb, a-t-il affirm\u00e9, invitant les fid\u00e8les \u00e0 laisser derri\u00e8re eux les ranc\u0153urs et \u00e0 \u0153uvrer ensemble pour le d\u00e9veloppement et le progr\u00e8s du pays.<\/p>\n<p>L\u2019Imam a \u00e9galement insist\u00e9 sur la n\u00e9cessit\u00e9 de renforcer les liens entre les citoyens, d\u2019apporter de l\u2019aide \u00e0 ceux dans le besoin, et de ne pas oublier les valeurs profondes du Ramadan, telles que la charit\u00e9, l&rsquo;humilit\u00e9 et la g\u00e9n\u00e9rosit\u00e9. Il a encourag\u00e9 les musulmans \u00e0 poursuivre ces vertus apr\u00e8s le mois de je\u00fbne, afin de maintenir l&rsquo;esprit de solidarit\u00e9 qui caract\u00e9rise ce mois sacr\u00e9.<\/p>\n<p><img loading=\"lazy\" decoding=\"async\" class=\"alignnone size-full wp-image-2147\" src=\"https:\/\/ledenonciateur224.com\/wp-content\/uploads\/2025\/03\/20250330-090249-scaled.jpg\" alt=\"\" width=\"2560\" height=\"1440\" srcset=\"https:\/\/ledenonciateur224.com\/wp-content\/uploads\/2025\/03\/20250330-090249-scaled.jpg 2560w, https:\/\/ledenonciateur224.com\/wp-content\/uploads\/2025\/03\/20250330-090249-300x169.jpg 300w, https:\/\/ledenonciateur224.com\/wp-content\/uploads\/2025\/03\/20250330-090249-1024x576.jpg 1024w, https:\/\/ledenonciateur224.com\/wp-content\/uploads\/2025\/03\/20250330-090249-768x432.jpg 768w, https:\/\/ledenonciateur224.com\/wp-content\/uploads\/2025\/03\/20250330-090249-1536x864.jpg 1536w, https:\/\/ledenonciateur224.com\/wp-content\/uploads\/2025\/03\/20250330-090249-2048x1152.jpg 2048w, https:\/\/ledenonciateur224.com\/wp-content\/uploads\/2025\/03\/20250330-090249-150x84.jpg 150w, https:\/\/ledenonciateur224.com\/wp-content\/uploads\/2025\/03\/20250330-090249-696x392.jpg 696w, https:\/\/ledenonciateur224.com\/wp-content\/uploads\/2025\/03\/20250330-090249-1068x601.jpg 1068w, https:\/\/ledenonciateur224.com\/wp-content\/uploads\/2025\/03\/20250330-090249-1920x1080.jpg 1920w, https:\/\/ledenonciateur224.com\/wp-content\/uploads\/2025\/03\/20250330-090249-747x420.jpg 747w\" sizes=\"auto, (max-width: 2560px) 100vw, 2560px\" \/><\/p>\n<p>Au-del\u00e0 du c\u00f4t\u00e9 religieux, cette c\u00e9l\u00e9bration de l&rsquo;A\u00efd El-Fitr a \u00e9galement \u00e9t\u00e9 un moment de rassemblement social, o\u00f9 les familles, les voisins et les amis se sont retrouv\u00e9s pour partager des repas, \u00e9changer des v\u0153ux de bonheur et de prosp\u00e9rit\u00e9, et renforcer les liens communautaires. C\u2019est une v\u00e9ritable occasion de promouvoir la tol\u00e9rance et l\u2019unit\u00e9, des valeurs essentielles pour le vivre-ensemble dans la diversit\u00e9 de la Guin\u00e9e.<\/p>\n<p>En somme, cette f\u00eate de l&rsquo;A\u00efd El-Fitr, marqu\u00e9e par les messages de paix et de r\u00e9conciliation de l\u2019Imam Elhadj Ousmane Sylla, a \u00e9t\u00e9 une c\u00e9l\u00e9bration empreinte de spiritualit\u00e9 et de fraternit\u00e9. Il a rappel\u00e9 \u00e0 tous l\u2019importance de l\u2019unit\u00e9, du pardon et du respect mutuel, des principes cl\u00e9s pour construire une soci\u00e9t\u00e9 guin\u00e9enne plus forte et plus solidaire.<\/p>\n<p>Aboubacar Moussa Camara<\/p>\n<p>622 42 41 87<\/p>\n","protected":false},"excerpt":{"rendered":"<p>Les fid\u00e8les musulmans de Guin\u00e9e ont c\u00e9l\u00e9br\u00e9 ce dimanche 31 mars 2025 l&rsquo;A\u00efd El-Fitr, marquant la fin du mois sacr\u00e9 de Ramadan. Partout \u00e0 travers le pays, cette grande f\u00eate religieuse a r\u00e9uni des milliers de musulmans, venus prier et partager un moment de fraternit\u00e9, d\u2019unit\u00e9 et de gratitude. Apr\u00e8s un mois de je\u00fbne et [&hellip;]<\/p>\n","protected":false},"author":2,"featured_media":2144,"comment_status":"open","ping_status":"open","sticky":false,"template":"","format":"standard","meta":{"_jetpack_memberships_contains_paid_content":false,"footnotes":"","jetpack_publicize_message":"","jetpack_publicize_feature_enabled":true,"jetpack_social_post_already_shared":true,"jetpack_social_options":{"image_generator_settings":{"template":"highway","default_image_id":0,"font":"","enabled":false},"version":2}},"categories":[30,24],"tags":[565,546,36],"class_list":{"0":"post-2143","1":"post","2":"type-post","3":"status-publish","4":"format-standard","5":"has-post-thumbnail","7":"category-faits-divers","8":"category-news","9":"tag-elhadj-ousmane-sylla","10":"tag-fete-de-ramadan","11":"tag-conakry"},"jetpack_publicize_connections":[],"jetpack_featured_media_url":"https:\/\/ledenonciateur224.com\/wp-content\/uploads\/2025\/03\/20250330-095808-scaled.jpg","jetpack_sharing_enabled":true,"_links":{"self":[{"href":"https:\/\/ledenonciateur224.com\/index.php\/wp-json\/wp\/v2\/posts\/2143","targetHints":{"allow":["GET"]}}],"collection":[{"href":"https:\/\/ledenonciateur224.com\/index.php\/wp-json\/wp\/v2\/posts"}],"about":[{"href":"https:\/\/ledenonciateur224.com\/index.php\/wp-json\/wp\/v2\/types\/post"}],"author":[{"embeddable":true,"href":"https:\/\/ledenonciateur224.com\/index.php\/wp-json\/wp\/v2\/users\/2"}],"replies":[{"embeddable":true,"href":"https:\/\/ledenonciateur224.com\/index.php\/wp-json\/wp\/v2\/comments?post=2143"}],"version-history":[{"count":0,"href":"https:\/\/ledenonciateur224.com\/index.php\/wp-json\/wp\/v2\/posts\/2143\/revisions"}],"wp:featuredmedia":[{"embeddable":true,"href":"https:\/\/ledenonciateur224.com\/index.php\/wp-json\/wp\/v2\/media\/2144"}],"wp:attachment":[{"href":"https:\/\/ledenonciateur224.com\/index.php\/wp-json\/wp\/v2\/media?parent=2143"}],"wp:term":[{"taxonomy":"category","embeddable":true,"href":"https:\/\/ledenonciateur224.com\/index.php\/wp-json\/wp\/v2\/categories?post=2143"},{"taxonomy":"post_tag","embeddable":true,"href":"https:\/\/ledenonciateur224.com\/index.php\/wp-json\/wp\/v2\/tags?post=2143"}],"curies":[{"name":"wp","href":"https:\/\/api.w.org\/{rel}","templated":true}]}}