{"id":2159,"date":"2025-03-31T11:40:34","date_gmt":"2025-03-31T11:40:34","guid":{"rendered":"https:\/\/ledenonciateur224.com\/?p=2159"},"modified":"2025-03-31T11:40:34","modified_gmt":"2025-03-31T11:40:34","slug":"grace-a-moussa-dadis-camara-une-decision-choquante-qui-declenche-lindignation-nationale-et-internationale","status":"publish","type":"post","link":"https:\/\/ledenonciateur224.com\/index.php\/grace-a-moussa-dadis-camara-une-decision-choquante-qui-declenche-lindignation-nationale-et-internationale\/","title":{"rendered":"Gr\u00e2ce \u00e0 Moussa Dadis Camara : Une d\u00e9cision choquante qui d\u00e9clenche l&rsquo;indignation nationale et internationale"},"content":{"rendered":"<p>La gr\u00e2ce accord\u00e9e \u00e0 Moussa Dadis Camara, ancien pr\u00e9sident guin\u00e9en et condamn\u00e9 \u00e0 vingt ans de prison pour crimes contre l&rsquo;humanit\u00e9 en raison de son r\u00f4le dans le massacre du 28 septembre 2009, continue de provoquer des remous en Guin\u00e9e et au-del\u00e0. La d\u00e9cision du pr\u00e9sident Mamadi Doumbouya est qualifi\u00e9e de \u00ab choc \u00bb par Human Rights Watch, qui exprime son incompr\u00e9hension face \u00e0 ce geste controvers\u00e9, suscitant ainsi une vague d&rsquo;indignation tant au niveau local qu&rsquo;international.<\/p>\n<p>\u00ab\u00a0<em>La gr\u00e2ce accord\u00e9e par le pr\u00e9sident Doumbouya \u00e0 l\u2019ancien pr\u00e9sident autoproclam\u00e9 Dadis Camara est un choc, moins d\u2019un an apr\u00e8s le verdict de juillet le condamnant pour crimes contre l\u2019humanit\u00e9 et alors qu\u2019une proc\u00e9dure en appel est toujours en cours<\/em>\u00ab\u00a0, a d\u00e9clar\u00e9 Tamara Aburamadan, conseill\u00e8re en justice internationale \u00e0 Human Rights Watch.<\/p>\n<p>L\u2019organisation internationale de d\u00e9fense des droits humains rappelle que les victimes attendent depuis quinze ans que les principaux responsables du massacre de 2009, -au cours duquel plus de 150 personnes ont \u00e9t\u00e9 tu\u00e9es et des dizaines d\u2019autres viol\u00e9es \u2013 r\u00e9pondent de leurs crimes.<\/p>\n<p>\u00ab\u00a0<em>Sa condamnation l\u2019ann\u00e9e derni\u00e8re a \u00e9t\u00e9 salu\u00e9e par de nombreuses victimes qui y ont vu au moins une certaine forme de justice<\/em>\u00a0\u00bb, observe Tamara Aburamadan.<\/p>\n<p>Les tueries de 2009 survenues en Guin\u00e9e est l\u2019un des \u00ab\u00a0pires incidents de l\u2019histoire de la Guin\u00e9e\u00a0\u00bb, selon HRW. Graci\u00e9 pour \u00ab\u00a0raison de sant\u00e9\u00a0\u00bb, Moussa Dadis Camara a quitt\u00e9 la prison. Hier le garde des sceaux, Yaya Kairaba Kaba qu\u2019il retrouve \u00ab\u00a0toute sa libert\u00e9 et sa pleine libert\u00e9\u00a0\u00bb.<\/p>\n<p>L\u2019organisation souligne qu\u2019en vertu du droit international relatif aux droits humains, \u00ab\u00a0<em>la gr\u00e2ce peut \u00eatre accord\u00e9e \u00e0 condition qu\u2019il n\u2019y ait pas de traitement sp\u00e9cial<\/em>\u00a0\u00bb et que sa \u00ab\u00a0<em>lib\u00e9ration soit le r\u00e9sultat d\u2019une d\u00e9termination m\u00e9dicale ind\u00e9pendante, compl\u00e8te et concluante \u00e9tablissant la gravit\u00e9 de son \u00e9tat de sant\u00e9\u00a0<\/em>\u00bb.<\/p>\n<p>Gr\u00e2ce pr\u00e9matur\u00e9e<\/p>\n<p>\u00ab\u00a0<em>La gr\u00e2ce pourrait ici \u200b\u00e9galement \u00eatre pr\u00e9matur\u00e9e en vertu du droit guin\u00e9en \u00e9tant donn\u00e9 l\u2019appel en cours. La gr\u00e2ce de Dadis Camara est un acte discr\u00e9tionnaire en vertu du droit guin\u00e9en et peut et doit faire l\u2019objet d\u2019un examen judiciaire par une cour de justice en Guin\u00e9e<\/em>\u00ab\u00a0, indique Tamara Aburamadan, dans une note de Human Rights Watch, parvenue \u00e0 notre r\u00e9daction.<\/p>\n<p>Ledenonciateur224.com<\/p>\n","protected":false},"excerpt":{"rendered":"<p>La gr\u00e2ce accord\u00e9e \u00e0 Moussa Dadis Camara, ancien pr\u00e9sident guin\u00e9en et condamn\u00e9 \u00e0 vingt ans de prison pour crimes contre l&rsquo;humanit\u00e9 en raison de son r\u00f4le dans le massacre du 28 septembre 2009, continue de provoquer des remous en Guin\u00e9e et au-del\u00e0. La d\u00e9cision du pr\u00e9sident Mamadi Doumbouya est qualifi\u00e9e de \u00ab choc \u00bb par [&hellip;]<\/p>\n","protected":false},"author":2,"featured_media":2160,"comment_status":"open","ping_status":"open","sticky":false,"template":"","format":"standard","meta":{"_jetpack_memberships_contains_paid_content":false,"footnotes":"","jetpack_publicize_message":"","jetpack_publicize_feature_enabled":true,"jetpack_social_post_already_shared":true,"jetpack_social_options":{"image_generator_settings":{"template":"highway","default_image_id":0,"font":"","enabled":false},"version":2}},"categories":[30,24],"tags":[569,568],"class_list":{"0":"post-2159","1":"post","2":"type-post","3":"status-publish","4":"format-standard","5":"has-post-thumbnail","7":"category-faits-divers","8":"category-news","9":"tag-dadis-camara","10":"tag-human-rights-watch"},"jetpack_publicize_connections":[],"jetpack_featured_media_url":"https:\/\/ledenonciateur224.com\/wp-content\/uploads\/2025\/03\/camara-dadis-1024x576-1.jpg","jetpack_sharing_enabled":true,"_links":{"self":[{"href":"https:\/\/ledenonciateur224.com\/index.php\/wp-json\/wp\/v2\/posts\/2159","targetHints":{"allow":["GET"]}}],"collection":[{"href":"https:\/\/ledenonciateur224.com\/index.php\/wp-json\/wp\/v2\/posts"}],"about":[{"href":"https:\/\/ledenonciateur224.com\/index.php\/wp-json\/wp\/v2\/types\/post"}],"author":[{"embeddable":true,"href":"https:\/\/ledenonciateur224.com\/index.php\/wp-json\/wp\/v2\/users\/2"}],"replies":[{"embeddable":true,"href":"https:\/\/ledenonciateur224.com\/index.php\/wp-json\/wp\/v2\/comments?post=2159"}],"version-history":[{"count":0,"href":"https:\/\/ledenonciateur224.com\/index.php\/wp-json\/wp\/v2\/posts\/2159\/revisions"}],"wp:featuredmedia":[{"embeddable":true,"href":"https:\/\/ledenonciateur224.com\/index.php\/wp-json\/wp\/v2\/media\/2160"}],"wp:attachment":[{"href":"https:\/\/ledenonciateur224.com\/index.php\/wp-json\/wp\/v2\/media?parent=2159"}],"wp:term":[{"taxonomy":"category","embeddable":true,"href":"https:\/\/ledenonciateur224.com\/index.php\/wp-json\/wp\/v2\/categories?post=2159"},{"taxonomy":"post_tag","embeddable":true,"href":"https:\/\/ledenonciateur224.com\/index.php\/wp-json\/wp\/v2\/tags?post=2159"}],"curies":[{"name":"wp","href":"https:\/\/api.w.org\/{rel}","templated":true}]}}