{"id":2167,"date":"2025-03-31T15:25:50","date_gmt":"2025-03-31T15:25:50","guid":{"rendered":"https:\/\/ledenonciateur224.com\/?p=2167"},"modified":"2025-03-31T15:25:50","modified_gmt":"2025-03-31T15:25:50","slug":"kouremale-arrestation-de-29-personnes-pour-avoir-organise-une-priere-de-laid-el-fitr-en-violation-des-directives-officielles","status":"publish","type":"post","link":"https:\/\/ledenonciateur224.com\/index.php\/kouremale-arrestation-de-29-personnes-pour-avoir-organise-une-priere-de-laid-el-fitr-en-violation-des-directives-officielles\/","title":{"rendered":"Kour\u00e9mal\u00e9 : Arrestation de 29 personnes pour avoir organis\u00e9 une pri\u00e8re de l\u2019A\u00efd El Fitr en violation des directives officielles"},"content":{"rendered":"<p>Dans la matin\u00e9e du lundi 31 mars 2025, 29 personnes, dont 4 femmes, ont \u00e9t\u00e9 arr\u00eat\u00e9es \u00e0 Kour\u00e9mal\u00e9 pour avoir organis\u00e9 une pri\u00e8re de l\u2019A\u00efd al-Fitr, malgr\u00e9 la date officielle de c\u00e9l\u00e9bration fix\u00e9e au dimanche 30 mars par les autorit\u00e9s religieuses. Le rassemblement, qui s\u2019est tenu pr\u00e8s du grand march\u00e9 de la ville, a attir\u00e9 l&rsquo;attention des riverains et provoqu\u00e9 l&rsquo;intervention des autorit\u00e9s locales. Craignant des troubles \u00e0 l\u2019ordre public, la police et la gendarmerie ont dispers\u00e9 les fid\u00e8les avant de proc\u00e9der aux arrestations. Les personnes interpell\u00e9es ont \u00e9t\u00e9 rapidement transf\u00e9r\u00e9es \u00e0 Siguiri pour \u00eatre entendues par les autorit\u00e9s comp\u00e9tentes.<\/p>\n<p><img loading=\"lazy\" decoding=\"async\" class=\"alignnone size-full wp-image-2168\" src=\"https:\/\/ledenonciateur224.com\/wp-content\/uploads\/2025\/03\/fb-img-1743429784298-696x321-1.jpg\" alt=\"\" width=\"696\" height=\"321\" srcset=\"https:\/\/ledenonciateur224.com\/wp-content\/uploads\/2025\/03\/fb-img-1743429784298-696x321-1.jpg 696w, https:\/\/ledenonciateur224.com\/wp-content\/uploads\/2025\/03\/fb-img-1743429784298-696x321-1-300x138.jpg 300w, https:\/\/ledenonciateur224.com\/wp-content\/uploads\/2025\/03\/fb-img-1743429784298-696x321-1-150x69.jpg 150w\" sizes=\"auto, (max-width: 696px) 100vw, 696px\" \/><\/p>\n<p>Cet incident soul\u00e8ve d&rsquo;importantes interrogations sur le respect des d\u00e9cisions religieuses et l&rsquo;autorit\u00e9 des institutions \u00e9tatiques dans la gestion des f\u00eates religieuses.<\/p>\n","protected":false},"excerpt":{"rendered":"<p>Dans la matin\u00e9e du lundi 31 mars 2025, 29 personnes, dont 4 femmes, ont \u00e9t\u00e9 arr\u00eat\u00e9es \u00e0 Kour\u00e9mal\u00e9 pour avoir organis\u00e9 une pri\u00e8re de l\u2019A\u00efd al-Fitr, malgr\u00e9 la date officielle de c\u00e9l\u00e9bration fix\u00e9e au dimanche 30 mars par les autorit\u00e9s religieuses. Le rassemblement, qui s\u2019est tenu pr\u00e8s du grand march\u00e9 de la ville, a attir\u00e9 [&hellip;]<\/p>\n","protected":false},"author":2,"featured_media":2169,"comment_status":"open","ping_status":"open","sticky":false,"template":"","format":"standard","meta":{"_jetpack_memberships_contains_paid_content":false,"footnotes":"","jetpack_publicize_message":"","jetpack_publicize_feature_enabled":true,"jetpack_social_post_already_shared":true,"jetpack_social_options":{"image_generator_settings":{"template":"highway","default_image_id":0,"font":"","enabled":false},"version":2}},"categories":[30,24,33],"tags":[566,468],"class_list":{"0":"post-2167","1":"post","2":"type-post","3":"status-publish","4":"format-standard","5":"has-post-thumbnail","7":"category-faits-divers","8":"category-news","9":"category-region","10":"tag-fetes-de-ramadan","11":"tag-internationale-guinee"},"jetpack_publicize_connections":[],"jetpack_featured_media_url":"https:\/\/ledenonciateur224.com\/wp-content\/uploads\/2025\/03\/fb-img-1743429815025-696x321-1.jpg","jetpack_sharing_enabled":true,"_links":{"self":[{"href":"https:\/\/ledenonciateur224.com\/index.php\/wp-json\/wp\/v2\/posts\/2167","targetHints":{"allow":["GET"]}}],"collection":[{"href":"https:\/\/ledenonciateur224.com\/index.php\/wp-json\/wp\/v2\/posts"}],"about":[{"href":"https:\/\/ledenonciateur224.com\/index.php\/wp-json\/wp\/v2\/types\/post"}],"author":[{"embeddable":true,"href":"https:\/\/ledenonciateur224.com\/index.php\/wp-json\/wp\/v2\/users\/2"}],"replies":[{"embeddable":true,"href":"https:\/\/ledenonciateur224.com\/index.php\/wp-json\/wp\/v2\/comments?post=2167"}],"version-history":[{"count":0,"href":"https:\/\/ledenonciateur224.com\/index.php\/wp-json\/wp\/v2\/posts\/2167\/revisions"}],"wp:featuredmedia":[{"embeddable":true,"href":"https:\/\/ledenonciateur224.com\/index.php\/wp-json\/wp\/v2\/media\/2169"}],"wp:attachment":[{"href":"https:\/\/ledenonciateur224.com\/index.php\/wp-json\/wp\/v2\/media?parent=2167"}],"wp:term":[{"taxonomy":"category","embeddable":true,"href":"https:\/\/ledenonciateur224.com\/index.php\/wp-json\/wp\/v2\/categories?post=2167"},{"taxonomy":"post_tag","embeddable":true,"href":"https:\/\/ledenonciateur224.com\/index.php\/wp-json\/wp\/v2\/tags?post=2167"}],"curies":[{"name":"wp","href":"https:\/\/api.w.org\/{rel}","templated":true}]}}