{"id":2175,"date":"2025-04-01T11:43:40","date_gmt":"2025-04-01T11:43:40","guid":{"rendered":"https:\/\/ledenonciateur224.com\/?p=2175"},"modified":"2025-04-01T11:43:40","modified_gmt":"2025-04-01T11:43:40","slug":"liberation-de-moussa-dadis-camara-la-fidh-logdh-et-lavipa-denoncent-avec-fermete-cette-decision","status":"publish","type":"post","link":"https:\/\/ledenonciateur224.com\/index.php\/liberation-de-moussa-dadis-camara-la-fidh-logdh-et-lavipa-denoncent-avec-fermete-cette-decision\/","title":{"rendered":"Lib\u00e9ration de Moussa Dadis Camara : La FIDH, l&rsquo;OGDH et l&rsquo;AVIPA d\u00e9noncent avec fermet\u00e9 cette d\u00e9cision"},"content":{"rendered":"<p><strong>Le 28 mars, le g\u00e9n\u00e9ral Amara Camara, porte-parole de la pr\u00e9sidence de la R\u00e9publique de Guin\u00e9e, a annonc\u00e9 \u00e0 la t\u00e9l\u00e9vision nationale que le g\u00e9n\u00e9ral Mamadi Doumbouya avait accord\u00e9 une gr\u00e2ce pr\u00e9sidentielle \u00e0 Moussa Dadis Camara, invoquant des raisons de sant\u00e9. Le lendemain, l\u2019avocat de l&rsquo;ex-pr\u00e9sident a confirm\u00e9 sa lib\u00e9ration, pr\u00e9cisant que Dadis Camara avait quitt\u00e9 la maison centrale de Conakry dans la soir\u00e9e du 28 mars.<\/strong><\/p>\n<p>La FIDH, l\u2019OGDH et l\u2019AVIPA expriment leur profonde indignation et tr\u00e8s vive incompr\u00e9hension face \u00e0 une d\u00e9cision qui met en p\u00e9ril le processus de justice en cours au m\u00e9pris des victimes du massacre du 28 septembre 2009.<\/p>\n<div dir=\"auto\"><ins><\/p>\n<div><\/div>\n<p><\/ins><\/div>\n<p>La d\u00e9cision d\u2019accorder une gr\u00e2ce pr\u00e9sidentielle pour des crimes contre l\u2019humanit\u00e9 est en contradiction avec tous les engagements nationaux, r\u00e9gionaux et internationaux de la Guin\u00e9e.<\/p>\n<p>Paris, Conakry, 1er avril 2025.\u00a0Alors qu\u2019il avait \u00e9t\u00e9 condamn\u00e9 \u00e0 20 ans d\u2019emprisonnement pour crimes contre l\u2019humanit\u00e9 du fait de sa responsabilit\u00e9 dans le massacre du 28 septembre 2009, Moussa Dadis Camara a fait l\u2019objet d\u2019une gr\u00e2ce le vendredi 28 mars dernier. Le verdict, rendu le 31 juillet 2024, avait reconnu sa responsabilit\u00e9 directe, en sa qualit\u00e9 de Commandant en Chef des Forces Arm\u00e9es, dans le massacre du stade de Conakry. L\u2019ancien leader du Conseil national pour la d\u00e9mocratie et le d\u00e9veloppement (CNDD), junte ayant pris le pouvoir en d\u00e9cembre 2008, et pr\u00e9sident de la R\u00e9publique autoproclam\u00e9 le 24 d\u00e9cembre 2008, avait fait appel de sa condamnation en premi\u00e8re instance, \u00e0 l\u2019instar de nombre d\u2019autres parties au proc\u00e8s. Il restait donc, ainsi que les parties civiles, dans l\u2019attente de l\u2019ouverture de son proc\u00e8s en appel.<\/p>\n<p>\u00ab\u00a0<em>Cette gr\u00e2ce suscite une tr\u00e8s grande incompr\u00e9hension des parties civiles car elle interrompt de facto le processus de justice et appara\u00eet en totale contradiction avec les principes encadrant la s\u00e9paration des pouvoirs et la bonne administration de la justice.<\/em>\u00a0\u00bb, a d\u00e9clar\u00e9\u00a0Me Alpha Amadou DS Bah, pr\u00e9sident de l\u2019OGDH et avocat coordinateur du collectif d\u2019<a href=\"http:\/\/avocat.es\/\">avocat.es<\/a>\u00a0repr\u00e9sentant les parties civiles. \u00ab\u00a0<em>Les parties civiles sont choqu\u00e9es face aux raisons de sant\u00e9 invoqu\u00e9es pour justifier cette gr\u00e2ce pr\u00e9sidentielle. Il existe d\u2019autres dispositions l\u00e9gales permettant d\u2019accorder une prise en charge m\u00e9dicale dans le cadre de la d\u00e9tention, qu\u2019il s\u2019agisse de Monsieur Moussa Dadis Camara ou de tout autre d\u00e9tenu<\/em>.\u00a0\u00bb, a-t-il ajout\u00e9.<\/p>\n<div dir=\"auto\"><ins><\/p>\n<div><\/div>\n<p><\/ins><\/div>\n<p>\u00ab\u00a0<em>Pendant 22 mois, et malgr\u00e9 les difficult\u00e9s tout au long de ce proc\u00e8s hors normes, les victimes sont rest\u00e9es mobilis\u00e9es et ont gard\u00e9 l\u2019espoir de voir cette \u0153uvre de justice aller jusqu\u2019\u00e0 son terme pour r\u00e9tablir la v\u00e9rit\u00e9, leur rendre justice et r\u00e9paration<\/em>\u00a0\u00bb, a d\u00e9clar\u00e9\u00a0Asmaou Diallo, pr\u00e9sidente de l\u2019AVIPA. \u00ab\u00a0<em>Aujourd\u2019hui, les victimes apprennent, quasiment dans le m\u00eame temps, la prise en charge de leur indemnisation par le budget national et la gr\u00e2ce pr\u00e9sidentielle accord\u00e9e \u00e0 Moussa Dadis Camara. Ceci est indigne de la qu\u00eate de justice qu\u2019elles m\u00e8nent avec abn\u00e9gation pour qu\u2019enfin on puisse dire \u2018plus jamais \u00e7a\u2019 en Guin\u00e9<\/em>e\u00a0\u00bb, a-t-elle ajout\u00e9.<\/p>\n<p>\u00ab\u00a0<em>Cette gr\u00e2ce envoie un signal d\u00e9sastreux, d\u00e9montrant un m\u00e9pris pour les principes fondamentaux de justice, de responsabilit\u00e9 et de lutte contre l\u2019impunit\u00e9<\/em>\u00a0\u00bb, a d\u00e9clar\u00e9\u00a0Me Drissa Traor\u00e9, secr\u00e9taire g\u00e9n\u00e9ral de la FIDH et avocat membre du collectif repr\u00e9sentant les parties civiles. \u00ab\u00a0<em>La m\u00e9moire des victimes, le respect des droits humains et l\u2019exigence de v\u00e9rit\u00e9 ne peuvent \u00eatre sacrifi\u00e9s sur l\u2019autel des consid\u00e9rations politiques<\/em>\u00a0\u00bb.<\/p>\n<p>Le 28 septembre 2009, des manifestant\u00b7es pacifiques s\u2019\u00e9taient r\u00e9uni\u00b7es au grand stade de Conakry pour demander une transition d\u00e9mocratique et la tenue d\u2019\u00e9lections libres. Des agents des forces de d\u00e9fense et de s\u00e9curit\u00e9 guin\u00e9ennes, dont des membres de la garde pr\u00e9sidentielle, ont alors orchestr\u00e9 et commis un massacre, le jour m\u00eame et les suivants. Au moins 156 personnes ont \u00e9t\u00e9 tu\u00e9es, des dizaines port\u00e9es disparues. Plus d\u2019une centaine de femmes ont \u00e9t\u00e9 victimes de viols ou d\u2019autres formes de violences sexuelles y compris de mutilations sexuelles et d\u2019esclavage sexuel.<\/p>\n<div dir=\"auto\"><ins><\/p>\n<div><\/div>\n<p><\/ins><\/div>\n<p><a href=\"https:\/\/link.mediaoutreach.meltwater.com\/ls\/click?upn=u001.Au7WrJgCdAKK2fU7OhNYn5v-2FlP2ZQtV0iqfthsZey3HbI-2FsxDG3e4tyiWnC2zmXsaLyn3tM288TgTRd3goMcOUiucBcDaiUHDE8czIuGPHkAGDnVl2HpLWLomgsAhOzCdIhR1JIdWJGNhu0ha6ohHjQORcl26O1qzJ-2FyMZJVc6FPqY5QTf9pUULUH7bp2FCQqDqs_aqdiIqImY-2Br8gr1HD93ViKa1FZvU5aOzoFMikeelVva5VCeSet3OcSPzT-2FY7MsWbs1PJNwAtMNINW93-2B2bGk-2BwIYZsVhb1UKoJG3ZEeG5ZP84-2FC6ZqZKm-2B26WN6YfNISOHmYjkCQYrJyYIZFNU7lfFfLp6D9R4PGM9afjjqgh3mfhhck0G-2Ba6KlgtjNAnpluQcFqU5zqMsyeUR8FXSECkbn-2FeCup8MQyTItmaLlgdiYrMKqiXfyRKWTLUjns7pbQRyJeQ5MFZC1uaLnu1Rqwvm6tqJdqbslP2dcjmPD7h9-2FWBG8YLtKkuVAs48bN96BJX-2FCl6QzJxd4O9gNIrXEBdL-2FnynTr4DPi-2F9rcOzHMkVmCK6-2FDrtHzjppRuQGduFxT\">Apr\u00e8s 13 ans de combat pour la justice<\/a>\u00a0par les victimes et les organisations constitu\u00e9es parties civiles, le proc\u00e8s du massacre du 28 septembre 2009 s\u00e9tait enfin ouvert le\u00a0<a href=\"https:\/\/link.mediaoutreach.meltwater.com\/ls\/click?upn=u001.Au7WrJgCdAKK2fU7OhNYn5v-2FlP2ZQtV0iqfthsZey3HbI-2FsxDG3e4tyiWnC2zmXsaLyn3tM288TgTRd3goMcOXQMo-2FJzPPRHGJnqbUMu-2FYCaLoYGwLbAsPIJvc11aijwt2gAzgBE1s4rGNPi8bTDDP2EoF-2F0fO3zanIUgru05uEQ5-2B8PIu4IfkurH9NL7bXcdr3v_aqdiIqImY-2Br8gr1HD93ViKa1FZvU5aOzoFMikeelVva5VCeSet3OcSPzT-2FY7MsWbs1PJNwAtMNINW93-2B2bGk-2BwIYZsVhb1UKoJG3ZEeG5ZP84-2FC6ZqZKm-2B26WN6YfNISOHmYjkCQYrJyYIZFNU7lfFfLp6D9R4PGM9afjjqgh3mfhhck0G-2Ba6KlgtjNAnpluQcFqU5zqMsyeUR8FXSECkVnuI5lERGuqyM7UXHxQS6nk8yAjfjAJMSb-2FxSHt7U3euJydKw6HMs8J41uX8AwYvoxel65cjBnyzX7P0EFxjAR-2FTdri5HxWrkcFrp84ILQiDVV0xlwMDckppzdYRoaBOGoJeGWOWsZzmosk5GFojuCh3EBrJ6zLunbx6PmpcP43\">28 septembre 2022<\/a>. La pr\u00e9sence, ce jour-l\u00e0, de 11 accus\u00e9s dont plusieurs hauts responsables politiques et militaires, de la FIDH, de l\u2019OGDH et de l\u2019AVIPA repr\u00e9sentant plus de 450 victimes, ainsi que de Karim Khan, procureur de la Cour p\u00e9nale internationale (CPI) et de Pramila Patten, repr\u00e9sentante sp\u00e9ciale des Nations unies charg\u00e9e de la question des violences sexuelles commises en p\u00e9riode de conflit, a t\u00e9moign\u00e9 du caract\u00e8re embl\u00e9matique de ce proc\u00e8s, non seulement en mati\u00e8re de lutte contre l\u2019impunit\u00e9 en Guin\u00e9e, mais aussi pour la justice internationale.<\/p>\n<p>Alors que l\u2019\u00c9tat guin\u00e9en a \u00e9t\u00e9 f\u00e9licit\u00e9 pour avoir tenu le proc\u00e8s jusqu\u2019\u00e0 son verdict, cette gr\u00e2ce est un sinistre revers. La gr\u00e2ce pr\u00e9sidentielle pour des crimes contre l\u2019humanit\u00e9 est en contradiction avec tous les engagements nationaux, r\u00e9gionaux et internationaux de la Guin\u00e9e. En effet, le droit international et les trait\u00e9s auxquels la Guin\u00e9e est partie \u2013 y compris le Statut de Rome instituant la Cour p\u00e9nale internationale \u2013 exigent des \u00c9tats qu\u2019ils poursuivent les auteurs de crimes graves tels que les crimes contre l\u2019humanit\u00e9, afin que les droits des victimes \u00e0 la v\u00e9rit\u00e9, la justice et aux r\u00e9parations soient respect\u00e9s. Une telle gr\u00e2ce va \u00e9galement \u00e0 l\u2019encontre des principes constitutifs de l\u2019Union Africaine et des droits consacr\u00e9s par la Charte africaine des droits de l\u2019Homme et des Peuples.<\/p>\n<p>Dans sa\u00a0<a href=\"https:\/\/link.mediaoutreach.meltwater.com\/ls\/click?upn=u001.Au7WrJgCdAKK2fU7OhNYnws6pTxN287iFb-2FeKPvBtHyFIh434X2Rt3RoLTK3orVdQovgKi3ZdTxHpSB3-2BJrw6go1biMCyqykcm11vzFNSSLp3XnGkXwD8XkN5CSWasCEcxr4x2HyOGcY68Fgefa7n3035brcS9OPlwbhajcKxxgdH6TIHwBbgve-2BUhszhhHoLSk6_aqdiIqImY-2Br8gr1HD93ViKa1FZvU5aOzoFMikeelVva5VCeSet3OcSPzT-2FY7MsWbs1PJNwAtMNINW93-2B2bGk-2BwIYZsVhb1UKoJG3ZEeG5ZP84-2FC6ZqZKm-2B26WN6YfNISOHmYjkCQYrJyYIZFNU7lfFfLp6D9R4PGM9afjjqgh3mfhhck0G-2Ba6KlgtjNAnpluQcFqU5zqMsyeUR8FXSECkfCBnKO1oGj4qxZ0DvUQAAQ-2Bch8dZJaslRv8F5itgccNboRPGFSMOTrTG-2B9eH19b-2F0TXh9f3NB-2Fa6rmdcsMOCOoGtM6rMcX-2BlMcWkmBCNakHjJ5ytbRoif44PqI78oJEwOWZaWEa-2FMFXKkKf2pIdIQ3-2F8NoZdnI-2F6D9v0Cv0bVMA\">d\u00e9claration du 29 septembre 2022<\/a>\u00a0\u00e0 l\u2019occasion de l\u2019ouverture du proc\u00e8s relatif aux \u00e9v\u00e9nements survenus en Guin\u00e9e le 28 septembre 2009, et de la cl\u00f4ture de l\u2019examen pr\u00e9liminaire, Karim Khan, Procureur de la CPI, a rappel\u00e9 qu\u2019il incombait \u00ab\u00a0<em>d\u00e9sormais aux autorit\u00e9s et aux institutions guin\u00e9ennes de veiller \u00e0 ce qu\u2019un processus \u00e9quitable, cr\u00e9dible, ind\u00e9pendant et impartial soit men\u00e9 pour que toute la v\u00e9rit\u00e9 soit faite conform\u00e9ment \u00e0 la l\u00e9gislation.<\/em>\u00a0\u00bb L\u2019article 4 de l\u2019<a href=\"https:\/\/link.mediaoutreach.meltwater.com\/ls\/click?upn=u001.Au7WrJgCdAKK2fU7OhNYnws6pTxN287iFb-2FeKPvBtHy6cxEMhovSVbJMEnhSpZA-2BVz5DE1IEb-2FDzKu3h4At8uaBo5oGeI3FTzyQRaerhNIhR015eH9OjhqCsfDhcDzYSfkDpvit7fdog-2F2qPL-2FqgQA-3D-3Donbj_aqdiIqImY-2Br8gr1HD93ViKa1FZvU5aOzoFMikeelVva5VCeSet3OcSPzT-2FY7MsWbs1PJNwAtMNINW93-2B2bGk-2BwIYZsVhb1UKoJG3ZEeG5ZP84-2FC6ZqZKm-2B26WN6YfNISOHmYjkCQYrJyYIZFNU7lfFfLp6D9R4PGM9afjjqgh3mfhhck0G-2Ba6KlgtjNAnpluQcFqU5zqMsyeUR8FXSECkbz8ng-2FWWqIsjUxVSG2sVqdd9ex-2FvuIfIvG1CoEjwMj6dUPn-2BAbur-2FVqvgC2LSC3LHqR1UvGPgYt8cEhPXfZUkw1AGeXaHlFsBQrGrZaS15QUfr32fxNufLkfKN34Ts9hDg9DUYIIJTeULtOU-2BW9rAOvJbM5R6E7z18gii0Mlc4X\">Accord sur la compl\u00e9mentarit\u00e9<\/a>, sign\u00e9 le 28 septembre 2022 entre la R\u00e9publique de Guin\u00e9e et le bureau du Procureur de la CPI, pr\u00e9voit que \u00ab\u00a0<em>le Bureau du Procureur pourra \u00eatre amen\u00e9 \u00e0 revoir son \u00e9valuation de la compl\u00e9mentarit\u00e9 \u00e0 la lumi\u00e8re de tout changement significatif de la situation, notamment l\u2019imposition de toute mesure susceptible de nuire fortement \u00e0 l\u2019avancement des proc\u00e9dures judiciaires relatives aux \u00e9v\u00e9nements du 28 septembre 2009 ou de remettre en cause leur authenticit\u00e9.<\/em>\u00a0\u00bb<\/p>\n<p>La FIDH, l\u2019OGDH et l\u2019AVIPA r\u00e9affirment leur engagement \u00e0 \u0153uvrer pour que la justice triomphe et se r\u00e9servent le droit d\u2019explorer toutes les voies de recours existantes, tant aux niveaux national, r\u00e9gional et international.<\/p>\n<p>Avec nos confr\u00e8res de Mosaiqueguinee.com<\/p>\n","protected":false},"excerpt":{"rendered":"<p>Le 28 mars, le g\u00e9n\u00e9ral Amara Camara, porte-parole de la pr\u00e9sidence de la R\u00e9publique de Guin\u00e9e, a annonc\u00e9 \u00e0 la t\u00e9l\u00e9vision nationale que le g\u00e9n\u00e9ral Mamadi Doumbouya avait accord\u00e9 une gr\u00e2ce pr\u00e9sidentielle \u00e0 Moussa Dadis Camara, invoquant des raisons de sant\u00e9. Le lendemain, l\u2019avocat de l&rsquo;ex-pr\u00e9sident a confirm\u00e9 sa lib\u00e9ration, pr\u00e9cisant que Dadis Camara avait [&hellip;]<\/p>\n","protected":false},"author":2,"featured_media":2176,"comment_status":"open","ping_status":"open","sticky":false,"template":"","format":"standard","meta":{"_jetpack_memberships_contains_paid_content":false,"footnotes":"","jetpack_publicize_message":"","jetpack_publicize_feature_enabled":true,"jetpack_social_post_already_shared":true,"jetpack_social_options":{"image_generator_settings":{"template":"highway","default_image_id":0,"font":"","enabled":false},"version":2}},"categories":[30,24],"tags":[573,574,561,35],"class_list":{"0":"post-2175","1":"post","2":"type-post","3":"status-publish","4":"format-standard","5":"has-post-thumbnail","7":"category-faits-divers","8":"category-news","9":"tag-avipa","10":"tag-fidh","11":"tag-proces-du-massacre","12":"tag-guinee"},"jetpack_publicize_connections":[],"jetpack_featured_media_url":"https:\/\/ledenonciateur224.com\/wp-content\/uploads\/2025\/04\/2214cc2-1670924617529-2022-09-29t070103z-839445759-rc2jqw970t9y-rtrmadp-3-guinea-rights-trial.jpg","jetpack_sharing_enabled":true,"_links":{"self":[{"href":"https:\/\/ledenonciateur224.com\/index.php\/wp-json\/wp\/v2\/posts\/2175","targetHints":{"allow":["GET"]}}],"collection":[{"href":"https:\/\/ledenonciateur224.com\/index.php\/wp-json\/wp\/v2\/posts"}],"about":[{"href":"https:\/\/ledenonciateur224.com\/index.php\/wp-json\/wp\/v2\/types\/post"}],"author":[{"embeddable":true,"href":"https:\/\/ledenonciateur224.com\/index.php\/wp-json\/wp\/v2\/users\/2"}],"replies":[{"embeddable":true,"href":"https:\/\/ledenonciateur224.com\/index.php\/wp-json\/wp\/v2\/comments?post=2175"}],"version-history":[{"count":0,"href":"https:\/\/ledenonciateur224.com\/index.php\/wp-json\/wp\/v2\/posts\/2175\/revisions"}],"wp:featuredmedia":[{"embeddable":true,"href":"https:\/\/ledenonciateur224.com\/index.php\/wp-json\/wp\/v2\/media\/2176"}],"wp:attachment":[{"href":"https:\/\/ledenonciateur224.com\/index.php\/wp-json\/wp\/v2\/media?parent=2175"}],"wp:term":[{"taxonomy":"category","embeddable":true,"href":"https:\/\/ledenonciateur224.com\/index.php\/wp-json\/wp\/v2\/categories?post=2175"},{"taxonomy":"post_tag","embeddable":true,"href":"https:\/\/ledenonciateur224.com\/index.php\/wp-json\/wp\/v2\/tags?post=2175"}],"curies":[{"name":"wp","href":"https:\/\/api.w.org\/{rel}","templated":true}]}}