{"id":2193,"date":"2025-04-01T21:41:25","date_gmt":"2025-04-01T21:41:25","guid":{"rendered":"https:\/\/ledenonciateur224.com\/?p=2193"},"modified":"2025-04-01T21:42:52","modified_gmt":"2025-04-01T21:42:52","slug":"les-travailleurs-du-cnt-protestent-contre-des-dysfonctionnements-dans-ladministration-parlementaire","status":"publish","type":"post","link":"https:\/\/ledenonciateur224.com\/index.php\/les-travailleurs-du-cnt-protestent-contre-des-dysfonctionnements-dans-ladministration-parlementaire\/","title":{"rendered":"Les travailleurs du CNT protestent contre une d\u00e9cision ce mercredi"},"content":{"rendered":"<p>Les travailleurs du Conseil National de la Transition (CNT) ont annonc\u00e9 une manifestation de protestation ce mercredi, en r\u00e9ponse \u00e0 une d\u00e9cision prise par les autorit\u00e9s concernant la r\u00e9forme de l&rsquo;Administration parlementaire. Cette initiative suscite une vive opposition parmi les membres du CNT, qui d\u00e9noncent des dysfonctionnements majeurs nuisant \u00e0 l&rsquo;efficacit\u00e9 de leurs services. Selon la note officielle, ces probl\u00e8mes incluent un\u00a0<strong>absent\u00e9isme g\u00e9n\u00e9ralis\u00e9<\/strong>\u00a0parmi une partie significative du personnel, ainsi qu&rsquo;une\u00a0<strong>pl\u00e9thore de travailleurs sous-employ\u00e9s<\/strong>\u00a0dont la pr\u00e9sence n&rsquo;aurait que peu d&rsquo;impact sur le bon fonctionnement de l&rsquo;institution.<\/p>\n<p>De plus, la qualit\u00e9 de l&rsquo;accompagnement fourni aux conseillers nationaux est jug\u00e9e insuffisante. Cette situation cr\u00e9e des tensions croissantes au sein de l&rsquo;institution, et la manifestation pr\u00e9vue pourrait mobiliser un large nombre de travailleurs m\u00e9contents. Les observateurs suivront de pr\u00e8s cet \u00e9v\u00e9nement, dont les r\u00e9percussions pourraient affecter la dynamique politique et administrative en Guin\u00e9e, en particulier dans le cadre de la transition en cours.<\/p>\n<p><img loading=\"lazy\" decoding=\"async\" class=\"alignnone size-full wp-image-2194\" src=\"https:\/\/ledenonciateur224.com\/wp-content\/uploads\/2025\/04\/img-20250401-wa0113.jpg\" alt=\"\" width=\"810\" height=\"1080\" srcset=\"https:\/\/ledenonciateur224.com\/wp-content\/uploads\/2025\/04\/img-20250401-wa0113.jpg 810w, https:\/\/ledenonciateur224.com\/wp-content\/uploads\/2025\/04\/img-20250401-wa0113-225x300.jpg 225w, https:\/\/ledenonciateur224.com\/wp-content\/uploads\/2025\/04\/img-20250401-wa0113-768x1024.jpg 768w, https:\/\/ledenonciateur224.com\/wp-content\/uploads\/2025\/04\/img-20250401-wa0113-150x200.jpg 150w, https:\/\/ledenonciateur224.com\/wp-content\/uploads\/2025\/04\/img-20250401-wa0113-300x400.jpg 300w, https:\/\/ledenonciateur224.com\/wp-content\/uploads\/2025\/04\/img-20250401-wa0113-696x928.jpg 696w, https:\/\/ledenonciateur224.com\/wp-content\/uploads\/2025\/04\/img-20250401-wa0113-315x420.jpg 315w\" sizes=\"auto, (max-width: 810px) 100vw, 810px\" \/><\/p>\n<p><img loading=\"lazy\" decoding=\"async\" class=\"alignnone size-full wp-image-2195\" src=\"https:\/\/ledenonciateur224.com\/wp-content\/uploads\/2025\/04\/img-20250401-wa0114.jpg\" alt=\"\" width=\"810\" height=\"1080\" srcset=\"https:\/\/ledenonciateur224.com\/wp-content\/uploads\/2025\/04\/img-20250401-wa0114.jpg 810w, https:\/\/ledenonciateur224.com\/wp-content\/uploads\/2025\/04\/img-20250401-wa0114-225x300.jpg 225w, https:\/\/ledenonciateur224.com\/wp-content\/uploads\/2025\/04\/img-20250401-wa0114-768x1024.jpg 768w, https:\/\/ledenonciateur224.com\/wp-content\/uploads\/2025\/04\/img-20250401-wa0114-150x200.jpg 150w, https:\/\/ledenonciateur224.com\/wp-content\/uploads\/2025\/04\/img-20250401-wa0114-300x400.jpg 300w, https:\/\/ledenonciateur224.com\/wp-content\/uploads\/2025\/04\/img-20250401-wa0114-696x928.jpg 696w, https:\/\/ledenonciateur224.com\/wp-content\/uploads\/2025\/04\/img-20250401-wa0114-315x420.jpg 315w\" sizes=\"auto, (max-width: 810px) 100vw, 810px\" \/>Ledenonciateur224.com<\/p>\n","protected":false},"excerpt":{"rendered":"<p>Les travailleurs du Conseil National de la Transition (CNT) ont annonc\u00e9 une manifestation de protestation ce mercredi, en r\u00e9ponse \u00e0 une d\u00e9cision prise par les autorit\u00e9s concernant la r\u00e9forme de l&rsquo;Administration parlementaire. Cette initiative suscite une vive opposition parmi les membres du CNT, qui d\u00e9noncent des dysfonctionnements majeurs nuisant \u00e0 l&rsquo;efficacit\u00e9 de leurs services. Selon [&hellip;]<\/p>\n","protected":false},"author":2,"featured_media":2196,"comment_status":"open","ping_status":"open","sticky":false,"template":"","format":"standard","meta":{"_jetpack_memberships_contains_paid_content":false,"footnotes":"","jetpack_publicize_message":"","jetpack_publicize_feature_enabled":true,"jetpack_social_post_already_shared":true,"jetpack_social_options":{"image_generator_settings":{"template":"highway","default_image_id":0,"font":"","enabled":false},"version":2}},"categories":[30,24],"tags":[55,35,387],"class_list":{"0":"post-2193","1":"post","2":"type-post","3":"status-publish","4":"format-standard","5":"has-post-thumbnail","7":"category-faits-divers","8":"category-news","9":"tag-cnt","10":"tag-guinee","11":"tag-parlementaire"},"jetpack_publicize_connections":[],"jetpack_featured_media_url":"https:\/\/ledenonciateur224.com\/wp-content\/uploads\/2025\/04\/cnt-guinee-jpg.jpg","jetpack_sharing_enabled":true,"_links":{"self":[{"href":"https:\/\/ledenonciateur224.com\/index.php\/wp-json\/wp\/v2\/posts\/2193","targetHints":{"allow":["GET"]}}],"collection":[{"href":"https:\/\/ledenonciateur224.com\/index.php\/wp-json\/wp\/v2\/posts"}],"about":[{"href":"https:\/\/ledenonciateur224.com\/index.php\/wp-json\/wp\/v2\/types\/post"}],"author":[{"embeddable":true,"href":"https:\/\/ledenonciateur224.com\/index.php\/wp-json\/wp\/v2\/users\/2"}],"replies":[{"embeddable":true,"href":"https:\/\/ledenonciateur224.com\/index.php\/wp-json\/wp\/v2\/comments?post=2193"}],"version-history":[{"count":0,"href":"https:\/\/ledenonciateur224.com\/index.php\/wp-json\/wp\/v2\/posts\/2193\/revisions"}],"wp:featuredmedia":[{"embeddable":true,"href":"https:\/\/ledenonciateur224.com\/index.php\/wp-json\/wp\/v2\/media\/2196"}],"wp:attachment":[{"href":"https:\/\/ledenonciateur224.com\/index.php\/wp-json\/wp\/v2\/media?parent=2193"}],"wp:term":[{"taxonomy":"category","embeddable":true,"href":"https:\/\/ledenonciateur224.com\/index.php\/wp-json\/wp\/v2\/categories?post=2193"},{"taxonomy":"post_tag","embeddable":true,"href":"https:\/\/ledenonciateur224.com\/index.php\/wp-json\/wp\/v2\/tags?post=2193"}],"curies":[{"name":"wp","href":"https:\/\/api.w.org\/{rel}","templated":true}]}}