{"id":2199,"date":"2025-04-02T08:20:08","date_gmt":"2025-04-02T08:20:08","guid":{"rendered":"https:\/\/ledenonciateur224.com\/?p=2199"},"modified":"2025-04-02T08:20:08","modified_gmt":"2025-04-02T08:20:08","slug":"silence-le-general-decrete-tribune","status":"publish","type":"post","link":"https:\/\/ledenonciateur224.com\/index.php\/silence-le-general-decrete-tribune\/","title":{"rendered":"Silence, le G\u00e9n\u00e9ral d\u00e9cr\u00e8te! (Tribune)"},"content":{"rendered":"<p>Dimanche, 21 septembre 2025 est la date fix\u00e9e par le Pr\u00e9sident de la R\u00e9publique G\u00e9n\u00e9ral Mamadi DOUMBOUYA pour la tenue du scrutin r\u00e9f\u00e9rendaire en Guin\u00e9e. L&rsquo;annonce a \u00e9t\u00e9 faite dans le JT de 20h30 \u00e0 la RTG par le Ministre Secr\u00e9taire G\u00e9n\u00e9ral \u00e0 la pr\u00e9sidence, G\u00e9n\u00e9ral Amara CAMARA ce mardi 01 avril. Un acte qui rassure encore le peuple dans son ensemble.<\/p>\n<p>Au Manding, il est pr\u00e9f\u00e9rable de se donner d\u00e9lib\u00e9r\u00e9ment la mort que de trahir sa parole donn\u00e9e.<\/p>\n<p>L&rsquo;on se souvient comme si c&rsquo;\u00e9tait hier, le Pr\u00e9sident de la R\u00e9publique, Chef de l&rsquo;\u00c9tat, G\u00e9n\u00e9ral Mamadi DOUMBOUYA dans son adresse \u00e0 la Nation \u00e0 l&rsquo;occasion du nouvel an annon\u00e7ait: &lt;&lt;L&rsquo;ann\u00e9e 2025 sera une ann\u00e9e \u00e9lectorale cruciale pour parachever le retour \u00e0 l\u2019ordre constitutionnel.&gt;&gt; &lt;&lt; D\u00e8s le premier trimestre de l\u2019ann\u00e9e 2025, je signerai un D\u00e9cret fixant la date du scrutin pour le r\u00e9f\u00e9rendum constitutionnel apr\u00e8s l\u2019\u00e9laboration du code \u00e9lectoral.&gt;&gt;<\/p>\n<p>Alors que les pessimistes maintenaient leurs positions, les d\u00e9tracteurs enflamment la toile, le Pr\u00e9sident Mamadi DOUMBOUYA prend acte exactement au premier trimestre de l&rsquo;ann\u00e9e 2025 pour honorer les plus optimistes.<\/p>\n<p>Dimanche 21 septembre prochain, ne sera pas un jour de repos ou de c\u00e9r\u00e9monie en Guin\u00e9e. Le peuple sera invit\u00e9 \u00e0 s&rsquo;exprimer de fa\u00e7on d\u00e9mocratique sur l&rsquo;adoption de la nouvelle constitution.<\/p>\n<p>Si pour certaines personnes, fix\u00e9e la date du scrutin r\u00e9f\u00e9rendaire \u00e9tait une montagne \u00e0 d\u00e9placer, \u00e0 pr\u00e9sent, celle-ci est un souvenir.<\/p>\n<p>La parole d&rsquo;un G\u00e9n\u00e9ral, de surcro\u00eet d&rsquo;un Fakoly est sacr\u00e9e. Le peuple de Guin\u00e9e dans son enti\u00e8ret\u00e9 vient de s&rsquo;en assurer.<\/p>\n<p>Il est confiant qu&rsquo;apr\u00e8s le r\u00e9f\u00e9rendum s&rsquo;en suivront les \u00e9lections communales, l\u00e9gislatives puis la pr\u00e9sidentielle.<\/p>\n<p>Le peuple de Guin\u00e9e sait d\u00e9sormais que chaque mot, chaque phrase, chaque paragraphe ou encore chaque discours provenant du Pr\u00e9sident DOUMBOUYA est m\u00fbrement r\u00e9fl\u00e9chi et que les enjeux sont bien \u00e9valu\u00e9s.<\/p>\n<p>S&rsquo;il est vrai que le retour \u00e0 l&rsquo;ordre constitutionnel pr\u00e9occupe les guin\u00e9ens, il est \u00e0 pr\u00e9ciser qu&rsquo;il reste un d\u00e9fi majeur pour le G\u00e9n\u00e9ral.<\/p>\n<p>Le tombeur d&rsquo;Alpha Cond\u00e9 en r\u00e9pondant \u00e0 l&rsquo;appel du peuple le 05 septembre 2021, a mis son \u00e2me dans un plateau d&rsquo;or pour sauver ce pays.<\/p>\n<p>Quelqu&rsquo;un d&rsquo;autre pourra t&rsquo;il se d\u00e9cr\u00e9ter plus patriote que lui ? Plus d\u00e9mocrate que lui? Plus soucieux pour la Guin\u00e9e que lui?<\/p>\n<p>Ce qui reste clair, il n y aura pas d&rsquo;\u00e9lections b\u00e2cl\u00e9es. Dans l&rsquo;inclusion, la voix et le choix du peuple seront respect\u00e9s. C&rsquo;est d&rsquo;au moins l&rsquo;objectif du Pr\u00e9sident de la R\u00e9publique tout en maintenant la paix, la qui\u00e9tude sociale et le vivre ensemble dans le pays.<\/p>\n<p>Le 21 septembre 2025, la Guin\u00e9e se dotera de sa nouvelle Constitution. L&rsquo;avant projet de cette future Construction a \u00e9t\u00e9 \u00e9labor\u00e9 de la plus belle des mani\u00e8res. Il prend en compte les sollicitations des citoyens \u00e0 la base. D&rsquo;o\u00f9 son originalit\u00e9 et son authenticit\u00e9 qui font de lui une r\u00e9f\u00e9rence pour les autres pays de l&rsquo;Afrique comme le Gabon. Que les Conseillers du CNT et de son Pr\u00e9sident Dr Dansa KOUROUMA soient remerci\u00e9s pour la qualit\u00e9 du travail effectu\u00e9.<\/p>\n<p>2025 est l&rsquo;ann\u00e9e \u00e9lectorale. Le Minist\u00e8re de l&rsquo;Administration du Territoire et de la D\u00e9centralisation \u00e0 travers ses cadres techniques promettent de mener le processus sans faille. Ce d\u00e9partement est entrain de mettre le bouch\u00e9 double sur le terrain pour assurer le r\u00e9cemment de la population afin de se doter des fichiers \u00e9lectoraux fiables mais aussi respecter la parole d&rsquo;honneur du Pr\u00e9sident de la R\u00e9publique le G\u00e9n\u00e9ral Mamadi DOUMBOUYA.<\/p>\n<p>Malick Sanguiana Camara\/ Conseiller en Sciences et Techniques de l&rsquo;Information et de la Communication -STIC-<\/p>\n","protected":false},"excerpt":{"rendered":"<p>Dimanche, 21 septembre 2025 est la date fix\u00e9e par le Pr\u00e9sident de la R\u00e9publique G\u00e9n\u00e9ral Mamadi DOUMBOUYA pour la tenue du scrutin r\u00e9f\u00e9rendaire en Guin\u00e9e. L&rsquo;annonce a \u00e9t\u00e9 faite dans le JT de 20h30 \u00e0 la RTG par le Ministre Secr\u00e9taire G\u00e9n\u00e9ral \u00e0 la pr\u00e9sidence, G\u00e9n\u00e9ral Amara CAMARA ce mardi 01 avril. Un acte qui [&hellip;]<\/p>\n","protected":false},"author":2,"featured_media":2200,"comment_status":"open","ping_status":"open","sticky":false,"template":"","format":"standard","meta":{"_jetpack_memberships_contains_paid_content":false,"footnotes":"","jetpack_publicize_message":"","jetpack_publicize_feature_enabled":true,"jetpack_social_post_already_shared":true,"jetpack_social_options":{"image_generator_settings":{"template":"highway","default_image_id":0,"font":"","enabled":false},"version":2}},"categories":[30,24],"tags":[579,557],"class_list":{"0":"post-2199","1":"post","2":"type-post","3":"status-publish","4":"format-standard","5":"has-post-thumbnail","7":"category-faits-divers","8":"category-news","9":"tag-decrets-du-chef-de-letat","10":"tag-guineen"},"jetpack_publicize_connections":[],"jetpack_featured_media_url":"https:\/\/ledenonciateur224.com\/wp-content\/uploads\/2025\/04\/img-20250402-wa0022.jpg","jetpack_sharing_enabled":true,"_links":{"self":[{"href":"https:\/\/ledenonciateur224.com\/index.php\/wp-json\/wp\/v2\/posts\/2199","targetHints":{"allow":["GET"]}}],"collection":[{"href":"https:\/\/ledenonciateur224.com\/index.php\/wp-json\/wp\/v2\/posts"}],"about":[{"href":"https:\/\/ledenonciateur224.com\/index.php\/wp-json\/wp\/v2\/types\/post"}],"author":[{"embeddable":true,"href":"https:\/\/ledenonciateur224.com\/index.php\/wp-json\/wp\/v2\/users\/2"}],"replies":[{"embeddable":true,"href":"https:\/\/ledenonciateur224.com\/index.php\/wp-json\/wp\/v2\/comments?post=2199"}],"version-history":[{"count":0,"href":"https:\/\/ledenonciateur224.com\/index.php\/wp-json\/wp\/v2\/posts\/2199\/revisions"}],"wp:featuredmedia":[{"embeddable":true,"href":"https:\/\/ledenonciateur224.com\/index.php\/wp-json\/wp\/v2\/media\/2200"}],"wp:attachment":[{"href":"https:\/\/ledenonciateur224.com\/index.php\/wp-json\/wp\/v2\/media?parent=2199"}],"wp:term":[{"taxonomy":"category","embeddable":true,"href":"https:\/\/ledenonciateur224.com\/index.php\/wp-json\/wp\/v2\/categories?post=2199"},{"taxonomy":"post_tag","embeddable":true,"href":"https:\/\/ledenonciateur224.com\/index.php\/wp-json\/wp\/v2\/tags?post=2199"}],"curies":[{"name":"wp","href":"https:\/\/api.w.org\/{rel}","templated":true}]}}