{"id":2202,"date":"2025-04-02T13:32:19","date_gmt":"2025-04-02T13:32:19","guid":{"rendered":"https:\/\/ledenonciateur224.com\/?p=2202"},"modified":"2025-04-02T13:32:19","modified_gmt":"2025-04-02T13:32:19","slug":"graciation-de-moussa-dadis-camara-un-bras-de-fer-juridique-en-perspective","status":"publish","type":"post","link":"https:\/\/ledenonciateur224.com\/index.php\/graciation-de-moussa-dadis-camara-un-bras-de-fer-juridique-en-perspective\/","title":{"rendered":"Graciation de Moussa Dadis Camara : un bras de fer juridique en perspective"},"content":{"rendered":"<p>Un bras de fer judiciaire se profile \u00e0 l\u2019horizon ! Le d\u00e9cret du G\u00e9n\u00e9ral Mamadi Doumbouya, accordant la gr\u00e2ce \u00e0 Moussa Dadis Camara, pourrait \u00eatre remis en question devant la Cour Supr\u00eame. R\u00e9solues \u00e0 s&rsquo;opposer \u00e0 cette d\u00e9cision pr\u00e9sidentielle, les parties civiles au proc\u00e8s du 28 septembre n&rsquo;ont pas l&rsquo;intention de se laisser faire. Elles d\u00e9noncent une violation de la loi et pr\u00e9parent une bataille juridique. Pour comprendre les enjeux, ma\u00eetre Alpha Amadou DS BAH, pr\u00e9sident de l\u2019OGDH et avocat coordinateur du collectif des parties civiles a d\u00e9clar\u00e9 que&lt;&lt;Nous pensons que cette gr\u00e2ce a \u00e9t\u00e9 prise en violation flagrante de la loi et que cela porte atteinte non seulement aux int\u00e9r\u00eats des parties civiles, mais \u00e9galement favorise l\u2019impunit\u00e9 dans le pays, ce qui est r\u00e9ellement r\u00e9grettable. Parce que le jugement-l\u00e0 devait servir de jurisprudence pour les autres cas de violation des droits de l\u2019homme. Donc, \u00e0 cette allure, on pense que cela va plut\u00f4t servir les int\u00e9r\u00eats de ceux qui commettent les exactions pendant les manifestations ou les revendications politiques. Nous sommes en train d\u2019analyser la situation et en fonction de nos impressions, nous pourrons peut-\u00eatre saisir la Cour supr\u00eame pour annuler le d\u00e9cret. C\u2019est la loi qui nous conf\u00e8re cette possibilit\u00e9. Nous l\u2019explorons et nous pourrons l\u2019envisager le moment venu, puisque nous sommes dans le d\u00e9lai encore.&gt;&gt;, a-t-il mentionn\u00e9<\/p>\n<p>N&rsquo;sira Sylla<\/p>\n","protected":false},"excerpt":{"rendered":"<p>Un bras de fer judiciaire se profile \u00e0 l\u2019horizon ! Le d\u00e9cret du G\u00e9n\u00e9ral Mamadi Doumbouya, accordant la gr\u00e2ce \u00e0 Moussa Dadis Camara, pourrait \u00eatre remis en question devant la Cour Supr\u00eame. R\u00e9solues \u00e0 s&rsquo;opposer \u00e0 cette d\u00e9cision pr\u00e9sidentielle, les parties civiles au proc\u00e8s du 28 septembre n&rsquo;ont pas l&rsquo;intention de se laisser faire. Elles [&hellip;]<\/p>\n","protected":false},"author":2,"featured_media":2123,"comment_status":"open","ping_status":"open","sticky":false,"template":"","format":"standard","meta":{"_jetpack_memberships_contains_paid_content":false,"footnotes":"","jetpack_publicize_message":"","jetpack_publicize_feature_enabled":true,"jetpack_social_post_already_shared":true,"jetpack_social_options":{"image_generator_settings":{"template":"highway","default_image_id":0,"font":"","enabled":false},"version":2}},"categories":[30,31,24],"tags":[560,561,548],"class_list":{"0":"post-2202","1":"post","2":"type-post","3":"status-publish","4":"format-standard","5":"has-post-thumbnail","7":"category-faits-divers","8":"category-interview","9":"category-news","10":"tag-me-ds-bah","11":"tag-proces-du-massacre","12":"tag-victimes-du-massacre"},"jetpack_publicize_connections":[],"jetpack_featured_media_url":"https:\/\/ledenonciateur224.com\/wp-content\/uploads\/2025\/03\/ds-bah.jpeg","jetpack_sharing_enabled":true,"_links":{"self":[{"href":"https:\/\/ledenonciateur224.com\/index.php\/wp-json\/wp\/v2\/posts\/2202","targetHints":{"allow":["GET"]}}],"collection":[{"href":"https:\/\/ledenonciateur224.com\/index.php\/wp-json\/wp\/v2\/posts"}],"about":[{"href":"https:\/\/ledenonciateur224.com\/index.php\/wp-json\/wp\/v2\/types\/post"}],"author":[{"embeddable":true,"href":"https:\/\/ledenonciateur224.com\/index.php\/wp-json\/wp\/v2\/users\/2"}],"replies":[{"embeddable":true,"href":"https:\/\/ledenonciateur224.com\/index.php\/wp-json\/wp\/v2\/comments?post=2202"}],"version-history":[{"count":0,"href":"https:\/\/ledenonciateur224.com\/index.php\/wp-json\/wp\/v2\/posts\/2202\/revisions"}],"wp:featuredmedia":[{"embeddable":true,"href":"https:\/\/ledenonciateur224.com\/index.php\/wp-json\/wp\/v2\/media\/2123"}],"wp:attachment":[{"href":"https:\/\/ledenonciateur224.com\/index.php\/wp-json\/wp\/v2\/media?parent=2202"}],"wp:term":[{"taxonomy":"category","embeddable":true,"href":"https:\/\/ledenonciateur224.com\/index.php\/wp-json\/wp\/v2\/categories?post=2202"},{"taxonomy":"post_tag","embeddable":true,"href":"https:\/\/ledenonciateur224.com\/index.php\/wp-json\/wp\/v2\/tags?post=2202"}],"curies":[{"name":"wp","href":"https:\/\/api.w.org\/{rel}","templated":true}]}}