{"id":2218,"date":"2025-04-03T12:13:25","date_gmt":"2025-04-03T12:13:25","guid":{"rendered":"https:\/\/ledenonciateur224.com\/?p=2218"},"modified":"2025-04-03T12:13:25","modified_gmt":"2025-04-03T12:13:25","slug":"lancement-de-latelier-electoral-en-guinee-preparation-du-recensement-biometrique-pour-un-retour-a-lordre-constitutionnel","status":"publish","type":"post","link":"https:\/\/ledenonciateur224.com\/index.php\/lancement-de-latelier-electoral-en-guinee-preparation-du-recensement-biometrique-pour-un-retour-a-lordre-constitutionnel\/","title":{"rendered":"Lancement de l\u2019atelier \u00e9lectoral en Guin\u00e9e : Pr\u00e9paration du recensement biom\u00e9trique pour un retour \u00e0 l&rsquo;ordre constitutionnel"},"content":{"rendered":"<div dir=\"auto\">\n<p>Deux jours apr\u00e8s le d\u00e9cret fixant la tenue du r\u00e9f\u00e9rendum et la r\u00e9ception des kits d\u2019enr\u00f4lement biom\u00e9trique, le minist\u00e8re de l\u2019Administration du Territoire et de la D\u00e9centralisation a organis\u00e9 un atelier de formation pour les administrateurs territoriaux (gouverneurs et pr\u00e9fets) sur l&rsquo;administration \u00e9lectorale et la gestion op\u00e9rationnelle du recensement biom\u00e9trique. Cette initiative s&rsquo;inscrit dans le cadre du processus de retour \u00e0 l&rsquo;ordre constitutionnel en R\u00e9publique de Guin\u00e9e, tel qu&rsquo;annonc\u00e9 par le chef de l&rsquo;\u00c9tat, le G\u00e9n\u00e9ral Mamadi Doumbouya.<\/p>\n<p><img loading=\"lazy\" decoding=\"async\" class=\"alignnone size-full wp-image-2220\" src=\"https:\/\/ledenonciateur224.com\/wp-content\/uploads\/2025\/04\/20250403-102605-scaled.jpg\" alt=\"\" width=\"2560\" height=\"1440\" srcset=\"https:\/\/ledenonciateur224.com\/wp-content\/uploads\/2025\/04\/20250403-102605-scaled.jpg 2560w, https:\/\/ledenonciateur224.com\/wp-content\/uploads\/2025\/04\/20250403-102605-300x169.jpg 300w, https:\/\/ledenonciateur224.com\/wp-content\/uploads\/2025\/04\/20250403-102605-1024x576.jpg 1024w, https:\/\/ledenonciateur224.com\/wp-content\/uploads\/2025\/04\/20250403-102605-768x432.jpg 768w, https:\/\/ledenonciateur224.com\/wp-content\/uploads\/2025\/04\/20250403-102605-1536x864.jpg 1536w, https:\/\/ledenonciateur224.com\/wp-content\/uploads\/2025\/04\/20250403-102605-2048x1152.jpg 2048w, https:\/\/ledenonciateur224.com\/wp-content\/uploads\/2025\/04\/20250403-102605-150x84.jpg 150w, https:\/\/ledenonciateur224.com\/wp-content\/uploads\/2025\/04\/20250403-102605-696x392.jpg 696w, https:\/\/ledenonciateur224.com\/wp-content\/uploads\/2025\/04\/20250403-102605-1068x601.jpg 1068w, https:\/\/ledenonciateur224.com\/wp-content\/uploads\/2025\/04\/20250403-102605-1920x1080.jpg 1920w, https:\/\/ledenonciateur224.com\/wp-content\/uploads\/2025\/04\/20250403-102605-747x420.jpg 747w\" sizes=\"auto, (max-width: 2560px) 100vw, 2560px\" \/><\/p>\n<p>L&rsquo;atelier de trois jours a r\u00e9uni les 8 gouverneurs des r\u00e9gions et les 33 pr\u00e9fets des pr\u00e9fectures de Guin\u00e9e, afin de les former aux m\u00e9canismes de gestion \u00e9lectorale et \u00e0 la bonne conduite du recensement biom\u00e9trique des citoyens, qui sera bient\u00f4t lanc\u00e9 \u00e0 l&rsquo;\u00e9chelle nationale. L\u2019objectif de cet atelier est de pr\u00e9parer les acteurs territoriaux \u00e0 superviser efficacement ce recensement, un \u00e9l\u00e9ment cl\u00e9 pour garantir la transparence et l&rsquo;int\u00e9grit\u00e9 des futures \u00e9lections.<\/p>\n<p>L&rsquo;ouverture de l&rsquo;atelier a \u00e9t\u00e9 pr\u00e9sid\u00e9e par le Premier ministre, Amadou Oury Bah, en pr\u00e9sence du ministre de l&rsquo;Administration du Territoire et des hauts responsables de l&rsquo;administration charg\u00e9e des affaires politiques. Cet \u00e9v\u00e9nement marque une \u00e9tape importante dans les pr\u00e9paratifs pour le r\u00e9tablissement d&rsquo;une gouvernance constitutionnelle en Guin\u00e9e.<\/p>\n<\/div>\n<div dir=\"auto\"><\/div>\n<div dir=\"auto\">Aboubacar Moussa Camara<\/div>\n<div dir=\"auto\"><\/div>\n<div dir=\"auto\">\u00a0622 42 41 87<\/div>\n<div dir=\"auto\"><\/div>\n","protected":false},"excerpt":{"rendered":"<p>Deux jours apr\u00e8s le d\u00e9cret fixant la tenue du r\u00e9f\u00e9rendum et la r\u00e9ception des kits d\u2019enr\u00f4lement biom\u00e9trique, le minist\u00e8re de l\u2019Administration du Territoire et de la D\u00e9centralisation a organis\u00e9 un atelier de formation pour les administrateurs territoriaux (gouverneurs et pr\u00e9fets) sur l&rsquo;administration \u00e9lectorale et la gestion op\u00e9rationnelle du recensement biom\u00e9trique. Cette initiative s&rsquo;inscrit dans le [&hellip;]<\/p>\n","protected":false},"author":2,"featured_media":2219,"comment_status":"open","ping_status":"open","sticky":false,"template":"","format":"standard","meta":{"_jetpack_memberships_contains_paid_content":false,"footnotes":"","jetpack_publicize_message":"","jetpack_publicize_feature_enabled":true,"jetpack_social_post_already_shared":true,"jetpack_social_options":{"image_generator_settings":{"template":"highway","default_image_id":0,"font":"","enabled":false},"version":2}},"categories":[24,27],"tags":[577,468,587],"class_list":{"0":"post-2218","1":"post","2":"type-post","3":"status-publish","4":"format-standard","5":"has-post-thumbnail","7":"category-news","8":"category-politique","9":"tag-affaires-politiques","10":"tag-internationale-guinee","11":"tag-recensement-biometrique"},"jetpack_publicize_connections":[],"jetpack_featured_media_url":"https:\/\/ledenonciateur224.com\/wp-content\/uploads\/2025\/04\/20250403-103537-scaled.jpg","jetpack_sharing_enabled":true,"_links":{"self":[{"href":"https:\/\/ledenonciateur224.com\/index.php\/wp-json\/wp\/v2\/posts\/2218","targetHints":{"allow":["GET"]}}],"collection":[{"href":"https:\/\/ledenonciateur224.com\/index.php\/wp-json\/wp\/v2\/posts"}],"about":[{"href":"https:\/\/ledenonciateur224.com\/index.php\/wp-json\/wp\/v2\/types\/post"}],"author":[{"embeddable":true,"href":"https:\/\/ledenonciateur224.com\/index.php\/wp-json\/wp\/v2\/users\/2"}],"replies":[{"embeddable":true,"href":"https:\/\/ledenonciateur224.com\/index.php\/wp-json\/wp\/v2\/comments?post=2218"}],"version-history":[{"count":0,"href":"https:\/\/ledenonciateur224.com\/index.php\/wp-json\/wp\/v2\/posts\/2218\/revisions"}],"wp:featuredmedia":[{"embeddable":true,"href":"https:\/\/ledenonciateur224.com\/index.php\/wp-json\/wp\/v2\/media\/2219"}],"wp:attachment":[{"href":"https:\/\/ledenonciateur224.com\/index.php\/wp-json\/wp\/v2\/media?parent=2218"}],"wp:term":[{"taxonomy":"category","embeddable":true,"href":"https:\/\/ledenonciateur224.com\/index.php\/wp-json\/wp\/v2\/categories?post=2218"},{"taxonomy":"post_tag","embeddable":true,"href":"https:\/\/ledenonciateur224.com\/index.php\/wp-json\/wp\/v2\/tags?post=2218"}],"curies":[{"name":"wp","href":"https:\/\/api.w.org\/{rel}","templated":true}]}}