{"id":2222,"date":"2025-04-03T17:56:30","date_gmt":"2025-04-03T17:56:30","guid":{"rendered":"https:\/\/ledenonciateur224.com\/?p=2222"},"modified":"2025-04-03T17:56:30","modified_gmt":"2025-04-03T17:56:30","slug":"guinee-atelier-de-formation-pour-les-autorites-locales-en-preparation-du-recensement-biometrique-et-du-retour-a-lordre-constitutionnel","status":"publish","type":"post","link":"https:\/\/ledenonciateur224.com\/index.php\/guinee-atelier-de-formation-pour-les-autorites-locales-en-preparation-du-recensement-biometrique-et-du-retour-a-lordre-constitutionnel\/","title":{"rendered":"Guin\u00e9e : Atelier de formation pour les autorit\u00e9s locales en pr\u00e9paration du recensement biom\u00e9trique et du retour \u00e0 l\u2019ordre constitutionnel"},"content":{"rendered":"<p>Dans le cadre du processus de retour \u00e0 l\u2019ordre constitutionnel en R\u00e9publique de Guin\u00e9e, un atelier de formation strat\u00e9gique a \u00e9t\u00e9 lanc\u00e9 pour les administrateurs territoriaux, comprenant les gouverneurs des r\u00e9gions et les pr\u00e9fets des pr\u00e9fectures. Organis\u00e9 par le minist\u00e8re de l\u2019Administration du Territoire et de la D\u00e9centralisation, cet atelier fait suite \u00e0 la publication du d\u00e9cret fixant la tenue du r\u00e9f\u00e9rendum et \u00e0 la r\u00e9ception des kits d\u2019enr\u00f4lement biom\u00e9trique, marquant ainsi une \u00e9tape cl\u00e9 dans la pr\u00e9paration des \u00e9lections \u00e0 venir.<\/p>\n<p><img loading=\"lazy\" decoding=\"async\" class=\"alignnone size-full wp-image-2223\" src=\"https:\/\/ledenonciateur224.com\/wp-content\/uploads\/2025\/04\/img-20250403-wa0106.jpg\" alt=\"\" width=\"1280\" height=\"576\" srcset=\"https:\/\/ledenonciateur224.com\/wp-content\/uploads\/2025\/04\/img-20250403-wa0106.jpg 1280w, https:\/\/ledenonciateur224.com\/wp-content\/uploads\/2025\/04\/img-20250403-wa0106-300x135.jpg 300w, https:\/\/ledenonciateur224.com\/wp-content\/uploads\/2025\/04\/img-20250403-wa0106-1024x461.jpg 1024w, https:\/\/ledenonciateur224.com\/wp-content\/uploads\/2025\/04\/img-20250403-wa0106-768x346.jpg 768w, https:\/\/ledenonciateur224.com\/wp-content\/uploads\/2025\/04\/img-20250403-wa0106-150x68.jpg 150w, https:\/\/ledenonciateur224.com\/wp-content\/uploads\/2025\/04\/img-20250403-wa0106-696x313.jpg 696w, https:\/\/ledenonciateur224.com\/wp-content\/uploads\/2025\/04\/img-20250403-wa0106-1068x481.jpg 1068w, https:\/\/ledenonciateur224.com\/wp-content\/uploads\/2025\/04\/img-20250403-wa0106-933x420.jpg 933w\" sizes=\"auto, (max-width: 1280px) 100vw, 1280px\" \/><\/p>\n<p>Ce s\u00e9minaire, d\u2019une dur\u00e9e de trois jours, se d\u00e9roule du 3 au 5 avril 2025 \u00e0 Conakry et vise \u00e0 renforcer les capacit\u00e9s des autorit\u00e9s locales en mati\u00e8re de gestion \u00e9lectorale et de supervision du recensement biom\u00e9trique national. La formation des gouverneurs et pr\u00e9fets est essentielle pour garantir la transparence, l&rsquo;efficacit\u00e9 et la rigueur du recensement des citoyens guin\u00e9ens \u00e2g\u00e9s de 10 ans et plus. Ce recensement constituera la base du registre national des personnes physiques ainsi que du fichier \u00e9lectoral, \u00e9l\u00e9ments fondamentaux pour l\u2019organisation des \u00e9lections nationales et du r\u00e9f\u00e9rendum pr\u00e9vu en 2025.<\/p>\n<p>L\u2019ouverture de l\u2019atelier a \u00e9t\u00e9 pr\u00e9sid\u00e9e par le Premier ministre, Amadou Oury Bah, qui a soulign\u00e9 l\u2019importance cruciale de cette formation dans la consolidation de la gouvernance du pays. \u00ab Un pays qui ne conna\u00eet pas de mani\u00e8re d\u00e9taill\u00e9e ses citoyens ne pourra pas \u00e9laborer des politiques publiques efficaces \u00bb, a-t-il d\u00e9clar\u00e9, insistant sur le r\u00f4le fondamental de ce recensement pour une gestion publique r\u00e9ussie. Il a \u00e9galement rappel\u00e9 que cette initiative constitue une \u00e9tape essentielle dans la pr\u00e9paration des futures \u00e9lections, garantissant une meilleure gestion des affaires publiques \u00e0 l\u2019\u00e9chelle nationale.<\/p>\n<p><img loading=\"lazy\" decoding=\"async\" class=\"alignnone size-full wp-image-2224\" src=\"https:\/\/ledenonciateur224.com\/wp-content\/uploads\/2025\/04\/img-20250403-wa0099.jpg\" alt=\"\" width=\"1280\" height=\"576\" srcset=\"https:\/\/ledenonciateur224.com\/wp-content\/uploads\/2025\/04\/img-20250403-wa0099.jpg 1280w, https:\/\/ledenonciateur224.com\/wp-content\/uploads\/2025\/04\/img-20250403-wa0099-300x135.jpg 300w, https:\/\/ledenonciateur224.com\/wp-content\/uploads\/2025\/04\/img-20250403-wa0099-1024x461.jpg 1024w, https:\/\/ledenonciateur224.com\/wp-content\/uploads\/2025\/04\/img-20250403-wa0099-768x346.jpg 768w, https:\/\/ledenonciateur224.com\/wp-content\/uploads\/2025\/04\/img-20250403-wa0099-150x68.jpg 150w, https:\/\/ledenonciateur224.com\/wp-content\/uploads\/2025\/04\/img-20250403-wa0099-696x313.jpg 696w, https:\/\/ledenonciateur224.com\/wp-content\/uploads\/2025\/04\/img-20250403-wa0099-1068x481.jpg 1068w, https:\/\/ledenonciateur224.com\/wp-content\/uploads\/2025\/04\/img-20250403-wa0099-933x420.jpg 933w\" sizes=\"auto, (max-width: 1280px) 100vw, 1280px\" \/><\/p>\n<p>De son c\u00f4t\u00e9, le ministre de l\u2019Administration du Territoire et de la D\u00e9centralisation, Ibrahima Kalil Cond\u00e9, a pr\u00e9cis\u00e9 que cette formation permettra aux administrateurs territoriaux de remplir pleinement leur r\u00f4le et leurs responsabilit\u00e9s. \u00ab Cette session sera consacr\u00e9e \u00e0 la gestion op\u00e9rationnelle du recensement biom\u00e9trique et \u00e0 l\u2019administration \u00e9lectorale, dans la vision \u00e9clair\u00e9e de son excellence, monsieur le pr\u00e9sident de la R\u00e9publique. Pour assurer le bon d\u00e9roulement de ces op\u00e9rations, il est imp\u00e9ratif que chaque acteur assume pleinement ses responsabilit\u00e9s dans la coordination et le suivi des activit\u00e9s li\u00e9es au recensement biom\u00e9trique, en particulier pour les citoyens guin\u00e9ens \u00e2g\u00e9s de 10 ans et plus \u00bb, a-t-il affirm\u00e9.<\/p>\n<p>Le ministre Cond\u00e9 a \u00e9galement mis en \u00e9vidence l&rsquo;importance de la rigueur et de la transparence dans cette op\u00e9ration, pr\u00e9cisant que le recensement biom\u00e9trique et la constitution du fichier \u00e9lectoral sont des \u00e9tapes cruciales pour le bon d\u00e9roulement du r\u00e9f\u00e9rendum et des \u00e9lections pr\u00e9vues en 2025. Il a conclu en soulignant que cet atelier repr\u00e9sente une pierre angulaire du processus de transition politique en Guin\u00e9e.<\/p>\n<p><img loading=\"lazy\" decoding=\"async\" class=\"alignnone size-full wp-image-2225\" src=\"https:\/\/ledenonciateur224.com\/wp-content\/uploads\/2025\/04\/img-20250403-wa0085.jpg\" alt=\"\" width=\"1280\" height=\"576\" srcset=\"https:\/\/ledenonciateur224.com\/wp-content\/uploads\/2025\/04\/img-20250403-wa0085.jpg 1280w, https:\/\/ledenonciateur224.com\/wp-content\/uploads\/2025\/04\/img-20250403-wa0085-300x135.jpg 300w, https:\/\/ledenonciateur224.com\/wp-content\/uploads\/2025\/04\/img-20250403-wa0085-1024x461.jpg 1024w, https:\/\/ledenonciateur224.com\/wp-content\/uploads\/2025\/04\/img-20250403-wa0085-768x346.jpg 768w, https:\/\/ledenonciateur224.com\/wp-content\/uploads\/2025\/04\/img-20250403-wa0085-150x68.jpg 150w, https:\/\/ledenonciateur224.com\/wp-content\/uploads\/2025\/04\/img-20250403-wa0085-696x313.jpg 696w, https:\/\/ledenonciateur224.com\/wp-content\/uploads\/2025\/04\/img-20250403-wa0085-1068x481.jpg 1068w, https:\/\/ledenonciateur224.com\/wp-content\/uploads\/2025\/04\/img-20250403-wa0085-933x420.jpg 933w\" sizes=\"auto, (max-width: 1280px) 100vw, 1280px\" \/><\/p>\n<p>Le Premier ministre a, quant \u00e0 lui, rappel\u00e9 que cet \u00e9v\u00e9nement est une occasion unique pour le corps pr\u00e9fectoral et les gouverneurs de se rencontrer \u00e0 Conakry, d\u2019\u00e9changer et d\u2019approfondir leur compr\u00e9hension des enjeux de cette p\u00e9riode cruciale pour le pays. \u00ab C\u2019est l\u2019une des op\u00e9rations les plus importantes de la p\u00e9riode politique actuelle. Un pays qui ne conna\u00eet pas de mani\u00e8re pr\u00e9cise ses citoyens ne peut pas mettre en place des politiques publiques efficaces et durables \u00bb, a soulign\u00e9 Amadou Oury Bah.<\/p>\n<p>&nbsp;<\/p>\n<p>En somme, cet atelier de formation est une \u00e9tape d\u00e9terminante dans la pr\u00e9paration du recensement biom\u00e9trique et du processus \u00e9lectoral en Guin\u00e9e. Il est con\u00e7u pour doter les autorit\u00e9s locales des outils n\u00e9cessaires pour assurer la r\u00e9ussite de cette op\u00e9ration et du retour \u00e0 un ordre constitutionnel solide et d\u00e9mocratique.<\/p>\n<p><em>AMC pour Ledenonciateur224.com\u00a0<\/em><\/p>\n","protected":false},"excerpt":{"rendered":"<p>Dans le cadre du processus de retour \u00e0 l\u2019ordre constitutionnel en R\u00e9publique de Guin\u00e9e, un atelier de formation strat\u00e9gique a \u00e9t\u00e9 lanc\u00e9 pour les administrateurs territoriaux, comprenant les gouverneurs des r\u00e9gions et les pr\u00e9fets des pr\u00e9fectures. Organis\u00e9 par le minist\u00e8re de l\u2019Administration du Territoire et de la D\u00e9centralisation, cet atelier fait suite \u00e0 la publication [&hellip;]<\/p>\n","protected":false},"author":2,"featured_media":2226,"comment_status":"open","ping_status":"open","sticky":false,"template":"","format":"standard","meta":{"_jetpack_memberships_contains_paid_content":false,"footnotes":"","jetpack_publicize_message":"","jetpack_publicize_feature_enabled":true,"jetpack_social_post_already_shared":true,"jetpack_social_options":{"image_generator_settings":{"template":"highway","default_image_id":0,"font":"","enabled":false},"version":2}},"categories":[24,27],"tags":[587,35],"class_list":{"0":"post-2222","1":"post","2":"type-post","3":"status-publish","4":"format-standard","5":"has-post-thumbnail","7":"category-news","8":"category-politique","9":"tag-recensement-biometrique","10":"tag-guinee"},"jetpack_publicize_connections":[],"jetpack_featured_media_url":"https:\/\/ledenonciateur224.com\/wp-content\/uploads\/2025\/04\/20250403-111853-scaled.jpg","jetpack_sharing_enabled":true,"_links":{"self":[{"href":"https:\/\/ledenonciateur224.com\/index.php\/wp-json\/wp\/v2\/posts\/2222","targetHints":{"allow":["GET"]}}],"collection":[{"href":"https:\/\/ledenonciateur224.com\/index.php\/wp-json\/wp\/v2\/posts"}],"about":[{"href":"https:\/\/ledenonciateur224.com\/index.php\/wp-json\/wp\/v2\/types\/post"}],"author":[{"embeddable":true,"href":"https:\/\/ledenonciateur224.com\/index.php\/wp-json\/wp\/v2\/users\/2"}],"replies":[{"embeddable":true,"href":"https:\/\/ledenonciateur224.com\/index.php\/wp-json\/wp\/v2\/comments?post=2222"}],"version-history":[{"count":0,"href":"https:\/\/ledenonciateur224.com\/index.php\/wp-json\/wp\/v2\/posts\/2222\/revisions"}],"wp:featuredmedia":[{"embeddable":true,"href":"https:\/\/ledenonciateur224.com\/index.php\/wp-json\/wp\/v2\/media\/2226"}],"wp:attachment":[{"href":"https:\/\/ledenonciateur224.com\/index.php\/wp-json\/wp\/v2\/media?parent=2222"}],"wp:term":[{"taxonomy":"category","embeddable":true,"href":"https:\/\/ledenonciateur224.com\/index.php\/wp-json\/wp\/v2\/categories?post=2222"},{"taxonomy":"post_tag","embeddable":true,"href":"https:\/\/ledenonciateur224.com\/index.php\/wp-json\/wp\/v2\/tags?post=2222"}],"curies":[{"name":"wp","href":"https:\/\/api.w.org\/{rel}","templated":true}]}}