{"id":2240,"date":"2025-04-04T10:39:28","date_gmt":"2025-04-04T10:39:28","guid":{"rendered":"https:\/\/ledenonciateur224.com\/?p=2240"},"modified":"2025-04-04T10:39:28","modified_gmt":"2025-04-04T10:39:28","slug":"memo-des-secretaires-federaux-de-lufdg-joachim-baba-millimono-clarifie-et-assume-pleinement-sa-contribution-a-sa-redaction","status":"publish","type":"post","link":"https:\/\/ledenonciateur224.com\/index.php\/memo-des-secretaires-federaux-de-lufdg-joachim-baba-millimono-clarifie-et-assume-pleinement-sa-contribution-a-sa-redaction\/","title":{"rendered":"M\u00e9mo des secr\u00e9taires f\u00e9d\u00e9raux de l&rsquo;UFDG : Joachim Baba Millimono clarifie et assume pleinement sa contribution \u00e0 sa r\u00e9daction"},"content":{"rendered":"<p><em>\u00ab\u00a0<\/em><strong>Ce m\u00e9mo a \u00e9t\u00e9 \u00e9crit uniquement dans le soucis d\u2019aider le pr\u00e9sident Cellou \u00e0 prendre des d\u00e9cisions \u00e9clair\u00e9es afin de sauver le parti du naufrage certain que tout le monde redoute aujourd\u2019hui\u00a0<\/strong><em>\u00bb.<\/em><\/p>\n<p>C\u2019est la pr\u00e9cision apport\u00e9e par le Cordinateur de la cellule de communication de l\u2019UFDG sur le m\u00e9morandum des secr\u00e9taires f\u00e9d\u00e9raux du parti de la Haute Guin\u00e9e et de la Guin\u00e9e foresti\u00e8re qui demandent \u00e0 Cellou Dalein Diallo de r\u00e9int\u00e9grer les cadres exclus, d\u2019accepter une transition vers une pr\u00e9sidence d\u2019honneur et d\u2019organiser un congr\u00e8s unitaire.<\/p>\n<p>Sur les accusations port\u00e9es en son encontre, Joachim Baba Millimouno assume pleinement avoir pris part \u00e0 cette rencontre de ces f\u00e9d\u00e9raux et \u00e0 la r\u00e9daction dudit document.<em><br \/>\n\u00ab J\u2019assume que j\u2019ai particip\u00e9 \u00e0 une r\u00e9union des f\u00e9d\u00e9raux de la Haute Guin\u00e9e et de la For\u00eat, oui. J\u2019ai aid\u00e9 \u00e0 la r\u00e9daction de ce m\u00e9morandum, je l\u2019assume pleinement et il y a rien de mal \u00e0 cela \u00bb.<\/em><\/p>\n<p>Le document a fuit\u00e9, souligne Joachim qui pr\u00e9cise que le m\u00e9morandum \u00e9tait destin\u00e9 au pr\u00e9sident du parti, \u00e0 ses vices-pr\u00e9sidents et \u00e0 son directeur de Cabinet et ne comprend pas pourquoi cela pourrait constituer une conspiration au sein de l\u2019UFDG ?<\/p>\n<p><em>\u00ab <\/em><strong>Ce document a \u00e9t\u00e9 enregistr\u00e9 en bonne et due forme comme cela se doit et comme cela se fait toujours au secr\u00e9tariat g\u00e9n\u00e9ral du parti. Celui qui a re\u00e7u a annot\u00e9 dans le courrier et l\u2019a enregistr\u00e9. L\u2019un dans l\u2019autre en quoi un document comme \u00e7a constitue une trahison ou une tentative de d\u00e9stabilisation du parti ?\u00a0<\/strong><br \/>\n<em><br \/>\n<strong>Les gens expriment leur soucis de pr\u00e9server les acquis, parlent des probl\u00e8mes que tout le monde conna\u00eet. En quoi cela constitue une trahison \u00a0ou une conspiration ? Le document dont il s\u2019agit n\u2019\u00e9tait pas destin\u00e9 au public, il a fuit\u00e9 puisqu\u2019il \u00e9tait destin\u00e9 uniquement au pr\u00e9sident du parti , \u00e0 ses vices-pr\u00e9sidents et \u00e0 son directeur de cabinet<\/strong> \u00bb,\u00a0<\/em>a-t-il conclu.<\/p>\n","protected":false},"excerpt":{"rendered":"<p>\u00ab\u00a0Ce m\u00e9mo a \u00e9t\u00e9 \u00e9crit uniquement dans le soucis d\u2019aider le pr\u00e9sident Cellou \u00e0 prendre des d\u00e9cisions \u00e9clair\u00e9es afin de sauver le parti du naufrage certain que tout le monde redoute aujourd\u2019hui\u00a0\u00bb. C\u2019est la pr\u00e9cision apport\u00e9e par le Cordinateur de la cellule de communication de l\u2019UFDG sur le m\u00e9morandum des secr\u00e9taires f\u00e9d\u00e9raux du parti de [&hellip;]<\/p>\n","protected":false},"author":2,"featured_media":2242,"comment_status":"open","ping_status":"open","sticky":false,"template":"","format":"standard","meta":{"_jetpack_memberships_contains_paid_content":false,"footnotes":"","jetpack_publicize_message":"","jetpack_publicize_feature_enabled":true,"jetpack_social_post_already_shared":true,"jetpack_social_options":{"image_generator_settings":{"template":"highway","default_image_id":0,"font":"","enabled":false},"version":2}},"categories":[24,27],"tags":[589,591],"class_list":{"0":"post-2240","1":"post","2":"type-post","3":"status-publish","4":"format-standard","5":"has-post-thumbnail","7":"category-news","8":"category-politique","9":"tag-cellou-dalein","10":"tag-joachim-baba-millimono"},"jetpack_publicize_connections":[],"jetpack_featured_media_url":"https:\/\/ledenonciateur224.com\/wp-content\/uploads\/2025\/04\/20250314-120513-scaled.jpg","jetpack_sharing_enabled":true,"_links":{"self":[{"href":"https:\/\/ledenonciateur224.com\/index.php\/wp-json\/wp\/v2\/posts\/2240","targetHints":{"allow":["GET"]}}],"collection":[{"href":"https:\/\/ledenonciateur224.com\/index.php\/wp-json\/wp\/v2\/posts"}],"about":[{"href":"https:\/\/ledenonciateur224.com\/index.php\/wp-json\/wp\/v2\/types\/post"}],"author":[{"embeddable":true,"href":"https:\/\/ledenonciateur224.com\/index.php\/wp-json\/wp\/v2\/users\/2"}],"replies":[{"embeddable":true,"href":"https:\/\/ledenonciateur224.com\/index.php\/wp-json\/wp\/v2\/comments?post=2240"}],"version-history":[{"count":0,"href":"https:\/\/ledenonciateur224.com\/index.php\/wp-json\/wp\/v2\/posts\/2240\/revisions"}],"wp:featuredmedia":[{"embeddable":true,"href":"https:\/\/ledenonciateur224.com\/index.php\/wp-json\/wp\/v2\/media\/2242"}],"wp:attachment":[{"href":"https:\/\/ledenonciateur224.com\/index.php\/wp-json\/wp\/v2\/media?parent=2240"}],"wp:term":[{"taxonomy":"category","embeddable":true,"href":"https:\/\/ledenonciateur224.com\/index.php\/wp-json\/wp\/v2\/categories?post=2240"},{"taxonomy":"post_tag","embeddable":true,"href":"https:\/\/ledenonciateur224.com\/index.php\/wp-json\/wp\/v2\/tags?post=2240"}],"curies":[{"name":"wp","href":"https:\/\/api.w.org\/{rel}","templated":true}]}}