{"id":2244,"date":"2025-04-04T11:51:01","date_gmt":"2025-04-04T11:51:01","guid":{"rendered":"https:\/\/ledenonciateur224.com\/?p=2244"},"modified":"2025-04-04T11:51:01","modified_gmt":"2025-04-04T11:51:01","slug":"le-grand-prix-litteraire-du-president-de-la-republique-de-guinee-une-distinction-pour-promouvoir-la-litterature-guineenne","status":"publish","type":"post","link":"https:\/\/ledenonciateur224.com\/index.php\/le-grand-prix-litteraire-du-president-de-la-republique-de-guinee-une-distinction-pour-promouvoir-la-litterature-guineenne\/","title":{"rendered":"Le Grand Prix Litt\u00e9raire du Pr\u00e9sident de la R\u00e9publique de Guin\u00e9e : Une distinction pour promouvoir la litt\u00e9rature guin\u00e9enne"},"content":{"rendered":"<p>Le Grand Prix Litt\u00e9raire du Pr\u00e9sident de la R\u00e9publique de Guin\u00e9e, cr\u00e9\u00e9 par le Minist\u00e8re de la Culture, du Tourisme et de l&rsquo;Artisanat en partenariat avec les associations d\u2019\u00e9crivains et d\u2019\u00e9diteurs de Guin\u00e9e, vise \u00e0 valoriser l\u2019excellence et l\u2019innovation litt\u00e9raire. Plac\u00e9 sous le Haut Patronage du Premier Ministre, ce prix est la plus haute distinction litt\u00e9raire du pays, et son ambition est de faire rayonner la litt\u00e9rature guin\u00e9enne tant au niveau national qu\u2019international.<\/p>\n<p><span style=\"color: #333333;font-family: helvetica neue, helvetica, roboto, arial, sans-serif\">\u00c0 lire&#8230;<\/span><\/p>\n<p><span style=\"color: #333333;font-family: helvetica neue, helvetica, roboto, arial, sans-serif\">D\u00e9p\u00f4t des candidatures<\/span><\/p>\n<p>La p\u00e9riode d&rsquo;inscription s&rsquo;\u00e9tend du 1er au 31 ao\u00fbt 2024.<\/p>\n<p>Les dossiers doivent \u00eatre d\u00e9pos\u00e9s sous pli ferm\u00e9 \u00e0 la Direction G\u00e9n\u00e9rale du Centre de Lecture Publique et d&rsquo;Animation Culturelle (CELPAC) avec la mention &amp; Candidature Grand Prix Litt\u00e9raire du Pr\u00e9sident de la R\u00e9publique \u00bb.<\/p>\n<p>Chaque dossier doit comprendre cinq (5) exemplaires identiques de l&rsquo;ouvrage. Une fiche de candidature, et les documents administratifs requis (pour les \u00e9diteurs).<\/p>\n<p><span style=\"color: #333333;font-family: helvetica neue, helvetica, roboto, arial, sans-serif\">S\u00c9LECTION ET R\u00c9COMPENSES<\/span><\/p>\n<p>Processus de s\u00e9lection<\/p>\n<p>Un comit\u00e9 de pr\u00e9s\u00e9lection, compos\u00e9 de sept (7) experis litt\u00e9raires retiendra sept (7) finalistes.<\/p>\n<p>Un jury final, compos\u00e9 de cinq (5) personnalit\u00e9s litt\u00e9raires de Guin\u00e9e et d&rsquo;Afrique, d\u00e9signera les laur\u00e9ats.<\/p>\n<p>Les d\u00e9cisions du jury sont souveraines et sans appel.<\/p>\n<p>Les r\u00e9sultats seront annonc\u00e9s lors d&rsquo;une c\u00e9r\u00e9monie officielle en pr\u00e9sence du Pr\u00e9sident de la R\u00e9publique.<\/p>\n<p><span style=\"color: #333333;font-family: helvetica neue, helvetica, roboto, arial, sans-serif\">R\u00e9compenses<\/span><\/p>\n<p>1er Laur\u00e9at: 100 000 000 GNF, un troph\u00e9e, une m\u00e9daille, une attestation. Son \u00e9diteur re\u00e7oit 35 000 000 GNF et un satisfecit.<\/p>\n<p>2e Laur\u00e9at: 60 000 000 GNF, une m\u00e9daille, une attestation.<\/p>\n<p>3e Laur\u00e9at: 30 000 000 GNF, une m\u00e9daille, une attestation.<\/p>\n<p>Prix Sp\u00e9cial du Pr\u00e9sident: Peut \u00eatre d\u00e9cern\u00e9 \u00e0 un \u00e9crivain pour l&rsquo;ensemble de son \u0153uvre.<\/p>\n<p><span style=\"color: #333333;font-family: helvetica neue, helvetica, roboto, arial, sans-serif\">ENGAGEMENTS ET DISPOSITIONS FINALES<\/span><\/p>\n<p>Engagements des parties.\u00a0CELPAC: Promotion des \u0153uvres prim\u00e9es, accompagnement des laur\u00e9ats.<\/p>\n<p><span style=\"color: #333333;font-family: helvetica neue, helvetica, roboto, arial, sans-serif\">Editeurs: Mention &lt;&lt; Grand Prix Litt\u00e9raire du Pr\u00e9sident de la R\u00e9publique &gt;&gt;&gt; sur les exemplaires prim\u00e9s.<\/span><\/p>\n<p>Laur\u00e9ats: Repr\u00e9sentation de la Guin\u00e9e dans les \u00e9v\u00e9nements litt\u00e9raires Internationaux.<\/p>\n<p><span style=\"color: #333333;font-family: helvetica neue, helvetica, roboto, arial, sans-serif\">Dispositions finales<\/span><\/p>\n<p>Le Grand Prix Litt\u00e9raire du Pr\u00e9sident de la R\u00e9publique est d\u00e9clar\u00e9 d&rsquo;utilit\u00e9 publique par d\u00e9cret pr\u00e9sidentiel.<\/p>\n<p>Une communication r\u00e9guli\u00e8re assurera la transparence du processus.<\/p>\n<p>Une \u00e9valuation annuelle sera r\u00e9alis\u00e9e pour mesurer son impact sur la promotion du livre en Guin\u00e9e.<\/p>\n<p>A M C pour Ledenonciateur224.com<\/p>\n","protected":false},"excerpt":{"rendered":"<p>Le Grand Prix Litt\u00e9raire du Pr\u00e9sident de la R\u00e9publique de Guin\u00e9e, cr\u00e9\u00e9 par le Minist\u00e8re de la Culture, du Tourisme et de l&rsquo;Artisanat en partenariat avec les associations d\u2019\u00e9crivains et d\u2019\u00e9diteurs de Guin\u00e9e, vise \u00e0 valoriser l\u2019excellence et l\u2019innovation litt\u00e9raire. Plac\u00e9 sous le Haut Patronage du Premier Ministre, ce prix est la plus haute distinction [&hellip;]<\/p>\n","protected":false},"author":2,"featured_media":2245,"comment_status":"open","ping_status":"open","sticky":false,"template":"","format":"standard","meta":{"_jetpack_memberships_contains_paid_content":false,"footnotes":"","jetpack_publicize_message":"","jetpack_publicize_feature_enabled":true,"jetpack_social_post_already_shared":true,"jetpack_social_options":{"image_generator_settings":{"template":"highway","default_image_id":0,"font":"","enabled":false},"version":2}},"categories":[25,28,24],"tags":[592,593,53],"class_list":{"0":"post-2244","1":"post","2":"type-post","3":"status-publish","4":"format-standard","5":"has-post-thumbnail","7":"category-annonce","8":"category-culture","9":"category-news","10":"tag-litteraire","11":"tag-prix-litteraire-du-president","12":"tag-culture-guineenne"},"jetpack_publicize_connections":[],"jetpack_featured_media_url":"https:\/\/ledenonciateur224.com\/wp-content\/uploads\/2025\/04\/20250404-113113-scaled.jpg","jetpack_sharing_enabled":true,"_links":{"self":[{"href":"https:\/\/ledenonciateur224.com\/index.php\/wp-json\/wp\/v2\/posts\/2244","targetHints":{"allow":["GET"]}}],"collection":[{"href":"https:\/\/ledenonciateur224.com\/index.php\/wp-json\/wp\/v2\/posts"}],"about":[{"href":"https:\/\/ledenonciateur224.com\/index.php\/wp-json\/wp\/v2\/types\/post"}],"author":[{"embeddable":true,"href":"https:\/\/ledenonciateur224.com\/index.php\/wp-json\/wp\/v2\/users\/2"}],"replies":[{"embeddable":true,"href":"https:\/\/ledenonciateur224.com\/index.php\/wp-json\/wp\/v2\/comments?post=2244"}],"version-history":[{"count":0,"href":"https:\/\/ledenonciateur224.com\/index.php\/wp-json\/wp\/v2\/posts\/2244\/revisions"}],"wp:featuredmedia":[{"embeddable":true,"href":"https:\/\/ledenonciateur224.com\/index.php\/wp-json\/wp\/v2\/media\/2245"}],"wp:attachment":[{"href":"https:\/\/ledenonciateur224.com\/index.php\/wp-json\/wp\/v2\/media?parent=2244"}],"wp:term":[{"taxonomy":"category","embeddable":true,"href":"https:\/\/ledenonciateur224.com\/index.php\/wp-json\/wp\/v2\/categories?post=2244"},{"taxonomy":"post_tag","embeddable":true,"href":"https:\/\/ledenonciateur224.com\/index.php\/wp-json\/wp\/v2\/tags?post=2244"}],"curies":[{"name":"wp","href":"https:\/\/api.w.org\/{rel}","templated":true}]}}