{"id":2250,"date":"2025-04-04T19:41:58","date_gmt":"2025-04-04T19:41:58","guid":{"rendered":"https:\/\/ledenonciateur224.com\/?p=2250"},"modified":"2025-04-04T19:41:58","modified_gmt":"2025-04-04T19:41:58","slug":"circulation-des-vehicules-administratifs-va-la-police-et-la-gendarmerie-appelees-a-garantir-le-respect-des-horaires-et-jours-de-travail","status":"publish","type":"post","link":"https:\/\/ledenonciateur224.com\/index.php\/circulation-des-vehicules-administratifs-va-la-police-et-la-gendarmerie-appelees-a-garantir-le-respect-des-horaires-et-jours-de-travail\/","title":{"rendered":"Circulation des v\u00e9hicules administratifs (VA) : la Police et la Gendarmerie appel\u00e9es \u00e0 garantir le respect des horaires et jours de travail"},"content":{"rendered":"<div dir=\"auto\">\n<p>&nbsp;<\/p>\n<\/div>\n<div dir=\"auto\">LETTRE CIRCULAIRE<\/div>\n<div dir=\"auto\"><\/div>\n<div dir=\"auto\"><\/div>\n<div dir=\"auto\">A tous les Agents de l\u2019\u00c9tat<\/div>\n<div dir=\"auto\"><\/div>\n<div dir=\"auto\">Objet: Rappel des dispositions sur l\u2019utilisation des v\u00e9hicules administratifs<\/div>\n<div dir=\"auto\"><\/div>\n<div dir=\"auto\">Mesdames et Messieurs,<\/div>\n<div dir=\"auto\"><\/div>\n<div dir=\"auto\">En application de l\u2019Arr\u00eat\u00e9 A\/2022\/3135\/MTFP\/CAB\/SGG d\u00e9finissant les modalit\u00e9s d\u2019application du d\u00e9cret D\/2022\/0534\/PRG\/CNRD\/SGG du 8 novembre 2022, fixant les horaires de travail en R\u00e9publique de Guin\u00e9e, et sur instructions de Mr le Premier Ministre, il me revient de vous rappeler les dispositions ci-apr\u00e8s:<\/div>\n<div dir=\"auto\"><\/div>\n<div dir=\"auto\">Les v\u00e9hicules administratifs sont exclusivement d\u00e9di\u00e9s \u00e0 l\u2019usage professionnel.<\/div>\n<div dir=\"auto\"><\/div>\n<div dir=\"auto\">La circulation des v\u00e9hicules administratifs n\u2019est autoris\u00e9e que pendant les heures et jours de travail. En dehors des heures et jours de travail, la circulation des v\u00e9hicules administratifs est subordonn\u00e9e \u00e0 l\u2019autorisation de l\u2019Autorit\u00e9 de tutelle.<\/div>\n<div dir=\"auto\"><\/div>\n<div dir=\"auto\">Les autorit\u00e9s comp\u00e9tentes, notamment les Chefs des D\u00e9partements Minist\u00e9riels, les Gouverneurs de r\u00e9gion, les Pr\u00e9fets, les Chefs de services, les Inspecteurs de l\u2019administration publique du Minist\u00e8re du Travail et de la Fonction Publique, les Chefs des divisions des ressources humaines de l\u2019administration publique sont charg\u00e9es d\u2019assurer l\u2019application des dispositions ci-dessus.<\/div>\n<div dir=\"auto\"><\/div>\n<div dir=\"auto\">La police et la gendarmerie nationales sont charg\u00e9es de veiller au respect de cette disposition sur toute l\u2019\u00e9tendue du territoire national.<\/div>\n<div dir=\"auto\"><\/div>\n<div dir=\"auto\">Je sais compter sur l\u2019esprit civique et l\u2019engagement de l\u2019ensemble des agents de l\u2019\u00c9tat au respect des dispositions de la pr\u00e9sente lettre-circulaire.<\/div>\n<div dir=\"auto\"><\/div>\n<div dir=\"auto\">Le Ministre du Travail de la Fonction publique<\/div>\n","protected":false},"excerpt":{"rendered":"<p>&nbsp; LETTRE CIRCULAIRE A tous les Agents de l\u2019\u00c9tat Objet: Rappel des dispositions sur l\u2019utilisation des v\u00e9hicules administratifs Mesdames et Messieurs, En application de l\u2019Arr\u00eat\u00e9 A\/2022\/3135\/MTFP\/CAB\/SGG d\u00e9finissant les modalit\u00e9s d\u2019application du d\u00e9cret D\/2022\/0534\/PRG\/CNRD\/SGG du 8 novembre 2022, fixant les horaires de travail en R\u00e9publique de Guin\u00e9e, et sur instructions de Mr le Premier Ministre, il [&hellip;]<\/p>\n","protected":false},"author":2,"featured_media":506,"comment_status":"open","ping_status":"open","sticky":false,"template":"","format":"standard","meta":{"_jetpack_memberships_contains_paid_content":false,"footnotes":"","jetpack_publicize_message":"","jetpack_publicize_feature_enabled":true,"jetpack_social_post_already_shared":true,"jetpack_social_options":{"image_generator_settings":{"template":"highway","default_image_id":0,"font":"","enabled":false},"version":2}},"categories":[25,24],"tags":[590,532,595],"class_list":{"0":"post-2250","1":"post","2":"type-post","3":"status-publish","4":"format-standard","5":"has-post-thumbnail","7":"category-annonce","8":"category-news","9":"tag-guinee-actualite","10":"tag-travail","11":"tag-vehicules-administratifs"},"jetpack_publicize_connections":[],"jetpack_featured_media_url":"https:\/\/ledenonciateur224.com\/wp-content\/uploads\/2024\/12\/470183405-8902162953162705-1723968645351958058-n.jpg","jetpack_sharing_enabled":true,"_links":{"self":[{"href":"https:\/\/ledenonciateur224.com\/index.php\/wp-json\/wp\/v2\/posts\/2250","targetHints":{"allow":["GET"]}}],"collection":[{"href":"https:\/\/ledenonciateur224.com\/index.php\/wp-json\/wp\/v2\/posts"}],"about":[{"href":"https:\/\/ledenonciateur224.com\/index.php\/wp-json\/wp\/v2\/types\/post"}],"author":[{"embeddable":true,"href":"https:\/\/ledenonciateur224.com\/index.php\/wp-json\/wp\/v2\/users\/2"}],"replies":[{"embeddable":true,"href":"https:\/\/ledenonciateur224.com\/index.php\/wp-json\/wp\/v2\/comments?post=2250"}],"version-history":[{"count":0,"href":"https:\/\/ledenonciateur224.com\/index.php\/wp-json\/wp\/v2\/posts\/2250\/revisions"}],"wp:featuredmedia":[{"embeddable":true,"href":"https:\/\/ledenonciateur224.com\/index.php\/wp-json\/wp\/v2\/media\/506"}],"wp:attachment":[{"href":"https:\/\/ledenonciateur224.com\/index.php\/wp-json\/wp\/v2\/media?parent=2250"}],"wp:term":[{"taxonomy":"category","embeddable":true,"href":"https:\/\/ledenonciateur224.com\/index.php\/wp-json\/wp\/v2\/categories?post=2250"},{"taxonomy":"post_tag","embeddable":true,"href":"https:\/\/ledenonciateur224.com\/index.php\/wp-json\/wp\/v2\/tags?post=2250"}],"curies":[{"name":"wp","href":"https:\/\/api.w.org\/{rel}","templated":true}]}}