{"id":2254,"date":"2025-04-05T14:13:36","date_gmt":"2025-04-05T14:13:36","guid":{"rendered":"https:\/\/ledenonciateur224.com\/?p=2254"},"modified":"2025-04-05T14:13:36","modified_gmt":"2025-04-05T14:13:36","slug":"ufdg-joachim-baba-millimono-limoge-et-remplace-par-souleymane-konate-a-la-tete-de-la-communication","status":"publish","type":"post","link":"https:\/\/ledenonciateur224.com\/index.php\/ufdg-joachim-baba-millimono-limoge-et-remplace-par-souleymane-konate-a-la-tete-de-la-communication\/","title":{"rendered":"UFDG : Joachim Baba Millimono limog\u00e9 et remplac\u00e9 par Souleymane Konat\u00e9 \u00e0 la t\u00eate de la communication"},"content":{"rendered":"<p>Ce samedi 5 avril 2025, Cellou Dalein Diallo, leader de l\u2019Union des Forces D\u00e9mocratiques de Guin\u00e9e (UFDG), a op\u00e9r\u00e9 un changement significatif au sein de la cellule de communication de son parti. Par une d\u00e9cision officielle, Souleymane Konat\u00e9, jusqu\u2019alors Conseiller en Communication du Pr\u00e9sident, a \u00e9t\u00e9 nomm\u00e9 nouveau Coordinateur de la Cellule de Communication de l\u2019UFDG. Il remplace ainsi Joachim Baba Millimono, qui occupait ce poste depuis un certain temps.<\/p>\n<p>&nbsp;<\/p>\n<p>Ledenonciateur224.com<\/p>\n","protected":false},"excerpt":{"rendered":"<p>Ce samedi 5 avril 2025, Cellou Dalein Diallo, leader de l\u2019Union des Forces D\u00e9mocratiques de Guin\u00e9e (UFDG), a op\u00e9r\u00e9 un changement significatif au sein de la cellule de communication de son parti. Par une d\u00e9cision officielle, Souleymane Konat\u00e9, jusqu\u2019alors Conseiller en Communication du Pr\u00e9sident, a \u00e9t\u00e9 nomm\u00e9 nouveau Coordinateur de la Cellule de Communication de [&hellip;]<\/p>\n","protected":false},"author":2,"featured_media":1680,"comment_status":"open","ping_status":"open","sticky":false,"template":"","format":"standard","meta":{"_jetpack_memberships_contains_paid_content":false,"footnotes":"","jetpack_publicize_message":"","jetpack_publicize_feature_enabled":true,"jetpack_social_post_already_shared":true,"jetpack_social_options":{"image_generator_settings":{"template":"highway","default_image_id":0,"font":"","enabled":false},"version":2}},"categories":[24,27],"tags":[589,591,588],"class_list":{"0":"post-2254","1":"post","2":"type-post","3":"status-publish","4":"format-standard","5":"has-post-thumbnail","7":"category-news","8":"category-politique","9":"tag-cellou-dalein","10":"tag-joachim-baba-millimono","11":"tag-parti-ufdg"},"jetpack_publicize_connections":[],"jetpack_featured_media_url":"https:\/\/ledenonciateur224.com\/wp-content\/uploads\/2025\/03\/images-3.jpeg","jetpack_sharing_enabled":true,"_links":{"self":[{"href":"https:\/\/ledenonciateur224.com\/index.php\/wp-json\/wp\/v2\/posts\/2254","targetHints":{"allow":["GET"]}}],"collection":[{"href":"https:\/\/ledenonciateur224.com\/index.php\/wp-json\/wp\/v2\/posts"}],"about":[{"href":"https:\/\/ledenonciateur224.com\/index.php\/wp-json\/wp\/v2\/types\/post"}],"author":[{"embeddable":true,"href":"https:\/\/ledenonciateur224.com\/index.php\/wp-json\/wp\/v2\/users\/2"}],"replies":[{"embeddable":true,"href":"https:\/\/ledenonciateur224.com\/index.php\/wp-json\/wp\/v2\/comments?post=2254"}],"version-history":[{"count":0,"href":"https:\/\/ledenonciateur224.com\/index.php\/wp-json\/wp\/v2\/posts\/2254\/revisions"}],"wp:featuredmedia":[{"embeddable":true,"href":"https:\/\/ledenonciateur224.com\/index.php\/wp-json\/wp\/v2\/media\/1680"}],"wp:attachment":[{"href":"https:\/\/ledenonciateur224.com\/index.php\/wp-json\/wp\/v2\/media?parent=2254"}],"wp:term":[{"taxonomy":"category","embeddable":true,"href":"https:\/\/ledenonciateur224.com\/index.php\/wp-json\/wp\/v2\/categories?post=2254"},{"taxonomy":"post_tag","embeddable":true,"href":"https:\/\/ledenonciateur224.com\/index.php\/wp-json\/wp\/v2\/tags?post=2254"}],"curies":[{"name":"wp","href":"https:\/\/api.w.org\/{rel}","templated":true}]}}