{"id":2290,"date":"2025-04-08T12:48:50","date_gmt":"2025-04-08T12:48:50","guid":{"rendered":"https:\/\/ledenonciateur224.com\/?p=2290"},"modified":"2025-04-08T12:48:50","modified_gmt":"2025-04-08T12:48:50","slug":"tpi-de-kankan-bangaly-traore-exprime-son-regret-apres-lacte","status":"publish","type":"post","link":"https:\/\/ledenonciateur224.com\/index.php\/tpi-de-kankan-bangaly-traore-exprime-son-regret-apres-lacte\/","title":{"rendered":"TPI de Kankan : Bangaly Traor\u00e9 exprime son regret apr\u00e8s\u00a0 l&rsquo;acte&#8230;"},"content":{"rendered":"<p>&nbsp;<\/p>\n<p>Le proc\u00e8s opposant Bangaly Traor\u00e9 au minist\u00e8re publique s&rsquo;est ouvert ce mardi 8 avril au tribunal de premi\u00e8re instance de Kankan, d\u00e9localis\u00e9 dans l\u2019enceinte de la cour d\u2019appel. Ce dernier est accus\u00e9 d\u2019avoir tu\u00e9 Adama Traor\u00e9 avec laquelle il entretenait une relation amoureuse.<\/p>\n<p>A la barre, Bangaly Traor\u00e9 n&rsquo;a pas manqu\u00e9 d&rsquo;exprimer son regret. Il a affirm\u00e9 qu&rsquo;il tenterait se suicider apr\u00e8s avoir commis l&rsquo;acte d&rsquo;assassinat de la dame \u00ab <em><strong>J\u2019ai achet\u00e9 un couteau et de l\u2019herbicide pour tuer Adama Traor\u00e9 et me donner la mort. Apr\u00e8s l\u2019avoir poignard\u00e9, j\u2019ai bu l\u2019herbicide, mais je ne savais pas que ce produit ne pouvait pas me tuer\u00a0<\/strong><\/em>\u00bb, dit-il<\/p>\n<p>Ledenonciateur224.com<\/p>\n","protected":false},"excerpt":{"rendered":"<p>&nbsp; Le proc\u00e8s opposant Bangaly Traor\u00e9 au minist\u00e8re publique s&rsquo;est ouvert ce mardi 8 avril au tribunal de premi\u00e8re instance de Kankan, d\u00e9localis\u00e9 dans l\u2019enceinte de la cour d\u2019appel. Ce dernier est accus\u00e9 d\u2019avoir tu\u00e9 Adama Traor\u00e9 avec laquelle il entretenait une relation amoureuse. A la barre, Bangaly Traor\u00e9 n&rsquo;a pas manqu\u00e9 d&rsquo;exprimer son regret. [&hellip;]<\/p>\n","protected":false},"author":2,"featured_media":2291,"comment_status":"open","ping_status":"open","sticky":false,"template":"","format":"standard","meta":{"_jetpack_memberships_contains_paid_content":false,"footnotes":"","jetpack_publicize_message":"","jetpack_publicize_feature_enabled":true,"jetpack_social_post_already_shared":true,"jetpack_social_options":{"image_generator_settings":{"template":"highway","default_image_id":0,"font":"","enabled":false},"version":2}},"categories":[30,24,33],"tags":[608,609],"class_list":{"0":"post-2290","1":"post","2":"type-post","3":"status-publish","4":"format-standard","5":"has-post-thumbnail","7":"category-faits-divers","8":"category-news","9":"category-region","10":"tag-assassinat","11":"tag-tpi-kankan"},"jetpack_publicize_connections":[],"jetpack_featured_media_url":"https:\/\/ledenonciateur224.com\/wp-content\/uploads\/2025\/04\/fb-img-1744109992943-1080x570-1.jpg","jetpack_sharing_enabled":true,"_links":{"self":[{"href":"https:\/\/ledenonciateur224.com\/index.php\/wp-json\/wp\/v2\/posts\/2290","targetHints":{"allow":["GET"]}}],"collection":[{"href":"https:\/\/ledenonciateur224.com\/index.php\/wp-json\/wp\/v2\/posts"}],"about":[{"href":"https:\/\/ledenonciateur224.com\/index.php\/wp-json\/wp\/v2\/types\/post"}],"author":[{"embeddable":true,"href":"https:\/\/ledenonciateur224.com\/index.php\/wp-json\/wp\/v2\/users\/2"}],"replies":[{"embeddable":true,"href":"https:\/\/ledenonciateur224.com\/index.php\/wp-json\/wp\/v2\/comments?post=2290"}],"version-history":[{"count":0,"href":"https:\/\/ledenonciateur224.com\/index.php\/wp-json\/wp\/v2\/posts\/2290\/revisions"}],"wp:featuredmedia":[{"embeddable":true,"href":"https:\/\/ledenonciateur224.com\/index.php\/wp-json\/wp\/v2\/media\/2291"}],"wp:attachment":[{"href":"https:\/\/ledenonciateur224.com\/index.php\/wp-json\/wp\/v2\/media?parent=2290"}],"wp:term":[{"taxonomy":"category","embeddable":true,"href":"https:\/\/ledenonciateur224.com\/index.php\/wp-json\/wp\/v2\/categories?post=2290"},{"taxonomy":"post_tag","embeddable":true,"href":"https:\/\/ledenonciateur224.com\/index.php\/wp-json\/wp\/v2\/tags?post=2290"}],"curies":[{"name":"wp","href":"https:\/\/api.w.org\/{rel}","templated":true}]}}