{"id":2303,"date":"2025-04-08T20:58:40","date_gmt":"2025-04-08T20:58:40","guid":{"rendered":"https:\/\/ledenonciateur224.com\/?p=2303"},"modified":"2025-04-08T20:58:40","modified_gmt":"2025-04-08T20:58:40","slug":"meurtre-dadama-konate-bangaly-traore-condamne-a-la-reclusion-criminelle-a-perpetuite","status":"publish","type":"post","link":"https:\/\/ledenonciateur224.com\/index.php\/meurtre-dadama-konate-bangaly-traore-condamne-a-la-reclusion-criminelle-a-perpetuite\/","title":{"rendered":"Meurtre d\u2019Adama Konat\u00e9 : Bangaly Traor\u00e9 condamn\u00e9 \u00e0 la r\u00e9clusion criminelle \u00e0 perp\u00e9tuit\u00e9"},"content":{"rendered":"<p>Le verdict tant attendu dans l\u2019affaire du meurtre d\u2019Adama Konat\u00e9 a \u00e9t\u00e9 prononc\u00e9 par le Tribunal de Premi\u00e8re Instance de Kankan. Bangaly Traor\u00e9, reconnu coupable de l\u2019assassinat de la victime, a \u00e9t\u00e9 condamn\u00e9 \u00e0 la r\u00e9clusion criminelle \u00e0 perp\u00e9tuit\u00e9, avec une p\u00e9riode de s\u00fbret\u00e9 de 30 ans. Durant cette p\u00e9riode, il ne pourra b\u00e9n\u00e9ficier d&rsquo;aucune possibilit\u00e9 de lib\u00e9ration anticip\u00e9e. En plus de cette peine, il a \u00e9t\u00e9 condamn\u00e9 \u00e0 verser trois milliards de francs guin\u00e9ens aux h\u00e9ritiers d\u2019Adama Konat\u00e9, \u00e0 titre de dommages et int\u00e9r\u00eats pour le pr\u00e9judice moral et financier caus\u00e9.<\/p>\n<p>&nbsp;<\/p>\n<p>Ce proc\u00e8s, qui s\u2019est ouvert le 8 avril 2025, a attir\u00e9 une attention particuli\u00e8re \u00e0 Kankan et dans tout le pays, \u00e9tant donn\u00e9 le choc et l&rsquo;\u00e9motion suscit\u00e9s par le meurtre de la victime. La d\u00e9cision du tribunal est per\u00e7ue comme un signe de justice, bien que la communaut\u00e9 reste marqu\u00e9e par la violence du crime.<\/p>\n<p>Ledenonciateur224.com<\/p>\n","protected":false},"excerpt":{"rendered":"<p>Le verdict tant attendu dans l\u2019affaire du meurtre d\u2019Adama Konat\u00e9 a \u00e9t\u00e9 prononc\u00e9 par le Tribunal de Premi\u00e8re Instance de Kankan. Bangaly Traor\u00e9, reconnu coupable de l\u2019assassinat de la victime, a \u00e9t\u00e9 condamn\u00e9 \u00e0 la r\u00e9clusion criminelle \u00e0 perp\u00e9tuit\u00e9, avec une p\u00e9riode de s\u00fbret\u00e9 de 30 ans. Durant cette p\u00e9riode, il ne pourra b\u00e9n\u00e9ficier d&rsquo;aucune [&hellip;]<\/p>\n","protected":false},"author":2,"featured_media":2304,"comment_status":"open","ping_status":"open","sticky":false,"template":"","format":"standard","meta":{"_jetpack_memberships_contains_paid_content":false,"footnotes":"","jetpack_publicize_message":"","jetpack_publicize_feature_enabled":true,"jetpack_social_post_already_shared":true,"jetpack_social_options":{"image_generator_settings":{"template":"highway","default_image_id":0,"font":"","enabled":false},"version":2}},"categories":[30,24,33],"tags":[608,609],"class_list":{"0":"post-2303","1":"post","2":"type-post","3":"status-publish","4":"format-standard","5":"has-post-thumbnail","7":"category-faits-divers","8":"category-news","9":"category-region","10":"tag-assassinat","11":"tag-tpi-kankan"},"jetpack_publicize_connections":[],"jetpack_featured_media_url":"https:\/\/ledenonciateur224.com\/wp-content\/uploads\/2025\/04\/fb-img-1744142283189.jpg","jetpack_sharing_enabled":true,"_links":{"self":[{"href":"https:\/\/ledenonciateur224.com\/index.php\/wp-json\/wp\/v2\/posts\/2303","targetHints":{"allow":["GET"]}}],"collection":[{"href":"https:\/\/ledenonciateur224.com\/index.php\/wp-json\/wp\/v2\/posts"}],"about":[{"href":"https:\/\/ledenonciateur224.com\/index.php\/wp-json\/wp\/v2\/types\/post"}],"author":[{"embeddable":true,"href":"https:\/\/ledenonciateur224.com\/index.php\/wp-json\/wp\/v2\/users\/2"}],"replies":[{"embeddable":true,"href":"https:\/\/ledenonciateur224.com\/index.php\/wp-json\/wp\/v2\/comments?post=2303"}],"version-history":[{"count":0,"href":"https:\/\/ledenonciateur224.com\/index.php\/wp-json\/wp\/v2\/posts\/2303\/revisions"}],"wp:featuredmedia":[{"embeddable":true,"href":"https:\/\/ledenonciateur224.com\/index.php\/wp-json\/wp\/v2\/media\/2304"}],"wp:attachment":[{"href":"https:\/\/ledenonciateur224.com\/index.php\/wp-json\/wp\/v2\/media?parent=2303"}],"wp:term":[{"taxonomy":"category","embeddable":true,"href":"https:\/\/ledenonciateur224.com\/index.php\/wp-json\/wp\/v2\/categories?post=2303"},{"taxonomy":"post_tag","embeddable":true,"href":"https:\/\/ledenonciateur224.com\/index.php\/wp-json\/wp\/v2\/tags?post=2303"}],"curies":[{"name":"wp","href":"https:\/\/api.w.org\/{rel}","templated":true}]}}