{"id":2309,"date":"2025-04-08T21:56:19","date_gmt":"2025-04-08T21:56:19","guid":{"rendered":"https:\/\/ledenonciateur224.com\/?p=2309"},"modified":"2025-04-08T21:56:19","modified_gmt":"2025-04-08T21:56:19","slug":"affaire-fapgaz-le-dg-kaman-sadji-diallo-comparait-une-nouvelle-fois-devant-la-crief-pour-concurrence-deloyale-et-abus-de-fonction","status":"publish","type":"post","link":"https:\/\/ledenonciateur224.com\/index.php\/affaire-fapgaz-le-dg-kaman-sadji-diallo-comparait-une-nouvelle-fois-devant-la-crief-pour-concurrence-deloyale-et-abus-de-fonction\/","title":{"rendered":"Affaire FAPGAZ : Le DG Kaman Sadji Diallo comparait une nouvelle fois devant la CRIEF pour concurrence d\u00e9loyale et abus de fonction"},"content":{"rendered":"<p>Le directeur g\u00e9n\u00e9ral du Fonds d&rsquo;Appui \u00e0 la Promotion des Gaz (FAPGAZ), Kaman Sadji Diallo, a comparu ce mardi 8 avril 2025 devant la Chambre des appels \u00e0 la Cour de R\u00e9pression des Infractions \u00c9conomiques et Financi\u00e8res (CRIEF). Cette comparution fait suite aux poursuites engag\u00e9es par la soci\u00e9t\u00e9 Guin\u00e9e Gaz, qui accuse FAPGAZ et son directeur de concurrence d\u00e9loyale, ainsi que d\u2019abus d\u2019autorit\u00e9 et de fonction.<\/p>\n<p>L\u2019audience a \u00e9t\u00e9 marqu\u00e9e par plusieurs heures d&rsquo;interrogatoires, au cours desquelles Kaman Sadji Diallo a \u00e9t\u00e9 questionn\u00e9 par les avocats de la partie civile. Pour ces derniers, repr\u00e9sent\u00e9s par Me Alpha Yaya Dram\u00e9, Me Mamadou Souar\u00e9 Diop et Me Kalil A\u00efssata Keita, il n\u2019y a aucun doute : FAPGAZ et son directeur sont bel et bien responsables des faits qui leur sont reproch\u00e9s. Cette affaire, qui a retenu l\u2019attention du public, soul\u00e8ve des enjeux importants concernant la r\u00e9gulation et la gestion du secteur du gaz en Guin\u00e9e.<\/p>\n<div dir=\"auto\">\n<div>\n<div><ins><\/p>\n<div><\/div>\n<p><\/ins><\/div>\n<\/div>\n<\/div>\n<p><em>\u00ab Dans un \u00e9tat de droit, la m\u00eame entit\u00e9 ne peut pas exercer une activit\u00e9 commerciale. Elle-m\u00eame, elle prend la r\u00e9glementation qui r\u00e9git cette activit\u00e9 commerciale et \u00eatre \u00e9galement le juge qui applique ces r\u00e8gles et qui sanctionne, parce qu\u2019on deviendrait juge, parti et bourreau. Les actes qui ont cr\u00e9\u00e9 FAPGAZ ne lui conf\u00e8rent pas le pouvoir de police administrative du secteur. Il lui est simplement conf\u00e9r\u00e9 des attributions de vendre. Ce qui est recherch\u00e9 aujourd\u2019hui, c\u2019est d\u2019expulser des investisseurs \u00bb<\/em>, a plusieurs fois insist\u00e9 Me Alpha Yaya Dram\u00e9.<\/p>\n<p>Au niveau de la d\u00e9fense, pas de panique. C\u2019est ce qu\u2019a affirm\u00e9 l\u2019avocat de FAPGAZ et son directeur g\u00e9n\u00e9ral au sortir de l\u2019audience. Pour Me P\u00e9p\u00e9 Antoine Lamah, ses clients ne se reprochent rien. Ni concurrence d\u00e9loyale. Ni abus d\u2019autorit\u00e9 et de fonction. Il estime simplement que la partie civile s\u2019attaque \u00e0 une loi qui conf\u00e8re \u00e0 l\u2019\u00c9tat le monopole d\u2019importation des produits p\u00e9troliers et d\u00e9riv\u00e9s et \u00e0 la l\u00e9galit\u00e9 du d\u00e9cret qui a cr\u00e9\u00e9 FAPGAZ et des arr\u00eat\u00e9s pris en ex\u00e9cution de ce d\u00e9cret. Me P\u00e9p\u00e9 Antoine Lamah et ses clients ne sont pas priv\u00e9s d\u2019opposer \u00e0 cette position, une r\u00e9ponse.<\/p>\n<p><em>\u00ab Nous, nous avons apport\u00e9 la r\u00e9ponse que M. Kaman Sadji Diallo n\u2019est pas l\u2019auteur de cette loi. Ce n\u2019est pas lui qui a \u00e9labor\u00e9 la loi qui conf\u00e8re \u00e0 l\u2019\u00c9tat le monopole de l\u2019importation des produits p\u00e9troliers et gaziers. Ce n\u2019est pas lui non plus l\u2019auteur des arr\u00eat\u00e9s incrimin\u00e9s. FAPGAZ a \u00e9t\u00e9 cr\u00e9\u00e9 par un d\u00e9cret. Le pr\u00e9sident de la R\u00e9publique a pris soin, \u00e0 l\u2019article 5 de ce d\u00e9cret, de confier au ministre des Finances la charge de prendre des dispositions pratiques et administratives en vue de sa cr\u00e9ation. La soci\u00e9t\u00e9 a \u00e9t\u00e9 cr\u00e9\u00e9e conform\u00e9ment aux dispositions de l\u2019acte uniforme OHADA. Elle op\u00e8re en fonction des missions qui lui sont confi\u00e9es dans ces statuts authentiques \u00e9tablis par devant notaire. Nous ne comprenons pas pourquoi une entit\u00e9 publique cr\u00e9\u00e9e par l\u2019\u00c9tat, dans le cadre de la mise en \u0153uvre d\u2019une politique publique, peut \u00eatre aussi attraite de mani\u00e8re aussi ridicule en justice par une partie qui n\u2019a ni le droit, ni la qualit\u00e9 d\u2019agir. Parce que je rappelle que la loi de janvier 2021 conf\u00e9rant le monopole de l\u2019importation des produits gaziers \u00e0 l\u2019\u00c9tat, la convention dont se pr\u00e9vaut Guin\u00e9e Gaz devient caduque, puisque cette convention est ant\u00e9rieure \u00e0 cette loi \u00bb,<\/em>\u00a0a rappel\u00e9 l\u2019avocat.<\/p>\n<div dir=\"auto\"><ins><\/p>\n<div><\/div>\n<p><\/ins><\/div>\n<p><em>\u00ab FAPGAZ est cr\u00e9\u00e9e par l\u2019\u00c9tat pour des besoins de politique publique, elle va continuer \u00e0 op\u00e9rer dans ce sens \u00bb,<\/em>\u00a0a assur\u00e9 Me P\u00e9p\u00e9 Antoine.<\/p>\n<p>Par la m\u00eame occasion, il refuse que la partie civile reproche \u00e0 FAPGAZ et \u00e0 son DG, le fait d\u2019\u00eatre \u00e0 la fois juge et partie.<\/p>\n<p><em>\u00ab Mon client a bien r\u00e9pondu qu\u2019il n\u2019est pas responsable de cette situation. Chacun est libre d\u2019appr\u00e9cier comme il veut. On respecte leur opinion. Mais je le disais tout \u00e0 l\u2019heure que M. Kaman Sadji n\u2019est pas l\u2019auteur du d\u00e9cret qui a cr\u00e9\u00e9 FAPGAZ. Il n\u2019est pas non plus l\u2019auteur des statuts de FAPGAZ. Donc s\u2019ils ont des griefs contre ces actes dont M. Kaman Sadji n\u2019est pas l\u2019auteur, mais qu\u2019ils aillent saisir la juridiction comp\u00e9tente, dans ce cas nous viendrons nous d\u00e9fendre. Mais pour l\u2019heure, nous consid\u00e9rons agir dans la limite de nos attributions \u00e0 nous confi\u00e9es par la loi et les r\u00e8glements \u00bb,<\/em>\u00a0a soutenu l\u2019avocat de la d\u00e9fense.<\/p>\n<p>\u00c0 l\u2019issue de l\u2019interrogatoire du directeur g\u00e9n\u00e9ral de FAPGAZ, le juge a d\u00e9cid\u00e9 de renvoyer l\u2019affaire au 15 avril 2025 pour l\u2019audition de la partie civile. Il convient de rappeler qu\u2019en premi\u00e8re instance, la soci\u00e9t\u00e9 FAPGAZ et son directeur g\u00e9n\u00e9ral avaient \u00e9t\u00e9 relax\u00e9s. Toutefois, en reconvention, la soci\u00e9t\u00e9 Guin\u00e9e Gaz, plaignante dans cette affaire, a \u00e9t\u00e9 condamn\u00e9e \u00e0 verser un milliard de francs \u00e0 FAPGAZ. C\u2019est contre cette d\u00e9cision que toutes les parties concern\u00e9es ont interjet\u00e9 appel.<\/p>\n<p>&nbsp;<\/p>\n<p>A M C pour Ledenonciateur224.com<\/p>\n","protected":false},"excerpt":{"rendered":"<p>Le directeur g\u00e9n\u00e9ral du Fonds d&rsquo;Appui \u00e0 la Promotion des Gaz (FAPGAZ), Kaman Sadji Diallo, a comparu ce mardi 8 avril 2025 devant la Chambre des appels \u00e0 la Cour de R\u00e9pression des Infractions \u00c9conomiques et Financi\u00e8res (CRIEF). Cette comparution fait suite aux poursuites engag\u00e9es par la soci\u00e9t\u00e9 Guin\u00e9e Gaz, qui accuse FAPGAZ et son [&hellip;]<\/p>\n","protected":false},"author":2,"featured_media":781,"comment_status":"open","ping_status":"open","sticky":false,"template":"","format":"standard","meta":{"_jetpack_memberships_contains_paid_content":false,"footnotes":"","jetpack_publicize_message":"","jetpack_publicize_feature_enabled":true,"jetpack_social_post_already_shared":true,"jetpack_social_options":{"image_generator_settings":{"template":"highway","default_image_id":0,"font":"","enabled":false},"version":2}},"categories":[30,24],"tags":[614,616,615,37],"class_list":{"0":"post-2309","1":"post","2":"type-post","3":"status-publish","4":"format-standard","5":"has-post-thumbnail","7":"category-faits-divers","8":"category-news","9":"tag-fapgaz","10":"tag-guinee-gaz","11":"tag-kaman-sadji-diallo","12":"tag-crief"},"jetpack_publicize_connections":[],"jetpack_featured_media_url":"https:\/\/ledenonciateur224.com\/wp-content\/uploads\/2025\/01\/img-20240613-171746-700-x-380-pixel.jpg","jetpack_sharing_enabled":true,"_links":{"self":[{"href":"https:\/\/ledenonciateur224.com\/index.php\/wp-json\/wp\/v2\/posts\/2309","targetHints":{"allow":["GET"]}}],"collection":[{"href":"https:\/\/ledenonciateur224.com\/index.php\/wp-json\/wp\/v2\/posts"}],"about":[{"href":"https:\/\/ledenonciateur224.com\/index.php\/wp-json\/wp\/v2\/types\/post"}],"author":[{"embeddable":true,"href":"https:\/\/ledenonciateur224.com\/index.php\/wp-json\/wp\/v2\/users\/2"}],"replies":[{"embeddable":true,"href":"https:\/\/ledenonciateur224.com\/index.php\/wp-json\/wp\/v2\/comments?post=2309"}],"version-history":[{"count":0,"href":"https:\/\/ledenonciateur224.com\/index.php\/wp-json\/wp\/v2\/posts\/2309\/revisions"}],"wp:featuredmedia":[{"embeddable":true,"href":"https:\/\/ledenonciateur224.com\/index.php\/wp-json\/wp\/v2\/media\/781"}],"wp:attachment":[{"href":"https:\/\/ledenonciateur224.com\/index.php\/wp-json\/wp\/v2\/media?parent=2309"}],"wp:term":[{"taxonomy":"category","embeddable":true,"href":"https:\/\/ledenonciateur224.com\/index.php\/wp-json\/wp\/v2\/categories?post=2309"},{"taxonomy":"post_tag","embeddable":true,"href":"https:\/\/ledenonciateur224.com\/index.php\/wp-json\/wp\/v2\/tags?post=2309"}],"curies":[{"name":"wp","href":"https:\/\/api.w.org\/{rel}","templated":true}]}}