{"id":2319,"date":"2025-04-09T08:45:17","date_gmt":"2025-04-09T08:45:17","guid":{"rendered":"https:\/\/ledenonciateur224.com\/?p=2319"},"modified":"2025-04-09T08:45:17","modified_gmt":"2025-04-09T08:45:17","slug":"guinee-reception-du-dernier-lot-dequipements-pour-le-recensement-biometrique","status":"publish","type":"post","link":"https:\/\/ledenonciateur224.com\/index.php\/guinee-reception-du-dernier-lot-dequipements-pour-le-recensement-biometrique\/","title":{"rendered":"Guin\u00e9e : R\u00e9ception du dernier lot d\u2019\u00e9quipements pour le recensement biom\u00e9trique"},"content":{"rendered":"<p>Dans la soir\u00e9e du mardi 8 avril 2025, le dernier lot d\u2019\u00e9quipements destin\u00e9s au recensement biom\u00e9trique des citoyens guin\u00e9ens \u00e2g\u00e9s de 10 ans et plus a \u00e9t\u00e9 r\u00e9ceptionn\u00e9 par les autorit\u00e9s du Minist\u00e8re de l\u2019Administration du Territoire et de la D\u00e9centralisation (MATD) \u00e0 l\u2019a\u00e9roport de Conakry. Ce lot fait suite au premier re\u00e7u la semaine pr\u00e9c\u00e9dente.<\/p>\n<p>A bord du cargo d\u2019\u00c9thiopian Airlines en provenance de Hong Kong, les 3000 kits restants ont \u00e9t\u00e9 remis au ministre du MATD, le g\u00e9n\u00e9ral de 2e section Elhadj Ibrahima Kalil Cond\u00e9.<br \/>\nLa r\u00e9ception a \u00e9galement vu la pr\u00e9sence du secr\u00e9taire g\u00e9n\u00e9ral du minist\u00e8re, du chef de cabinet, du conseiller principal, du conseiller juridique, ainsi que des responsables de la mise en \u0153uvre, notamment le Coordinateur National du Programme National de Recensement Administratif \u00e0 vocation d\u2019\u00e9tat civil (PN RAVEC), la Directrice Nationale des Affaires Politiques et de l\u2019Administration Electorale, ainsi que son adjoint.<\/p>\n<p>Avec la r\u00e9ception totale de 6000 kits, le MATD entre d\u00e9sormais dans la phase op\u00e9rationnelle du recensement biom\u00e9trique, un processus essentiel pour respecter l\u2019engagement du chef de l\u2019\u00c9tat pris le 31 d\u00e9cembre 2024, concernant l\u2019organisation des \u00e9lections en Guin\u00e9e.<\/p>\n<p>L\u2019arriv\u00e9e de ces \u00e9quipements sur le sol guin\u00e9en t\u00e9moigne de la d\u00e9termination des autorit\u00e9s du minist\u00e8re \u00e0 pr\u00e9parer, dans les meilleures conditions, le scrutin r\u00e9f\u00e9rendaire pr\u00e9vu pour le 21 septembre prochain, ainsi que les futures \u00e9lections politiques en Guin\u00e9e.<\/p>\n<p>A M C pour Ledenonciateur224.com<\/p>\n","protected":false},"excerpt":{"rendered":"<p>Dans la soir\u00e9e du mardi 8 avril 2025, le dernier lot d\u2019\u00e9quipements destin\u00e9s au recensement biom\u00e9trique des citoyens guin\u00e9ens \u00e2g\u00e9s de 10 ans et plus a \u00e9t\u00e9 r\u00e9ceptionn\u00e9 par les autorit\u00e9s du Minist\u00e8re de l\u2019Administration du Territoire et de la D\u00e9centralisation (MATD) \u00e0 l\u2019a\u00e9roport de Conakry. Ce lot fait suite au premier re\u00e7u la semaine [&hellip;]<\/p>\n","protected":false},"author":2,"featured_media":2320,"comment_status":"open","ping_status":"open","sticky":false,"template":"","format":"standard","meta":{"_jetpack_memberships_contains_paid_content":false,"footnotes":"","jetpack_publicize_message":"","jetpack_publicize_feature_enabled":true,"jetpack_social_post_already_shared":true,"jetpack_social_options":{"image_generator_settings":{"template":"highway","default_image_id":0,"font":"","enabled":false},"version":2}},"categories":[24,27],"tags":[507,587,190],"class_list":{"0":"post-2319","1":"post","2":"type-post","3":"status-publish","4":"format-standard","5":"has-post-thumbnail","7":"category-news","8":"category-politique","9":"tag-elections-presidentielles","10":"tag-recensement-biometrique","11":"tag-matd"},"jetpack_publicize_connections":[],"jetpack_featured_media_url":"https:\/\/ledenonciateur224.com\/wp-content\/uploads\/2025\/04\/screenshot-20250409-084006-samsung-internet.jpg","jetpack_sharing_enabled":true,"_links":{"self":[{"href":"https:\/\/ledenonciateur224.com\/index.php\/wp-json\/wp\/v2\/posts\/2319","targetHints":{"allow":["GET"]}}],"collection":[{"href":"https:\/\/ledenonciateur224.com\/index.php\/wp-json\/wp\/v2\/posts"}],"about":[{"href":"https:\/\/ledenonciateur224.com\/index.php\/wp-json\/wp\/v2\/types\/post"}],"author":[{"embeddable":true,"href":"https:\/\/ledenonciateur224.com\/index.php\/wp-json\/wp\/v2\/users\/2"}],"replies":[{"embeddable":true,"href":"https:\/\/ledenonciateur224.com\/index.php\/wp-json\/wp\/v2\/comments?post=2319"}],"version-history":[{"count":0,"href":"https:\/\/ledenonciateur224.com\/index.php\/wp-json\/wp\/v2\/posts\/2319\/revisions"}],"wp:featuredmedia":[{"embeddable":true,"href":"https:\/\/ledenonciateur224.com\/index.php\/wp-json\/wp\/v2\/media\/2320"}],"wp:attachment":[{"href":"https:\/\/ledenonciateur224.com\/index.php\/wp-json\/wp\/v2\/media?parent=2319"}],"wp:term":[{"taxonomy":"category","embeddable":true,"href":"https:\/\/ledenonciateur224.com\/index.php\/wp-json\/wp\/v2\/categories?post=2319"},{"taxonomy":"post_tag","embeddable":true,"href":"https:\/\/ledenonciateur224.com\/index.php\/wp-json\/wp\/v2\/tags?post=2319"}],"curies":[{"name":"wp","href":"https:\/\/api.w.org\/{rel}","templated":true}]}}