{"id":2327,"date":"2025-04-09T16:27:25","date_gmt":"2025-04-09T16:27:25","guid":{"rendered":"https:\/\/ledenonciateur224.com\/?p=2327"},"modified":"2025-04-09T16:27:25","modified_gmt":"2025-04-09T16:27:25","slug":"proces-en-appel-daliou-bah-les-avocats-denoncent-des-manoeuvres-et-promettent-une-plaidoirie-en-faveur-de-la-relaxe","status":"publish","type":"post","link":"https:\/\/ledenonciateur224.com\/index.php\/proces-en-appel-daliou-bah-les-avocats-denoncent-des-manoeuvres-et-promettent-une-plaidoirie-en-faveur-de-la-relaxe\/","title":{"rendered":"Proc\u00e8s en appel d&rsquo;Aliou Bah : Les avocats d\u00e9noncent des man\u0153uvres et promettent une plaidoirie en faveur de la relaxe"},"content":{"rendered":"<p>&nbsp;<\/p>\n<p>Ce mercredi 9 avril 2025, les avocats d&rsquo;Aliou Bah, leader du MoDel, ont exprim\u00e9 leur regret face aux retards accumul\u00e9s dans son proc\u00e8s en appel, o\u00f9 il est poursuivi pour diffamation et offense au chef de l&rsquo;\u00c9tat. Ma\u00eetre P\u00e9p\u00e9 Antoine Lamah, porte-parole du collectif de d\u00e9fense, a d\u00e9nonc\u00e9 les \u00ab man\u0153uvres \u00bb orchestr\u00e9es pour freiner l&rsquo;avanc\u00e9e du dossier. Il a soulign\u00e9 : \u00ab\u00a0<em>Nous avons regrett\u00e9 que le minist\u00e8re public ait entretenu cette situation dans le simple but d\u2019\u00e9viter que les d\u00e9bats \u00e9voluent pour que M. Mamadou Aliou Bah soit situ\u00e9 sur son sort<\/em>\u00a0\u00bb.<\/p>\n<p>L\u2019avocat a affirm\u00e9 que lors de l\u2019audience du 16 avril 2025, la d\u00e9fense plaidera la relaxe pure et simple, estimant que son client est d\u00e9tenu uniquement pour ses opinions. \u00ab\u00a0<em>Nous serons l\u00e0 \u00e0 l\u2019audience du 16 avril 2025 pour d\u00e9battre de ce dossier et \u00e9ventuellement plaider la relaxe pure et simple de M. Mamadou Aliou Bah, qui n\u2019est retenu ici que pour ses opinions<\/em>\u00a0\u00bb, a-t-il pr\u00e9cis\u00e9.<\/p>\n<p>En outre, Ma\u00eetre Lamah a reproch\u00e9 au minist\u00e8re public de ne pas avoir de v\u00e9ritable fondement pour ses accusations, ajoutant qu&rsquo;il cherchait \u00e0 faire tenir le proc\u00e8s \u00e0 huis clos pour \u00e9viter une plus grande visibilit\u00e9 de l&rsquo;affaire.<\/p>\n<p>&nbsp;<\/p>\n<p>Alpha Soumah pour Ledenonciateur224.com<\/p>\n","protected":false},"excerpt":{"rendered":"<p>&nbsp; Ce mercredi 9 avril 2025, les avocats d&rsquo;Aliou Bah, leader du MoDel, ont exprim\u00e9 leur regret face aux retards accumul\u00e9s dans son proc\u00e8s en appel, o\u00f9 il est poursuivi pour diffamation et offense au chef de l&rsquo;\u00c9tat. Ma\u00eetre P\u00e9p\u00e9 Antoine Lamah, porte-parole du collectif de d\u00e9fense, a d\u00e9nonc\u00e9 les \u00ab man\u0153uvres \u00bb orchestr\u00e9es pour [&hellip;]<\/p>\n","protected":false},"author":2,"featured_media":2328,"comment_status":"open","ping_status":"open","sticky":false,"template":"","format":"standard","meta":{"_jetpack_memberships_contains_paid_content":false,"footnotes":"","jetpack_publicize_message":"","jetpack_publicize_feature_enabled":true,"jetpack_social_post_already_shared":true,"jetpack_social_options":{"image_generator_settings":{"template":"highway","default_image_id":0,"font":"","enabled":false},"version":2}},"categories":[30,24],"tags":[535,620,140],"class_list":{"0":"post-2327","1":"post","2":"type-post","3":"status-publish","4":"format-standard","5":"has-post-thumbnail","7":"category-faits-divers","8":"category-news","9":"tag-cour-dappel","10":"tag-justice","11":"tag-aliou-bah"},"jetpack_publicize_connections":[],"jetpack_featured_media_url":"https:\/\/ledenonciateur224.com\/wp-content\/uploads\/2025\/04\/fb-img-1744215262403.jpg","jetpack_sharing_enabled":true,"_links":{"self":[{"href":"https:\/\/ledenonciateur224.com\/index.php\/wp-json\/wp\/v2\/posts\/2327","targetHints":{"allow":["GET"]}}],"collection":[{"href":"https:\/\/ledenonciateur224.com\/index.php\/wp-json\/wp\/v2\/posts"}],"about":[{"href":"https:\/\/ledenonciateur224.com\/index.php\/wp-json\/wp\/v2\/types\/post"}],"author":[{"embeddable":true,"href":"https:\/\/ledenonciateur224.com\/index.php\/wp-json\/wp\/v2\/users\/2"}],"replies":[{"embeddable":true,"href":"https:\/\/ledenonciateur224.com\/index.php\/wp-json\/wp\/v2\/comments?post=2327"}],"version-history":[{"count":0,"href":"https:\/\/ledenonciateur224.com\/index.php\/wp-json\/wp\/v2\/posts\/2327\/revisions"}],"wp:featuredmedia":[{"embeddable":true,"href":"https:\/\/ledenonciateur224.com\/index.php\/wp-json\/wp\/v2\/media\/2328"}],"wp:attachment":[{"href":"https:\/\/ledenonciateur224.com\/index.php\/wp-json\/wp\/v2\/media?parent=2327"}],"wp:term":[{"taxonomy":"category","embeddable":true,"href":"https:\/\/ledenonciateur224.com\/index.php\/wp-json\/wp\/v2\/categories?post=2327"},{"taxonomy":"post_tag","embeddable":true,"href":"https:\/\/ledenonciateur224.com\/index.php\/wp-json\/wp\/v2\/tags?post=2327"}],"curies":[{"name":"wp","href":"https:\/\/api.w.org\/{rel}","templated":true}]}}