{"id":2339,"date":"2025-04-09T23:16:32","date_gmt":"2025-04-09T23:16:32","guid":{"rendered":"https:\/\/ledenonciateur224.com\/?p=2339"},"modified":"2025-04-09T23:16:32","modified_gmt":"2025-04-09T23:16:32","slug":"conakry-accueille-le-premier-forum-international-des-secretariats-generaux-vers-une-gouvernance-publique-plus-moderne-et-resiliente","status":"publish","type":"post","link":"https:\/\/ledenonciateur224.com\/index.php\/conakry-accueille-le-premier-forum-international-des-secretariats-generaux-vers-une-gouvernance-publique-plus-moderne-et-resiliente\/","title":{"rendered":"Conakry accueille le premier Forum international des Secr\u00e9tariats G\u00e9n\u00e9raux : vers une gouvernance publique plus moderne et r\u00e9siliente"},"content":{"rendered":"<p>&nbsp;<\/p>\n<p>Ce mercredi 9 avril 2025, Conakry a inaugur\u00e9 le tout premier\u00a0<strong>Forum international des Secr\u00e9tariats G\u00e9n\u00e9raux du gouvernement<\/strong>, rassemblant des repr\u00e9sentants de\u00a0<strong>13 pays d\u2019Afrique et d\u2019Europe<\/strong>. Organis\u00e9 sous l\u2019impulsion du gouvernement guin\u00e9en, cet \u00e9v\u00e9nement d\u2019envergure s\u2019\u00e9tendra sur trois jours et ambitionne de renforcer la continuit\u00e9 de l\u2019action de l\u2019\u00c9tat dans un contexte mondial de r\u00e9formes et de d\u00e9fis institutionnels croissants.<\/p>\n<p><img loading=\"lazy\" decoding=\"async\" class=\"alignnone size-full wp-image-2341\" src=\"https:\/\/ledenonciateur224.com\/wp-content\/uploads\/2025\/04\/whatsapp-image-2025-04-09-at-121509-1-768x512-1.jpeg\" alt=\"\" width=\"768\" height=\"512\" srcset=\"https:\/\/ledenonciateur224.com\/wp-content\/uploads\/2025\/04\/whatsapp-image-2025-04-09-at-121509-1-768x512-1.jpeg 768w, https:\/\/ledenonciateur224.com\/wp-content\/uploads\/2025\/04\/whatsapp-image-2025-04-09-at-121509-1-768x512-1-300x200.jpeg 300w, https:\/\/ledenonciateur224.com\/wp-content\/uploads\/2025\/04\/whatsapp-image-2025-04-09-at-121509-1-768x512-1-150x100.jpeg 150w, https:\/\/ledenonciateur224.com\/wp-content\/uploads\/2025\/04\/whatsapp-image-2025-04-09-at-121509-1-768x512-1-696x464.jpeg 696w, https:\/\/ledenonciateur224.com\/wp-content\/uploads\/2025\/04\/whatsapp-image-2025-04-09-at-121509-1-768x512-1-630x420.jpeg 630w\" sizes=\"auto, (max-width: 768px) 100vw, 768px\" \/><\/p>\n<p>Dans un complexe h\u00f4telier de la capitale guin\u00e9enne, les d\u00e9bats sont centr\u00e9s sur la coordination gouvernementale, la modernisation de l\u2019administration, et la mise en place d\u2019un r\u00e9seau professionnel entre secr\u00e9taires g\u00e9n\u00e9raux pour favoriser un partage d\u2019exp\u00e9riences et une gouvernance plus efficace.<\/p>\n<p>Le\u00a0<strong>Secr\u00e9taire g\u00e9n\u00e9ral du gouvernement guin\u00e9en, Tamba Beno\u00eet Kamano<\/strong>, initiateur de ce forum, a soulign\u00e9 l&rsquo;importance de cette rencontre : \u00ab Il s\u2019agit de sortir de nos silos, de b\u00e2tir des outils collectifs pour appuyer l\u2019action gouvernementale. \u00bb Il a aussi insist\u00e9 sur la volont\u00e9 du\u00a0<strong>pr\u00e9sident Mamadi Doumbouya<\/strong>\u00a0de repositionner la Guin\u00e9e sur la sc\u00e8ne de la r\u00e9forme institutionnelle, \u00e0 travers une administration publique renforc\u00e9e.<\/p>\n<p>Madame\u00a0<strong>Florina Costika<\/strong>, de l\u2019Union europ\u00e9enne, a salu\u00e9 l\u2019initiative, la qualifiant de \u00ab strat\u00e9gique \u00bb dans un monde secou\u00e9 par des crises. Elle a mis en avant des valeurs essentielles :\u00a0<strong>transparence, participation citoyenne et redevabilit\u00e9<\/strong>, qui selon elle doivent guider les r\u00e9formes administratives modernes.<\/p>\n<p>Le forum s\u2019articule autour de\u00a0<strong>quatre conf\u00e9rences inaugurales et huit ateliers th\u00e9matiques<\/strong>, traitant de sujets cruciaux : coordination gouvernementale, transformation num\u00e9rique, qualit\u00e9 du conseil juridique, modernisation des outils de gestion, et acc\u00e8s \u00e0 l\u2019information.<\/p>\n<p><img loading=\"lazy\" decoding=\"async\" class=\"alignnone size-full wp-image-2342\" src=\"https:\/\/ledenonciateur224.com\/wp-content\/uploads\/2025\/04\/whatsapp-image-2025-04-09-at-121507-1-768x512-1.jpeg\" alt=\"\" width=\"768\" height=\"512\" srcset=\"https:\/\/ledenonciateur224.com\/wp-content\/uploads\/2025\/04\/whatsapp-image-2025-04-09-at-121507-1-768x512-1.jpeg 768w, https:\/\/ledenonciateur224.com\/wp-content\/uploads\/2025\/04\/whatsapp-image-2025-04-09-at-121507-1-768x512-1-300x200.jpeg 300w, https:\/\/ledenonciateur224.com\/wp-content\/uploads\/2025\/04\/whatsapp-image-2025-04-09-at-121507-1-768x512-1-150x100.jpeg 150w, https:\/\/ledenonciateur224.com\/wp-content\/uploads\/2025\/04\/whatsapp-image-2025-04-09-at-121507-1-768x512-1-696x464.jpeg 696w, https:\/\/ledenonciateur224.com\/wp-content\/uploads\/2025\/04\/whatsapp-image-2025-04-09-at-121507-1-768x512-1-630x420.jpeg 630w\" sizes=\"auto, (max-width: 768px) 100vw, 768px\" \/><\/p>\n<p>Le\u00a0<strong>ministre des Affaires \u00e9trang\u00e8res, Morissanda Kouyat\u00e9<\/strong>, a cl\u00f4tur\u00e9 la c\u00e9r\u00e9monie d\u2019ouverture en r\u00e9affirmant la volont\u00e9 de la Guin\u00e9e de s\u2019aligner sur les meilleures pratiques internationales : \u00ab Ce forum est une opportunit\u00e9 de concevoir des solutions innovantes adapt\u00e9es \u00e0 nos r\u00e9alit\u00e9s. \u00bb<\/p>\n<p>Aboubacar M Camara pour Ledenonciateur224.com<\/p>\n","protected":false},"excerpt":{"rendered":"<p>&nbsp; Ce mercredi 9 avril 2025, Conakry a inaugur\u00e9 le tout premier\u00a0Forum international des Secr\u00e9tariats G\u00e9n\u00e9raux du gouvernement, rassemblant des repr\u00e9sentants de\u00a013 pays d\u2019Afrique et d\u2019Europe. Organis\u00e9 sous l\u2019impulsion du gouvernement guin\u00e9en, cet \u00e9v\u00e9nement d\u2019envergure s\u2019\u00e9tendra sur trois jours et ambitionne de renforcer la continuit\u00e9 de l\u2019action de l\u2019\u00c9tat dans un contexte mondial de r\u00e9formes [&hellip;]<\/p>\n","protected":false},"author":2,"featured_media":2340,"comment_status":"open","ping_status":"open","sticky":false,"template":"","format":"standard","meta":{"_jetpack_memberships_contains_paid_content":false,"footnotes":"","jetpack_publicize_message":"","jetpack_publicize_feature_enabled":true,"jetpack_social_post_already_shared":true,"jetpack_social_options":{"image_generator_settings":{"template":"highway","default_image_id":0,"font":"","enabled":false},"version":2}},"categories":[24,27],"tags":[604,623,622],"class_list":{"0":"post-2339","1":"post","2":"type-post","3":"status-publish","4":"format-standard","5":"has-post-thumbnail","7":"category-news","8":"category-politique","9":"tag-actualite-de-guinee","10":"tag-benoit-kamano","11":"tag-forum-des-secretariats-generaux"},"jetpack_publicize_connections":[],"jetpack_featured_media_url":"https:\/\/ledenonciateur224.com\/wp-content\/uploads\/2025\/04\/whatsapp-image-2025-04-09-at-121508-768x512-1.jpeg","jetpack_sharing_enabled":true,"_links":{"self":[{"href":"https:\/\/ledenonciateur224.com\/index.php\/wp-json\/wp\/v2\/posts\/2339","targetHints":{"allow":["GET"]}}],"collection":[{"href":"https:\/\/ledenonciateur224.com\/index.php\/wp-json\/wp\/v2\/posts"}],"about":[{"href":"https:\/\/ledenonciateur224.com\/index.php\/wp-json\/wp\/v2\/types\/post"}],"author":[{"embeddable":true,"href":"https:\/\/ledenonciateur224.com\/index.php\/wp-json\/wp\/v2\/users\/2"}],"replies":[{"embeddable":true,"href":"https:\/\/ledenonciateur224.com\/index.php\/wp-json\/wp\/v2\/comments?post=2339"}],"version-history":[{"count":0,"href":"https:\/\/ledenonciateur224.com\/index.php\/wp-json\/wp\/v2\/posts\/2339\/revisions"}],"wp:featuredmedia":[{"embeddable":true,"href":"https:\/\/ledenonciateur224.com\/index.php\/wp-json\/wp\/v2\/media\/2340"}],"wp:attachment":[{"href":"https:\/\/ledenonciateur224.com\/index.php\/wp-json\/wp\/v2\/media?parent=2339"}],"wp:term":[{"taxonomy":"category","embeddable":true,"href":"https:\/\/ledenonciateur224.com\/index.php\/wp-json\/wp\/v2\/categories?post=2339"},{"taxonomy":"post_tag","embeddable":true,"href":"https:\/\/ledenonciateur224.com\/index.php\/wp-json\/wp\/v2\/tags?post=2339"}],"curies":[{"name":"wp","href":"https:\/\/api.w.org\/{rel}","templated":true}]}}