{"id":2346,"date":"2025-04-10T11:57:38","date_gmt":"2025-04-10T11:57:38","guid":{"rendered":"https:\/\/ledenonciateur224.com\/?p=2346"},"modified":"2025-04-10T11:57:38","modified_gmt":"2025-04-10T11:57:38","slug":"ousmane-kaba-sexcuse-apres-des-propos-polemiques-envers-un-magistrat","status":"publish","type":"post","link":"https:\/\/ledenonciateur224.com\/index.php\/ousmane-kaba-sexcuse-apres-des-propos-polemiques-envers-un-magistrat\/","title":{"rendered":"Ousmane Kaba s\u2019excuse apr\u00e8s des propos pol\u00e9miques envers un magistrat"},"content":{"rendered":"<p>Menac\u00e9 de poursuites pour outrage \u00e0 magistrat, Dr Ousmane Kaba, pr\u00e9sident du Parti des D\u00e9mocrates pour l\u2019Espoir (PADES), a adress\u00e9 une lettre d\u2019excuses au juge Yacouba Cont\u00e9, \u00e0 la Cour de R\u00e9pression des Infractions \u00c9conomiques et Financi\u00e8res (CRIEF) ainsi qu\u2019\u00e0 l\u2019ensemble du corps judiciaire. L\u2019ancien ministre de l\u2019\u00c9conomie et des Finances y reconna\u00eet \u00ab sa faute \u00bb, pr\u00e9cisant que certains propos tenus sous le coup de l\u2019\u00e9motion ont d\u00e9pass\u00e9 sa pens\u00e9e. Il affirme qu\u2019il n\u2019a jamais eu l\u2019intention d\u2019offenser le magistrat lorsqu\u2019il a d\u00e9clar\u00e9 : \u00ab Tu as l\u2019\u00e2ge de mon fils. \u00bb<\/p>\n<p>\u00ab\u00a0<em>A l\u2019audience de la Cour de R\u00e9pression des Infractions Economiques et Financi\u00e8res dite CRIEF du 07 Avril 2025, au cours de laquelle je comparaissais en ma qualit\u00e9 d\u2019ancien Ministre de l\u2019Economie et des Finances, aux c\u00f4t\u00e9s de deux autres anciens coll\u00e8gues du Minist\u00e8re de la p\u00eache, une altercation est survenue entre moi-m\u00eame et le pr\u00e9sident de la chambre, Mr Yacouba CONTE, lors de mon intervention apr\u00e8s les r\u00e9quisitions et plaidoiries.\u00a0<\/em>Des propos que juge a jug\u00e9s offensant pour tout le corps j<em>\u2019en conviens que certains mots tenus dans l\u2019\u00e9nervement sont all\u00e9s au-del\u00e0 de ma pens\u00e9e.<\/em><em>\u00a0Je tiens \u00e0 pr\u00e9ciser<\/em><em>\u00a0qu\u2019il n\u2019\u00e9tait nullement dans mes intentions d\u2019offenser ni le pr\u00e9sident de la juridiction, ni la fonction de magistrat qu\u2019il occupe, pour lesquels j\u2019ai une haute id\u00e9e et une grande consid\u00e9ration.<\/em>\u00a0<em>P<\/em><em>ar le pr\u00e9sent communiqu\u00e9 je tiens \u00e0 pr\u00e9senter mes excuses \u00e0 Mr le pr\u00e9sident de la chambre Mr Yacouba CONTE, \u00e0 la Cour de R\u00e9pression des Infractions Economiques et Financi\u00e8res et \u00e0 tout le corps judiciaire, troisi\u00e8me pouvoir de toute D\u00e9mocratie<\/em><em>\u00a0<\/em>\u00bb.<\/p>\n<p>&nbsp;<\/p>\n<p>A M C pour Ledenonciateur224.com<\/p>\n","protected":false},"excerpt":{"rendered":"<p>Menac\u00e9 de poursuites pour outrage \u00e0 magistrat, Dr Ousmane Kaba, pr\u00e9sident du Parti des D\u00e9mocrates pour l\u2019Espoir (PADES), a adress\u00e9 une lettre d\u2019excuses au juge Yacouba Cont\u00e9, \u00e0 la Cour de R\u00e9pression des Infractions \u00c9conomiques et Financi\u00e8res (CRIEF) ainsi qu\u2019\u00e0 l\u2019ensemble du corps judiciaire. L\u2019ancien ministre de l\u2019\u00c9conomie et des Finances y reconna\u00eet \u00ab sa [&hellip;]<\/p>\n","protected":false},"author":2,"featured_media":2347,"comment_status":"open","ping_status":"open","sticky":false,"template":"","format":"standard","meta":{"_jetpack_memberships_contains_paid_content":false,"footnotes":"","jetpack_publicize_message":"","jetpack_publicize_feature_enabled":true,"jetpack_social_post_already_shared":true,"jetpack_social_options":{"image_generator_settings":{"template":"highway","default_image_id":0,"font":"","enabled":false},"version":2}},"categories":[30,24],"tags":[624,37,302],"class_list":{"0":"post-2346","1":"post","2":"type-post","3":"status-publish","4":"format-standard","5":"has-post-thumbnail","7":"category-faits-divers","8":"category-news","9":"tag-magistrat-guineens","10":"tag-crief","11":"tag-dr-ousmane-kaba"},"jetpack_publicize_connections":[],"jetpack_featured_media_url":"https:\/\/ledenonciateur224.com\/wp-content\/uploads\/2025\/04\/ousmane-kaba-pades.webp","jetpack_sharing_enabled":true,"_links":{"self":[{"href":"https:\/\/ledenonciateur224.com\/index.php\/wp-json\/wp\/v2\/posts\/2346","targetHints":{"allow":["GET"]}}],"collection":[{"href":"https:\/\/ledenonciateur224.com\/index.php\/wp-json\/wp\/v2\/posts"}],"about":[{"href":"https:\/\/ledenonciateur224.com\/index.php\/wp-json\/wp\/v2\/types\/post"}],"author":[{"embeddable":true,"href":"https:\/\/ledenonciateur224.com\/index.php\/wp-json\/wp\/v2\/users\/2"}],"replies":[{"embeddable":true,"href":"https:\/\/ledenonciateur224.com\/index.php\/wp-json\/wp\/v2\/comments?post=2346"}],"version-history":[{"count":0,"href":"https:\/\/ledenonciateur224.com\/index.php\/wp-json\/wp\/v2\/posts\/2346\/revisions"}],"wp:featuredmedia":[{"embeddable":true,"href":"https:\/\/ledenonciateur224.com\/index.php\/wp-json\/wp\/v2\/media\/2347"}],"wp:attachment":[{"href":"https:\/\/ledenonciateur224.com\/index.php\/wp-json\/wp\/v2\/media?parent=2346"}],"wp:term":[{"taxonomy":"category","embeddable":true,"href":"https:\/\/ledenonciateur224.com\/index.php\/wp-json\/wp\/v2\/categories?post=2346"},{"taxonomy":"post_tag","embeddable":true,"href":"https:\/\/ledenonciateur224.com\/index.php\/wp-json\/wp\/v2\/tags?post=2346"}],"curies":[{"name":"wp","href":"https:\/\/api.w.org\/{rel}","templated":true}]}}