{"id":2353,"date":"2025-04-10T14:25:57","date_gmt":"2025-04-10T14:25:57","guid":{"rendered":"https:\/\/ledenonciateur224.com\/?p=2353"},"modified":"2025-04-10T14:50:41","modified_gmt":"2025-04-10T14:50:41","slug":"le-mpr-lance-une-petition-historique-pour-soutenir-la-candidature-du-general-mamadi-doumbouya-et-batir-une-guinee-nouvelle","status":"publish","type":"post","link":"https:\/\/ledenonciateur224.com\/index.php\/le-mpr-lance-une-petition-historique-pour-soutenir-la-candidature-du-general-mamadi-doumbouya-et-batir-une-guinee-nouvelle\/","title":{"rendered":"Le MPR lance une p\u00e9tition historique pour soutenir la candidature du G\u00e9n\u00e9ral Mamadi Doumbouya"},"content":{"rendered":"<p>Le Mouvement des Patriotes pour la Refondation (MPR) a officiellement lanc\u00e9 sa p\u00e9tition en soutien \u00e0 la candidature du G\u00e9n\u00e9ral Mamadi Doumbouya, ce jeudi 10 avril, lors d&rsquo;une c\u00e9r\u00e9monie qui s&rsquo;est tenue dans un h\u00f4tel de Conakry. L&rsquo;\u00e9v\u00e9nement a r\u00e9uni plusieurs personnalit\u00e9s, dont l&rsquo;ancien ministre de l&rsquo;int\u00e9rieur et gouverneur Madifing Dian\u00e9 de la r\u00e9gion de Lab\u00e9 sous l&rsquo;ancien r\u00e9gime, ainsi qu&rsquo;une importante mobilisation de jeunes venus de la commune de Kagbelen et du Grand Conakry.<\/p>\n<p><img loading=\"lazy\" decoding=\"async\" class=\"alignnone size-full wp-image-2355\" src=\"https:\/\/ledenonciateur224.com\/wp-content\/uploads\/2025\/04\/img-20250410-wa0067.jpg\" alt=\"\" width=\"1080\" height=\"733\" srcset=\"https:\/\/ledenonciateur224.com\/wp-content\/uploads\/2025\/04\/img-20250410-wa0067.jpg 1080w, https:\/\/ledenonciateur224.com\/wp-content\/uploads\/2025\/04\/img-20250410-wa0067-300x204.jpg 300w, https:\/\/ledenonciateur224.com\/wp-content\/uploads\/2025\/04\/img-20250410-wa0067-1024x695.jpg 1024w, https:\/\/ledenonciateur224.com\/wp-content\/uploads\/2025\/04\/img-20250410-wa0067-768x521.jpg 768w, https:\/\/ledenonciateur224.com\/wp-content\/uploads\/2025\/04\/img-20250410-wa0067-150x102.jpg 150w, https:\/\/ledenonciateur224.com\/wp-content\/uploads\/2025\/04\/img-20250410-wa0067-696x472.jpg 696w, https:\/\/ledenonciateur224.com\/wp-content\/uploads\/2025\/04\/img-20250410-wa0067-1068x725.jpg 1068w, https:\/\/ledenonciateur224.com\/wp-content\/uploads\/2025\/04\/img-20250410-wa0067-619x420.jpg 619w\" sizes=\"auto, (max-width: 1080px) 100vw, 1080px\" \/><\/p>\n<p>Dans son discours, avant de poser sa signature en faveur de la candidature du Pr\u00e9sident de la Transition, Mamadi Doumbouya, le Pr\u00e9sident du dit mouvement Dr Mohamed Hady Barry a soulign\u00e9 que :\u00a0<strong>\u00ab\u00a0Cette p\u00e9tition n\u2019est pas simplement un acte politique. Elle constitue avant tout un appel \u00e0 la parole du peuple guin\u00e9en. Elle permet \u00e0 chaque citoyen, partout sur notre territoire et \u00e0 l\u2019\u00e9tranger, de s\u2019exprimer sur un sujet d\u2019une importance capitale : l\u2019avenir de notre pays. Aujourd\u2019hui, nous ouvrons un espace de participation d\u00e9mocratique, o\u00f9 chaque voix compte, et o\u00f9 le peuple de Guin\u00e9e pourra clairement manifester son soutien \u00e0 une candidature qui incarne le changement et la refondation que nous attendons tous.\u00a0\u00bb<\/strong><\/p>\n<p>Il a ensuite expliqu\u00e9 les raisons du soutien \u00e0 la candidature du G\u00e9n\u00e9ral Doumbouya :<br \/>\n<strong>\u00ab\u00a0Pourquoi soutenir la candidature du G\u00e9n\u00e9ral Mamadi Doumbouya ? Parce que c\u2019est lui, et lui seul, qui a su apporter les premiers jalons de la refondation de notre pays. Son engagement depuis 2021 a permis de poser les bases d\u2019un renouveau national, marqu\u00e9 par la justice, la transparence et l\u2019int\u00e9grit\u00e9. Le G\u00e9n\u00e9ral Doumbouya a fait la preuve de son amour in\u00e9branlable pour la Guin\u00e9e. Aujourd\u2019hui, il incarne l\u2019espoir d\u2019une Guin\u00e9e stable, unie, respect\u00e9e \u00e0 l\u2019international, et capable de se relever d\u00e9finitivement de ses divisions pass\u00e9es.\u00a0\u00bb<\/strong><\/p>\n<p>Le pr\u00e9sident du MPR a insist\u00e9 sur le fait que ce soutien n&rsquo;est pas seulement pour un homme, mais pour un projet national ambitieux :<br \/>\n<strong><br \/>\n<\/strong><\/p>\n<p><strong>\u00ab\u00a0En soutenant sa candidature, nous nous engageons non seulement pour un homme, mais pour un projet national. Nous lui donnons la l\u00e9gitimit\u00e9 populaire n\u00e9cessaire pour poursuivre la mise en \u0153uvre de son programme ambitieux et r\u00e9aliser la vision d\u2019un pays plus fort, plus d\u00e9mocratique, et plus prosp\u00e8re.\u00a0\u00bb<\/strong><\/p>\n<p>L&rsquo;importance du soutien populaire a \u00e9galement \u00e9t\u00e9 mise en avant :<strong>\u00ab\u00a0Cette p\u00e9tition est \u00e9galement un moyen de sensibiliser toute la population guin\u00e9enne \u00e0 la n\u00e9cessit\u00e9 de soutenir cette candidature. Chaque signature est un engagement vers un avenir meilleur pour notre pays. C\u2019est un signal fort envoy\u00e9 \u00e0 ceux qui doutent, \u00e0 ceux qui h\u00e9sitent, \u00e0 ceux qui attendent, que le peuple guin\u00e9en, dans sa grande majorit\u00e9, est r\u00e9solument tourn\u00e9 vers l\u2019avenir et souhaite soutenir un leadership capable de r\u00e9aliser les r\u00e9formes profondes que notre pays attend.\u00a0\u00bb<\/strong><\/p>\n<p>Dr Mohamed Hady Barry a appel\u00e9 tous les Guin\u00e9ens \u00e0 s&rsquo;impliquer dans cette d\u00e9marche historique :<strong>\u00ab\u00a0Le M.P.R. invite donc chaque Guin\u00e9en, chaque patriote, \u00e0 prendre part activement \u00e0 cette initiative. En soutenant cette p\u00e9tition, nous montrons que le peuple de Guin\u00e9e est pr\u00eat \u00e0 aller au-del\u00e0 des divisions et des clivages pass\u00e9s. Nous affirmons notre volont\u00e9 de b\u00e2tir ensemble une Guin\u00e9e nouvelle, fond\u00e9e sur l\u2019unit\u00e9, la justice et la prosp\u00e9rit\u00e9. L\u2019un des objectifs majeurs de cette d\u00e9marche est de permettre \u00e0 notre pays de sortir du pouvoir d\u2019exception pour revenir \u00e0 un pouvoir normal, tel que l&rsquo;exige la volont\u00e9 du peuple. Le processus \u00e9lectoral \u00e0 venir constitue une \u00e9tape cl\u00e9 dans cette transition. Nous avons vu la Guin\u00e9e traverser une p\u00e9riode exceptionnelle, mais il est maintenant temps de redonner au peuple la possibilit\u00e9 d\u2019exprimer sa volont\u00e9 \u00e0 travers un processus \u00e9lectoral transparent, libre et d\u00e9mocratique. Nous avons besoin de chaque voix, de chaque signature pour l\u00e9gitimer ce projet de refondation.\u00a0\u00bb<\/strong><\/p>\n<p>&nbsp;<\/p>\n<p>Aboubacar M Camara pour Ledenonciateur224.com<\/p>\n","protected":false},"excerpt":{"rendered":"<p>Le Mouvement des Patriotes pour la Refondation (MPR) a officiellement lanc\u00e9 sa p\u00e9tition en soutien \u00e0 la candidature du G\u00e9n\u00e9ral Mamadi Doumbouya, ce jeudi 10 avril, lors d&rsquo;une c\u00e9r\u00e9monie qui s&rsquo;est tenue dans un h\u00f4tel de Conakry. L&rsquo;\u00e9v\u00e9nement a r\u00e9uni plusieurs personnalit\u00e9s, dont l&rsquo;ancien ministre de l&rsquo;int\u00e9rieur et gouverneur Madifing Dian\u00e9 de la r\u00e9gion de [&hellip;]<\/p>\n","protected":false},"author":2,"featured_media":2354,"comment_status":"open","ping_status":"open","sticky":false,"template":"","format":"standard","meta":{"_jetpack_memberships_contains_paid_content":false,"footnotes":"","jetpack_publicize_message":"","jetpack_publicize_feature_enabled":true,"jetpack_social_post_already_shared":true,"jetpack_social_options":{"image_generator_settings":{"template":"highway","default_image_id":0,"font":"","enabled":false},"version":2}},"categories":[24,27],"tags":[522,625,410],"class_list":{"0":"post-2353","1":"post","2":"type-post","3":"status-publish","4":"format-standard","5":"has-post-thumbnail","7":"category-news","8":"category-politique","9":"tag-mamadi-doumbouya","10":"tag-petition","11":"tag-mouvement-de-soutien"},"jetpack_publicize_connections":[],"jetpack_featured_media_url":"https:\/\/ledenonciateur224.com\/wp-content\/uploads\/2025\/04\/img-20250410-wa0066.jpg","jetpack_sharing_enabled":true,"_links":{"self":[{"href":"https:\/\/ledenonciateur224.com\/index.php\/wp-json\/wp\/v2\/posts\/2353","targetHints":{"allow":["GET"]}}],"collection":[{"href":"https:\/\/ledenonciateur224.com\/index.php\/wp-json\/wp\/v2\/posts"}],"about":[{"href":"https:\/\/ledenonciateur224.com\/index.php\/wp-json\/wp\/v2\/types\/post"}],"author":[{"embeddable":true,"href":"https:\/\/ledenonciateur224.com\/index.php\/wp-json\/wp\/v2\/users\/2"}],"replies":[{"embeddable":true,"href":"https:\/\/ledenonciateur224.com\/index.php\/wp-json\/wp\/v2\/comments?post=2353"}],"version-history":[{"count":0,"href":"https:\/\/ledenonciateur224.com\/index.php\/wp-json\/wp\/v2\/posts\/2353\/revisions"}],"wp:featuredmedia":[{"embeddable":true,"href":"https:\/\/ledenonciateur224.com\/index.php\/wp-json\/wp\/v2\/media\/2354"}],"wp:attachment":[{"href":"https:\/\/ledenonciateur224.com\/index.php\/wp-json\/wp\/v2\/media?parent=2353"}],"wp:term":[{"taxonomy":"category","embeddable":true,"href":"https:\/\/ledenonciateur224.com\/index.php\/wp-json\/wp\/v2\/categories?post=2353"},{"taxonomy":"post_tag","embeddable":true,"href":"https:\/\/ledenonciateur224.com\/index.php\/wp-json\/wp\/v2\/tags?post=2353"}],"curies":[{"name":"wp","href":"https:\/\/api.w.org\/{rel}","templated":true}]}}