{"id":2358,"date":"2025-04-10T16:13:12","date_gmt":"2025-04-10T16:13:12","guid":{"rendered":"https:\/\/ledenonciateur224.com\/?p=2358"},"modified":"2025-04-10T16:13:12","modified_gmt":"2025-04-10T16:13:12","slug":"lafp-sengage-officiellement-a-soutenir-mamadi-doumbouya","status":"publish","type":"post","link":"https:\/\/ledenonciateur224.com\/index.php\/lafp-sengage-officiellement-a-soutenir-mamadi-doumbouya\/","title":{"rendered":"L&rsquo;AFP s&rsquo;engage officiellement \u00e0 soutenir Mamadi Doumbouya"},"content":{"rendered":"<div dir=\"auto\">DECLARATION N\u00b0001\/AFP\/10\/04\/2025<\/div>\n<div dir=\"auto\"><\/div>\n<div dir=\"auto\"><\/div>\n<div dir=\"auto\">Du 09 au 10 avril 2025 se sont tenues \u00e0 Conakry des rencontres d\u00e9cisives et historiques, regroupant une large majorit\u00e9 de la classe politique guin\u00e9enne sous les auspices d\u2019une entit\u00e9 f\u00e9d\u00e9ratrice d\u00e9nomm\u00e9e \u2018\u2019l\u2019ARBRE A PALABRE\u2019\u2019, un groupe d\u2019acteurs politiques, de leaders d\u2019opinion, et de citoyens engag\u00e9s dans la vie publique guin\u00e9enne se sont unis autour d\u2019une vision commune : celle d\u2019un avenir radieux, prosp\u00e8re et pacifique pour la Guin\u00e9e.<\/div>\n<div dir=\"auto\"><\/div>\n<div dir=\"auto\"><img loading=\"lazy\" decoding=\"async\" class=\"alignnone size-full wp-image-2360\" src=\"https:\/\/ledenonciateur224.com\/wp-content\/uploads\/2025\/04\/img-20250410-wa0089.jpg\" alt=\"\" width=\"1020\" height=\"574\" srcset=\"https:\/\/ledenonciateur224.com\/wp-content\/uploads\/2025\/04\/img-20250410-wa0089.jpg 1020w, https:\/\/ledenonciateur224.com\/wp-content\/uploads\/2025\/04\/img-20250410-wa0089-300x169.jpg 300w, https:\/\/ledenonciateur224.com\/wp-content\/uploads\/2025\/04\/img-20250410-wa0089-768x432.jpg 768w, https:\/\/ledenonciateur224.com\/wp-content\/uploads\/2025\/04\/img-20250410-wa0089-150x84.jpg 150w, https:\/\/ledenonciateur224.com\/wp-content\/uploads\/2025\/04\/img-20250410-wa0089-696x392.jpg 696w, https:\/\/ledenonciateur224.com\/wp-content\/uploads\/2025\/04\/img-20250410-wa0089-746x420.jpg 746w\" sizes=\"auto, (max-width: 1020px) 100vw, 1020px\" \/><\/div>\n<div dir=\"auto\">Pendant deux jours, les leaders et \u00e9missaires de partis politiques ont d\u00e9battu de tous les sujets d\u2019int\u00e9r\u00eat nationaux en g\u00e9n\u00e9ral, mais sp\u00e9cifiquement de leur volont\u00e9 de se conf\u00e9d\u00e9rer politiquement autour d\u2019un projet commun, des objectifs et d\u2019id\u00e9aux politiques partag\u00e9s.<\/div>\n<div dir=\"auto\">Et Aujourd\u2019hui, c\u2019est avec un immense honneur et un profond engagement que nous annon\u00e7ons au glorieux Peuple de Guin\u00e9e et \u00e0 ses autorit\u00e9s la naissance de l\u2019Alliance des Forces Patriotiques (AFP). Cette alliance est fond\u00e9e dans un esprit de rassemblement, d\u2019unit\u00e9 nationale et de patriotisme<\/div>\n<div dir=\"auto\">pour soutenir et porter la candidature du G\u00e9n\u00e9ral d\u2019arm\u00e9e Mamadi Doumbouya \u00e0 la prochaine \u00e9lection pr\u00e9sidentielle \u00e0 travers une conf\u00e9d\u00e9ration de nos structures de base pour une efficience dans nos<\/div>\n<div dir=\"auto\">actions.<\/div>\n<div dir=\"auto\"><\/div>\n<div dir=\"auto\">Nous, membres fondateurs de l\u2019AFP, partageons un m\u00eame constat: la Guin\u00e9e apr\u00e8s des d\u00e9cennies de d\u00e9fis politiques, \u00e9conomiques, historiques et sociaux, a eu besoin d\u2019une date : le 5 septembre 2021, d\u2019une \u00e9quipe : le CNRD, d\u2019un Homme, le G\u00e9n\u00e9ral d\u2019arm\u00e9e Mamadi Doumbouya, visionnaire<\/div>\n<div dir=\"auto\">de son Etat, d\u00e9termin\u00e9 et capable de mener le pays vers la refondation nationale tant souhait\u00e9e.<\/div>\n<div dir=\"auto\">Le G\u00e9n\u00e9ral Mamadi Doumbouya \u00e0 travers son engagement, pour la<\/div>\n<div dir=\"auto\">r\u00e9habilitation des symboles de notre histoire et de ses figures historiques son engagement pour une rectification institutionnelle et une moralisation de la chose publique, son intransigeance dans la lutte contre la corruption<\/div>\n<div dir=\"auto\">\n<div dir=\"auto\">syst\u00e9matique, son pragmatisme pour avoir mis la Guin\u00e9e en chantier incarne aujourd\u2019hui l\u2019espoir des jeunes, des femmes, des travailleurs, des paysans bref de toutes les composantes de la nation pour une Guin\u00e9e nouvelle, d\u00e9barrass\u00e9e des anciens maux qui ont trop longtemps frein\u00e9 son<\/div>\n<div dir=\"auto\">\u00e9panouissement.<\/div>\n<div dir=\"auto\">C\u2019est pourquoi, l\u2019Alliance des Forces Patriotiques \u2018\u2019AFP\u2019\u2019 s\u2019engage \u00e0 d\u00e9fendre et \u00e0 promouvoir une vision bas\u00e9e sur les valeurs d\u2019unit\u00e9 nationale et de r\u00e9conciliation, de justice sociale et \u00e9conomique, de r\u00e9forme institutionnelle pr\u00f4n\u00e9s par notre cher Pr\u00e9sident de la R\u00e9publique.<\/div>\n<div dir=\"auto\">Peuple de Guin\u00e9e, avec la candidature du G\u00e9n\u00e9ral d\u2019arm\u00e9e Mamadi Doumbouya, l\u2019AFP se fait le porte-voix de l\u2019aspiration collective et l\u00e9gitime du Peuple de Guin\u00e9e \u00e0 un changement r\u00e9el, d\u2019un leadership fort et \u00e9clair\u00e9 qui saura relever les d\u00e9fis du Pr\u00e9sent et construire un avenir prosp\u00e8re pour<\/div>\n<div dir=\"auto\">notre nation.<\/div>\n<div dir=\"auto\">Il serait souhaitable que toutes les forces soient f\u00e9d\u00e9r\u00e9 au sein de l\u2019AFP pour unifier les discours, les langages et \u00e9viter la dichotomie. L\u2019AFP doit \u00eatre une mouvance renforc\u00e9e et p\u00e9renne.<\/div>\n<div dir=\"auto\">D\u2019ici, nous lan\u00e7ons un appel solennel \u00e0 tous les patriotes, les citoyens soucieux du bien-\u00eatre de leur pays, \u00e0 se joindre \u00e0 nous dans cette obligationcommune. Le chemin sera long, mais ensemble, nous sommes convaincus<\/div>\n<div dir=\"auto\">que nous pouvons construire une Guin\u00e9e unie, forte et r\u00e9solument tourn\u00e9e vers l\u2019avenir.<\/div>\n<div dir=\"auto\">L\u2019Alliance des Forces Patriotiques AFP s\u2019engage \u00e0 travailler sans rel\u00e2che pour promouvoir et porter la candidature du G\u00e9n\u00e9ral Mamadi Doumbouya, en unissant toutes les forces vives de la nation pour le bien de notre patrie.<\/div>\n<div dir=\"auto\"><\/div>\n<div dir=\"auto\">Vive la Guin\u00e9e, Vive l\u2019Arbre \u00e0 palabre, vive l\u2019Alliance des Forces Patriotiques<\/div>\n<div dir=\"auto\">\u2018\u2019AFP\u2019\u2019 et vive la candidature du G\u00e9n\u00e9ral Mamadi Doumbouya !<\/div>\n<\/div>\n<div dir=\"auto\"><\/div>\n<div dir=\"auto\">\n<div dir=\"auto\"><\/div>\n<div dir=\"auto\">Les membres fondateurs de l\u2019alliance des Forces Patriotiques.<\/div>\n<div dir=\"auto\"><\/div>\n<div dir=\"auto\">Conakry, le 10 avril 2025<\/div>\n<\/div>\n","protected":false},"excerpt":{"rendered":"<p>DECLARATION N\u00b0001\/AFP\/10\/04\/2025 Du 09 au 10 avril 2025 se sont tenues \u00e0 Conakry des rencontres d\u00e9cisives et historiques, regroupant une large majorit\u00e9 de la classe politique guin\u00e9enne sous les auspices d\u2019une entit\u00e9 f\u00e9d\u00e9ratrice d\u00e9nomm\u00e9e \u2018\u2019l\u2019ARBRE A PALABRE\u2019\u2019, un groupe d\u2019acteurs politiques, de leaders d\u2019opinion, et de citoyens engag\u00e9s dans la vie publique guin\u00e9enne se sont [&hellip;]<\/p>\n","protected":false},"author":2,"featured_media":2359,"comment_status":"open","ping_status":"open","sticky":false,"template":"","format":"standard","meta":{"_jetpack_memberships_contains_paid_content":false,"footnotes":"","jetpack_publicize_message":"","jetpack_publicize_feature_enabled":true,"jetpack_social_post_already_shared":true,"jetpack_social_options":{"image_generator_settings":{"template":"highway","default_image_id":0,"font":"","enabled":false},"version":2}},"categories":[24,27],"tags":[473,519],"class_list":{"0":"post-2358","1":"post","2":"type-post","3":"status-publish","4":"format-standard","5":"has-post-thumbnail","7":"category-news","8":"category-politique","9":"tag-partis-politiques","10":"tag-soutien-au-general-mamadi-doumbouya"},"jetpack_publicize_connections":[],"jetpack_featured_media_url":"https:\/\/ledenonciateur224.com\/wp-content\/uploads\/2025\/04\/img-20250410-wa0096.jpg","jetpack_sharing_enabled":true,"_links":{"self":[{"href":"https:\/\/ledenonciateur224.com\/index.php\/wp-json\/wp\/v2\/posts\/2358","targetHints":{"allow":["GET"]}}],"collection":[{"href":"https:\/\/ledenonciateur224.com\/index.php\/wp-json\/wp\/v2\/posts"}],"about":[{"href":"https:\/\/ledenonciateur224.com\/index.php\/wp-json\/wp\/v2\/types\/post"}],"author":[{"embeddable":true,"href":"https:\/\/ledenonciateur224.com\/index.php\/wp-json\/wp\/v2\/users\/2"}],"replies":[{"embeddable":true,"href":"https:\/\/ledenonciateur224.com\/index.php\/wp-json\/wp\/v2\/comments?post=2358"}],"version-history":[{"count":0,"href":"https:\/\/ledenonciateur224.com\/index.php\/wp-json\/wp\/v2\/posts\/2358\/revisions"}],"wp:featuredmedia":[{"embeddable":true,"href":"https:\/\/ledenonciateur224.com\/index.php\/wp-json\/wp\/v2\/media\/2359"}],"wp:attachment":[{"href":"https:\/\/ledenonciateur224.com\/index.php\/wp-json\/wp\/v2\/media?parent=2358"}],"wp:term":[{"taxonomy":"category","embeddable":true,"href":"https:\/\/ledenonciateur224.com\/index.php\/wp-json\/wp\/v2\/categories?post=2358"},{"taxonomy":"post_tag","embeddable":true,"href":"https:\/\/ledenonciateur224.com\/index.php\/wp-json\/wp\/v2\/tags?post=2358"}],"curies":[{"name":"wp","href":"https:\/\/api.w.org\/{rel}","templated":true}]}}