{"id":2365,"date":"2025-04-10T17:42:16","date_gmt":"2025-04-10T17:42:16","guid":{"rendered":"https:\/\/ledenonciateur224.com\/?p=2365"},"modified":"2025-04-10T17:42:16","modified_gmt":"2025-04-10T17:42:16","slug":"hajj-2025-le-secretariat-general-des-affaires-religieuses-devoile-le-programme-des-vols","status":"publish","type":"post","link":"https:\/\/ledenonciateur224.com\/index.php\/hajj-2025-le-secretariat-general-des-affaires-religieuses-devoile-le-programme-des-vols\/","title":{"rendered":"Hajj 2025 : Le Secr\u00e9tariat g\u00e9n\u00e9ral des affaires religieuses d\u00e9voile le programme des vols"},"content":{"rendered":"<p>Le Secr\u00e9tariat g\u00e9n\u00e9ral des affaires religieuses a publi\u00e9 le calendrier des vols pour le Hajj 2025, marquant le d\u00e9but du p\u00e8lerinage. Le premier groupe de p\u00e8lerins quittera Conakry pour la Mecque le dimanche 11 mai 2025, donnant ainsi le coup d&rsquo;envoi d&rsquo;une saison de Hajj organis\u00e9e et bien planifi\u00e9e.<\/p>\n<p><img loading=\"lazy\" decoding=\"async\" class=\"alignnone size-full wp-image-2366\" src=\"https:\/\/ledenonciateur224.com\/wp-content\/uploads\/2025\/04\/img-20250410-wa0080.jpg\" alt=\"\" width=\"1600\" height=\"1130\" srcset=\"https:\/\/ledenonciateur224.com\/wp-content\/uploads\/2025\/04\/img-20250410-wa0080.jpg 1600w, https:\/\/ledenonciateur224.com\/wp-content\/uploads\/2025\/04\/img-20250410-wa0080-300x212.jpg 300w, https:\/\/ledenonciateur224.com\/wp-content\/uploads\/2025\/04\/img-20250410-wa0080-1024x723.jpg 1024w, https:\/\/ledenonciateur224.com\/wp-content\/uploads\/2025\/04\/img-20250410-wa0080-768x542.jpg 768w, https:\/\/ledenonciateur224.com\/wp-content\/uploads\/2025\/04\/img-20250410-wa0080-1536x1085.jpg 1536w, https:\/\/ledenonciateur224.com\/wp-content\/uploads\/2025\/04\/img-20250410-wa0080-150x106.jpg 150w, https:\/\/ledenonciateur224.com\/wp-content\/uploads\/2025\/04\/img-20250410-wa0080-696x492.jpg 696w, https:\/\/ledenonciateur224.com\/wp-content\/uploads\/2025\/04\/img-20250410-wa0080-1068x754.jpg 1068w, https:\/\/ledenonciateur224.com\/wp-content\/uploads\/2025\/04\/img-20250410-wa0080-595x420.jpg 595w, https:\/\/ledenonciateur224.com\/wp-content\/uploads\/2025\/04\/img-20250410-wa0080-100x70.jpg 100w\" sizes=\"auto, (max-width: 1600px) 100vw, 1600px\" \/><\/p>\n<p>&nbsp;<\/p>\n","protected":false},"excerpt":{"rendered":"<p>Le Secr\u00e9tariat g\u00e9n\u00e9ral des affaires religieuses a publi\u00e9 le calendrier des vols pour le Hajj 2025, marquant le d\u00e9but du p\u00e8lerinage. Le premier groupe de p\u00e8lerins quittera Conakry pour la Mecque le dimanche 11 mai 2025, donnant ainsi le coup d&rsquo;envoi d&rsquo;une saison de Hajj organis\u00e9e et bien planifi\u00e9e. &nbsp;<\/p>\n","protected":false},"author":2,"featured_media":1071,"comment_status":"open","ping_status":"open","sticky":false,"template":"","format":"standard","meta":{"_jetpack_memberships_contains_paid_content":false,"footnotes":"","jetpack_publicize_message":"","jetpack_publicize_feature_enabled":true,"jetpack_social_post_already_shared":true,"jetpack_social_options":{"image_generator_settings":{"template":"highway","default_image_id":0,"font":"","enabled":false},"version":2}},"categories":[30,24],"tags":[604,577,246],"class_list":{"0":"post-2365","1":"post","2":"type-post","3":"status-publish","4":"format-standard","5":"has-post-thumbnail","7":"category-faits-divers","8":"category-news","9":"tag-actualite-de-guinee","10":"tag-affaires-politiques","11":"tag-pelerinage"},"jetpack_publicize_connections":[],"jetpack_featured_media_url":"https:\/\/ledenonciateur224.com\/wp-content\/uploads\/2025\/01\/pelerins-aeroport-de-conakry-ast.jpg","jetpack_sharing_enabled":true,"_links":{"self":[{"href":"https:\/\/ledenonciateur224.com\/index.php\/wp-json\/wp\/v2\/posts\/2365","targetHints":{"allow":["GET"]}}],"collection":[{"href":"https:\/\/ledenonciateur224.com\/index.php\/wp-json\/wp\/v2\/posts"}],"about":[{"href":"https:\/\/ledenonciateur224.com\/index.php\/wp-json\/wp\/v2\/types\/post"}],"author":[{"embeddable":true,"href":"https:\/\/ledenonciateur224.com\/index.php\/wp-json\/wp\/v2\/users\/2"}],"replies":[{"embeddable":true,"href":"https:\/\/ledenonciateur224.com\/index.php\/wp-json\/wp\/v2\/comments?post=2365"}],"version-history":[{"count":0,"href":"https:\/\/ledenonciateur224.com\/index.php\/wp-json\/wp\/v2\/posts\/2365\/revisions"}],"wp:featuredmedia":[{"embeddable":true,"href":"https:\/\/ledenonciateur224.com\/index.php\/wp-json\/wp\/v2\/media\/1071"}],"wp:attachment":[{"href":"https:\/\/ledenonciateur224.com\/index.php\/wp-json\/wp\/v2\/media?parent=2365"}],"wp:term":[{"taxonomy":"category","embeddable":true,"href":"https:\/\/ledenonciateur224.com\/index.php\/wp-json\/wp\/v2\/categories?post=2365"},{"taxonomy":"post_tag","embeddable":true,"href":"https:\/\/ledenonciateur224.com\/index.php\/wp-json\/wp\/v2\/tags?post=2365"}],"curies":[{"name":"wp","href":"https:\/\/api.w.org\/{rel}","templated":true}]}}