{"id":2368,"date":"2025-04-11T16:18:34","date_gmt":"2025-04-11T16:18:34","guid":{"rendered":"https:\/\/ledenonciateur224.com\/?p=2368"},"modified":"2025-04-11T16:18:34","modified_gmt":"2025-04-11T16:18:34","slug":"la-guinee-a-lexposition-universelle-2025-un-pavillon-innovant-pour-valoriser-sa-richesse-culturelle-sociale-et-naturelle","status":"publish","type":"post","link":"https:\/\/ledenonciateur224.com\/index.php\/la-guinee-a-lexposition-universelle-2025-un-pavillon-innovant-pour-valoriser-sa-richesse-culturelle-sociale-et-naturelle\/","title":{"rendered":"La Guin\u00e9e \u00e0 l&rsquo;exposition universelle 2025 : Un pavillon innovant pour valoriser sa richesse culturelle, sociale et naturelle"},"content":{"rendered":"<p>La R\u00e9publique de Guin\u00e9e s&rsquo;appr\u00eate \u00e0 marquer l&rsquo;histoire en participant \u00e0 l&rsquo;Exposition Universelle 2025 \u00e0 Osaka, au Japon, du 13 avril au 13 octobre. Sous le th\u00e8me mondial \u00ab\u00a0Concevoir le futur, imaginer notre vie de demain\u00a0\u00bb, la Guin\u00e9e d\u00e9voilera son riche patrimoine culturel et ses priorit\u00e9s nationales \u00e0 travers un pavillon plac\u00e9 sous le signe de l&rsquo;innovation et du d\u00e9veloppement durable. Cette annonce a \u00e9t\u00e9 faite ce vendredi 11 avril 2025 lors d\u2019une conf\u00e9rence de presse dirig\u00e9e par la ministre du Commerce, Dr Diaka Sidib\u00e9. Plus de 150 pays seront pr\u00e9sents pour cet \u00e9v\u00e9nement majeur, qui ambitionne de proposer des solutions concr\u00e8tes aux d\u00e9fis mondiaux, notamment en mati\u00e8re de r\u00e9silience et d&rsquo;inclusion, dans le cadre des Objectifs de D\u00e9veloppement Durable (ODD) pour 2030. Le pavillon guin\u00e9en, situ\u00e9 dans le district \u00ab Saving Lives \u00bb (Sauver des vies), offrira une immersion sensorielle et narrative sur les enjeux de la sant\u00e9, de l&rsquo;\u00e9ducation, de la culture, de l&rsquo;environnement et de l&rsquo;innovation sociale, tout en mettant en lumi\u00e8re la jeunesse et les richesses naturelles du pays.<\/p>\n<p><img loading=\"lazy\" decoding=\"async\" class=\"alignnone size-full wp-image-2369\" src=\"https:\/\/ledenonciateur224.com\/wp-content\/uploads\/2025\/04\/img-20250411-wa0084.jpg\" alt=\"\" width=\"853\" height=\"1280\" srcset=\"https:\/\/ledenonciateur224.com\/wp-content\/uploads\/2025\/04\/img-20250411-wa0084.jpg 853w, https:\/\/ledenonciateur224.com\/wp-content\/uploads\/2025\/04\/img-20250411-wa0084-200x300.jpg 200w, https:\/\/ledenonciateur224.com\/wp-content\/uploads\/2025\/04\/img-20250411-wa0084-682x1024.jpg 682w, https:\/\/ledenonciateur224.com\/wp-content\/uploads\/2025\/04\/img-20250411-wa0084-768x1152.jpg 768w, https:\/\/ledenonciateur224.com\/wp-content\/uploads\/2025\/04\/img-20250411-wa0084-150x225.jpg 150w, https:\/\/ledenonciateur224.com\/wp-content\/uploads\/2025\/04\/img-20250411-wa0084-300x450.jpg 300w, https:\/\/ledenonciateur224.com\/wp-content\/uploads\/2025\/04\/img-20250411-wa0084-696x1044.jpg 696w, https:\/\/ledenonciateur224.com\/wp-content\/uploads\/2025\/04\/img-20250411-wa0084-280x420.jpg 280w\" sizes=\"auto, (max-width: 853px) 100vw, 853px\" \/><\/p>\n<div dir=\"auto\"><em>\u00ab\u00a0\u00c0 travers notre pavillon, le pays mettra en lumi\u00e8re une approche de progr\u00e8s enracin\u00e9e dans ses traditions, dans la force de sa jeunesse et dans des projets structurants comme Simandou 2040. Sauver des vies en Guin\u00e9e, c\u2019est mettre l\u2019humain, l\u2019environnement et le territoire au c\u0153ur du d\u00e9veloppement, avec des priorit\u00e9s claires\u00a0: sant\u00e9, r\u00e9silience alimentaire, \u00e9ducation, environnement et inclusion sociale. Le pavillon guin\u00e9en donne ainsi \u00e0 voir une autre mani\u00e8re de b\u00e2tir l\u2019avenir, un avenir qui soigne, qui relie et qui respecte et qui nous \u00e9l\u00e8ve. L\u2019Expo Osaka 2025 est la suite logique de l\u2019Expo Duba\u00ef 2020, qui avait \u00e9t\u00e9 report\u00e9e \u00e0 l\u2019\u00e9poque en 2021-2022 \u00e0 cause du Covid-19, qui s\u2019est tenue \u00e0 l\u2019\u00e9poque sous le th\u00e8me \u00ab Connecter les esprits, construire le futur \u00bb. La Guin\u00e9e y avait particip\u00e9 avec un pavillon centr\u00e9 sur ses atouts culturels et naturels et qui a attir\u00e9 en six mois plus de 500 000 visiteurs. Osaka 2025 prolonge cette dynamique, mais avec un regard encore plus ax\u00e9 sur l\u2019innovation sociale et technologique, l\u2019impact durable et la richesse de solutions collectives pour les g\u00e9n\u00e9rations futures.<\/em><em>\u00a0La Guin\u00e9e participe \u00e0 cette exposition pour faire entendre une voix guin\u00e9enne dans la conversation mondiale, ceci est capital et universel.<\/em><em>\u00bb, a-t-elle expliqu\u00e9 avant d&rsquo;ajouter que<\/em><\/div>\n<div dir=\"auto\"><em>\u00bb, L\u2019Expo Osaka 2025 est une sc\u00e8ne g\u00e9opolitique, culturelle et \u00e9conomique d\u2019envergure mondiale. La Guin\u00e9e y participe pour montrer qu\u2019elle est aussi actrice du futur, capable d\u2019apporter des solutions, des innovations et des id\u00e9es face aux d\u00e9fis de demain. Deuxi\u00e8mement, pour changer les perceptions sur la Guin\u00e9e, trop souvent associ\u00e9es \u00e0 des st\u00e9r\u00e9otypes ou \u00e0 des crises par le pass\u00e9, ce type de vitrine mondiale est aussi utilis\u00e9 pour contribuer \u00e0 renforcer notre marque-pays, c\u2019est-\u00e0-dire le branding National, une Guin\u00e9e vivante, stable et ambitieuse. De montrer un pays riche en talents, en ressources, en jeunesse et en cr\u00e9ativit\u00e9. D\u2019affirmer sa place dans une Afrique en mouvement. Troisi\u00e8mement, notre participation doit prouver et d\u00e9montrer que des entreprises guin\u00e9ennes et des produits guin\u00e9ens peuvent \u00eatre valoris\u00e9s.<\/em><\/div>\n<div dir=\"auto\"><em>La participation \u00e0 Osaka 2025 permettra aussi de mettre en valeur les petites et moyennes entreprises, de promouvoir les produits agroalimentaires, artisanaux, textiles ou technologiques o\u00f9 30 exposants guin\u00e9ens sont d\u00e9j\u00e0 mobilis\u00e9s avec leurs produits. Elle permettra de cr\u00e9er des opportunit\u00e9s \u00e9conomiques, des partenariats, des march\u00e9s, notamment via la journ\u00e9e nationale du 10 juin d\u00e9di\u00e9e \u00e0 la Guin\u00e9e \u00e0 Osaka. Les rencontres B2B qui seront organis\u00e9es et les semaines th\u00e9matiques pendant les six prochains mois. Quatri\u00e8mement, notre participation permettra de promouvoir l\u2019investissement et la diplomatie \u00e9conomique\u00a0\u00bb,\u00a0<\/em>a d\u00e9clar\u00e9 la Ministre du Commerce, de l\u2019Industrie et des PME devant un parterre de journalistes.<\/div>\n<div dir=\"auto\"><\/div>\n<div dir=\"auto\"><img loading=\"lazy\" decoding=\"async\" class=\"alignnone size-full wp-image-2370\" src=\"https:\/\/ledenonciateur224.com\/wp-content\/uploads\/2025\/04\/img-20250411-wa0058.jpg\" alt=\"\" width=\"1280\" height=\"853\" srcset=\"https:\/\/ledenonciateur224.com\/wp-content\/uploads\/2025\/04\/img-20250411-wa0058.jpg 1280w, https:\/\/ledenonciateur224.com\/wp-content\/uploads\/2025\/04\/img-20250411-wa0058-300x200.jpg 300w, https:\/\/ledenonciateur224.com\/wp-content\/uploads\/2025\/04\/img-20250411-wa0058-1024x682.jpg 1024w, https:\/\/ledenonciateur224.com\/wp-content\/uploads\/2025\/04\/img-20250411-wa0058-768x512.jpg 768w, https:\/\/ledenonciateur224.com\/wp-content\/uploads\/2025\/04\/img-20250411-wa0058-150x100.jpg 150w, https:\/\/ledenonciateur224.com\/wp-content\/uploads\/2025\/04\/img-20250411-wa0058-696x464.jpg 696w, https:\/\/ledenonciateur224.com\/wp-content\/uploads\/2025\/04\/img-20250411-wa0058-1068x712.jpg 1068w, https:\/\/ledenonciateur224.com\/wp-content\/uploads\/2025\/04\/img-20250411-wa0058-630x420.jpg 630w\" sizes=\"auto, (max-width: 1280px) 100vw, 1280px\" \/><\/div>\n<div dir=\"auto\">Selon les informations fournies par la Ministre du Commerce, de l\u2019Industrie et des PME, la participation de la Guin\u00e9e \u00e0 cette exposition va co\u00fbter plus de quatre milliards francs guin\u00e9ens.<\/div>\n<div dir=\"auto\"><\/div>\n<div dir=\"auto\">Plus loin dans sa communication elle a \u00e9galement d\u00e9taill\u00e9 des ambitions de l&rsquo;Etat guin\u00e9en<\/div>\n<div dir=\"auto\"><\/div>\n<div dir=\"auto\"><em>\u00ab\u00a0Notre ambition finale, c\u2019est de montrer une Guin\u00e9e qui ne se r\u00e9sume pas \u00e0 ses ressources, mais qui se d\u00e9finit par l\u2019\u00e9nergie de son peuple, la cr\u00e9ativit\u00e9 de sa jeunesse et la richesse de ses cultures. En nous int\u00e9grant au district \u2018\u2019Sauver les Vies\u2019\u2019, nous faisons entendre une voix diff\u00e9rente, celle d\u2019un pays r\u00e9silient, constructif et porteur de solutions africaines aux d\u00e9fis mondiaux. C\u2019est aussi l\u2019occasion d\u2019incarner notre vision \u00e9conomique, une Guin\u00e9e qui croit au potentiel des PME et des MPME, \u00e0 l\u2019innovation et \u00e0 la cr\u00e9ativit\u00e9 locale, et au r\u00f4le du secteur priv\u00e9 dans le d\u00e9veloppement socio-\u00e9conomique du pays. \u00c0 Osaka, nous ne venons pas pour exposer, nous venons pour inspirer, pour montrer qu\u2019en Guin\u00e9e aussi on innove, on sauve des vies\u00a0\u00bb,<\/em>\u00a0a conclu Dre Diaka Sidib\u00e9.<\/div>\n<div dir=\"auto\"><\/div>\n<div dir=\"auto\"><\/div>\n<div dir=\"auto\">A M C pour Ledenonciateur224.com<\/div>\n","protected":false},"excerpt":{"rendered":"<p>La R\u00e9publique de Guin\u00e9e s&rsquo;appr\u00eate \u00e0 marquer l&rsquo;histoire en participant \u00e0 l&rsquo;Exposition Universelle 2025 \u00e0 Osaka, au Japon, du 13 avril au 13 octobre. Sous le th\u00e8me mondial \u00ab\u00a0Concevoir le futur, imaginer notre vie de demain\u00a0\u00bb, la Guin\u00e9e d\u00e9voilera son riche patrimoine culturel et ses priorit\u00e9s nationales \u00e0 travers un pavillon plac\u00e9 sous le signe [&hellip;]<\/p>\n","protected":false},"author":2,"featured_media":2371,"comment_status":"open","ping_status":"open","sticky":false,"template":"","format":"standard","meta":{"_jetpack_memberships_contains_paid_content":false,"footnotes":"","jetpack_publicize_message":"","jetpack_publicize_feature_enabled":true,"jetpack_social_post_already_shared":true,"jetpack_social_options":{"image_generator_settings":{"template":"highway","default_image_id":0,"font":"","enabled":false},"version":2}},"categories":[29,24],"tags":[630,627,629,628],"class_list":{"0":"post-2368","1":"post","2":"type-post","3":"status-publish","4":"format-standard","5":"has-post-thumbnail","7":"category-economie","8":"category-news","9":"tag-dre-diaka-sidibe","10":"tag-exposition-universelle-2025","11":"tag-ministre-du-commerce","12":"tag-osaka"},"jetpack_publicize_connections":[],"jetpack_featured_media_url":"https:\/\/ledenonciateur224.com\/wp-content\/uploads\/2025\/04\/img-20250411-wa0080.jpg","jetpack_sharing_enabled":true,"_links":{"self":[{"href":"https:\/\/ledenonciateur224.com\/index.php\/wp-json\/wp\/v2\/posts\/2368","targetHints":{"allow":["GET"]}}],"collection":[{"href":"https:\/\/ledenonciateur224.com\/index.php\/wp-json\/wp\/v2\/posts"}],"about":[{"href":"https:\/\/ledenonciateur224.com\/index.php\/wp-json\/wp\/v2\/types\/post"}],"author":[{"embeddable":true,"href":"https:\/\/ledenonciateur224.com\/index.php\/wp-json\/wp\/v2\/users\/2"}],"replies":[{"embeddable":true,"href":"https:\/\/ledenonciateur224.com\/index.php\/wp-json\/wp\/v2\/comments?post=2368"}],"version-history":[{"count":0,"href":"https:\/\/ledenonciateur224.com\/index.php\/wp-json\/wp\/v2\/posts\/2368\/revisions"}],"wp:featuredmedia":[{"embeddable":true,"href":"https:\/\/ledenonciateur224.com\/index.php\/wp-json\/wp\/v2\/media\/2371"}],"wp:attachment":[{"href":"https:\/\/ledenonciateur224.com\/index.php\/wp-json\/wp\/v2\/media?parent=2368"}],"wp:term":[{"taxonomy":"category","embeddable":true,"href":"https:\/\/ledenonciateur224.com\/index.php\/wp-json\/wp\/v2\/categories?post=2368"},{"taxonomy":"post_tag","embeddable":true,"href":"https:\/\/ledenonciateur224.com\/index.php\/wp-json\/wp\/v2\/tags?post=2368"}],"curies":[{"name":"wp","href":"https:\/\/api.w.org\/{rel}","templated":true}]}}