{"id":2373,"date":"2025-04-11T20:52:17","date_gmt":"2025-04-11T20:52:17","guid":{"rendered":"https:\/\/ledenonciateur224.com\/?p=2373"},"modified":"2025-04-11T20:52:17","modified_gmt":"2025-04-11T20:52:17","slug":"reconnaissance-au-merite-le-bataillon-dinfanterie-de-la-camayenne-honore-ses-athletes-et-soutiens","status":"publish","type":"post","link":"https:\/\/ledenonciateur224.com\/index.php\/reconnaissance-au-merite-le-bataillon-dinfanterie-de-la-camayenne-honore-ses-athletes-et-soutiens\/","title":{"rendered":"Reconnaissance au m\u00e9rite : le Bataillon d\u2019infanterie de la Camayenne honore ses athl\u00e8tes et soutiens"},"content":{"rendered":"<p>Ce vendredi 11 avril 2025, le camp du Bataillon d\u2019infanterie de la Camayenne, sous la direction du colonel S\u00e9kou Fantamadi Tour\u00e9, a vibr\u00e9 au rythme d\u2019une c\u00e9r\u00e9monie de distinction d\u00e9di\u00e9e \u00e0 ses valeureux repr\u00e9sentants. Les militaires ayant particip\u00e9 au concours du semi-marathon de 21 km organis\u00e9 \u00e0 Kindia par la Direction G\u00e9n\u00e9rale des Sports militaires et paramilitaires ont \u00e9t\u00e9 honor\u00e9s \u00e0 travers des remises de m\u00e9dailles et de satisfecits.<\/p>\n<p><img loading=\"lazy\" decoding=\"async\" class=\"alignnone size-full wp-image-2374\" src=\"https:\/\/ledenonciateur224.com\/wp-content\/uploads\/2025\/04\/img-20250411-wa0124.jpg\" alt=\"\" width=\"1280\" height=\"960\" srcset=\"https:\/\/ledenonciateur224.com\/wp-content\/uploads\/2025\/04\/img-20250411-wa0124.jpg 1280w, https:\/\/ledenonciateur224.com\/wp-content\/uploads\/2025\/04\/img-20250411-wa0124-300x225.jpg 300w, https:\/\/ledenonciateur224.com\/wp-content\/uploads\/2025\/04\/img-20250411-wa0124-1024x768.jpg 1024w, https:\/\/ledenonciateur224.com\/wp-content\/uploads\/2025\/04\/img-20250411-wa0124-768x576.jpg 768w, https:\/\/ledenonciateur224.com\/wp-content\/uploads\/2025\/04\/img-20250411-wa0124-150x113.jpg 150w, https:\/\/ledenonciateur224.com\/wp-content\/uploads\/2025\/04\/img-20250411-wa0124-696x522.jpg 696w, https:\/\/ledenonciateur224.com\/wp-content\/uploads\/2025\/04\/img-20250411-wa0124-1068x801.jpg 1068w, https:\/\/ledenonciateur224.com\/wp-content\/uploads\/2025\/04\/img-20250411-wa0124-560x420.jpg 560w, https:\/\/ledenonciateur224.com\/wp-content\/uploads\/2025\/04\/img-20250411-wa0124-80x60.jpg 80w, https:\/\/ledenonciateur224.com\/wp-content\/uploads\/2025\/04\/img-20250411-wa0124-265x198.jpg 265w\" sizes=\"auto, (max-width: 1280px) 100vw, 1280px\" \/><\/p>\n<p>L\u2019\u00e9v\u00e9nement a \u00e9galement \u00e9t\u00e9 marqu\u00e9 par la remise d\u2019un satisfecit sp\u00e9cial \u00e0 Monsieur Lawson Barry, pr\u00e9sident d\u2019honneur de la c\u00e9r\u00e9monie, salu\u00e9 pour son soutien constant aux efforts de refondation nationale engag\u00e9s par le Pr\u00e9sident de la R\u00e9publique, le G\u00e9n\u00e9ral Mamadi Doumbouya.<\/p>\n<p>La c\u00e9r\u00e9monie, empreinte de solennit\u00e9 et de reconnaissance, a rassembl\u00e9 de nombreux cadres militaires et paramilitaires, t\u00e9moignant de l\u2019unit\u00e9 et de l\u2019engagement du corps arm\u00e9 pour l\u2019excellence et la promotion des valeurs sportives et patriotiques.<\/p>\n<p>&nbsp;<\/p>\n<p>N&rsquo;sira Sylla<\/p>\n","protected":false},"excerpt":{"rendered":"<p>Ce vendredi 11 avril 2025, le camp du Bataillon d\u2019infanterie de la Camayenne, sous la direction du colonel S\u00e9kou Fantamadi Tour\u00e9, a vibr\u00e9 au rythme d\u2019une c\u00e9r\u00e9monie de distinction d\u00e9di\u00e9e \u00e0 ses valeureux repr\u00e9sentants. Les militaires ayant particip\u00e9 au concours du semi-marathon de 21 km organis\u00e9 \u00e0 Kindia par la Direction G\u00e9n\u00e9rale des Sports militaires [&hellip;]<\/p>\n","protected":false},"author":2,"featured_media":2374,"comment_status":"open","ping_status":"open","sticky":false,"template":"","format":"standard","meta":{"_jetpack_memberships_contains_paid_content":false,"footnotes":"","jetpack_publicize_message":"","jetpack_publicize_feature_enabled":true,"jetpack_social_post_already_shared":true,"jetpack_social_options":{"image_generator_settings":{"template":"highway","default_image_id":0,"font":"","enabled":false},"version":2}},"categories":[30,24],"tags":[631,59],"class_list":{"0":"post-2373","1":"post","2":"type-post","3":"status-publish","4":"format-standard","5":"has-post-thumbnail","7":"category-faits-divers","8":"category-news","9":"tag-camp-dinfanterie","10":"tag-armee-guineenne"},"jetpack_publicize_connections":[],"jetpack_featured_media_url":"https:\/\/ledenonciateur224.com\/wp-content\/uploads\/2025\/04\/img-20250411-wa0124.jpg","jetpack_sharing_enabled":true,"_links":{"self":[{"href":"https:\/\/ledenonciateur224.com\/index.php\/wp-json\/wp\/v2\/posts\/2373","targetHints":{"allow":["GET"]}}],"collection":[{"href":"https:\/\/ledenonciateur224.com\/index.php\/wp-json\/wp\/v2\/posts"}],"about":[{"href":"https:\/\/ledenonciateur224.com\/index.php\/wp-json\/wp\/v2\/types\/post"}],"author":[{"embeddable":true,"href":"https:\/\/ledenonciateur224.com\/index.php\/wp-json\/wp\/v2\/users\/2"}],"replies":[{"embeddable":true,"href":"https:\/\/ledenonciateur224.com\/index.php\/wp-json\/wp\/v2\/comments?post=2373"}],"version-history":[{"count":0,"href":"https:\/\/ledenonciateur224.com\/index.php\/wp-json\/wp\/v2\/posts\/2373\/revisions"}],"wp:featuredmedia":[{"embeddable":true,"href":"https:\/\/ledenonciateur224.com\/index.php\/wp-json\/wp\/v2\/media\/2374"}],"wp:attachment":[{"href":"https:\/\/ledenonciateur224.com\/index.php\/wp-json\/wp\/v2\/media?parent=2373"}],"wp:term":[{"taxonomy":"category","embeddable":true,"href":"https:\/\/ledenonciateur224.com\/index.php\/wp-json\/wp\/v2\/categories?post=2373"},{"taxonomy":"post_tag","embeddable":true,"href":"https:\/\/ledenonciateur224.com\/index.php\/wp-json\/wp\/v2\/tags?post=2373"}],"curies":[{"name":"wp","href":"https:\/\/api.w.org\/{rel}","templated":true}]}}