{"id":2393,"date":"2025-04-12T02:47:58","date_gmt":"2025-04-12T02:47:58","guid":{"rendered":"https:\/\/ledenonciateur224.com\/?p=2393"},"modified":"2025-04-12T03:16:29","modified_gmt":"2025-04-12T03:16:29","slug":"commandant-ali-camara-artisan-de-la-refondation-militaire-a-kamsar","status":"publish","type":"post","link":"https:\/\/ledenonciateur224.com\/index.php\/commandant-ali-camara-artisan-de-la-refondation-militaire-a-kamsar\/","title":{"rendered":"Commandant Ali Camara, artisan de la refondation militaire \u00e0 Kamsar"},"content":{"rendered":"<p><strong>Commandant Ali Camara : un pilier de la refondation militaire impuls\u00e9e par le G\u00e9n\u00e9ral Doumbouya<\/strong><\/p>\n<p>Depuis sa nomination \u00e0 la t\u00eate du camp d\u2019infanterie de Kamsar,\u00a0<strong>le Commandant Ali Camara<\/strong>\u00a0s\u2019impose comme un acteur cl\u00e9 dans la dynamique de refondation des forces arm\u00e9es guin\u00e9ennes, pr\u00f4n\u00e9e par le Pr\u00e9sident de la R\u00e9publique, le G\u00e9n\u00e9ral Mamadi Doumbouya.<\/p>\n<p><img loading=\"lazy\" decoding=\"async\" class=\"alignnone size-full wp-image-2391\" src=\"https:\/\/ledenonciateur224.com\/wp-content\/uploads\/2025\/04\/fb-img-1744424678291.jpg\" alt=\"\" width=\"720\" height=\"960\" srcset=\"https:\/\/ledenonciateur224.com\/wp-content\/uploads\/2025\/04\/fb-img-1744424678291.jpg 720w, https:\/\/ledenonciateur224.com\/wp-content\/uploads\/2025\/04\/fb-img-1744424678291-225x300.jpg 225w, https:\/\/ledenonciateur224.com\/wp-content\/uploads\/2025\/04\/fb-img-1744424678291-150x200.jpg 150w, https:\/\/ledenonciateur224.com\/wp-content\/uploads\/2025\/04\/fb-img-1744424678291-300x400.jpg 300w, https:\/\/ledenonciateur224.com\/wp-content\/uploads\/2025\/04\/fb-img-1744424678291-696x928.jpg 696w, https:\/\/ledenonciateur224.com\/wp-content\/uploads\/2025\/04\/fb-img-1744424678291-315x420.jpg 315w\" sizes=\"auto, (max-width: 720px) 100vw, 720px\" \/><\/p>\n<p>\u00c0 la t\u00eate de l\u2019un des camps les plus strat\u00e9giques du pays, il \u0153uvre sans rel\u00e2che au renforcement de la\u00a0<strong>coh\u00e9sion, de la discipline<\/strong>\u00a0et du\u00a0<strong>professionnalisme<\/strong>\u00a0au sein de ses troupes. Son leadership s\u2019illustre \u00e9galement \u00e0 l\u2019\u00e9chelle r\u00e9gionale : lors de la\u00a0<strong>marche de rassemblement des acquis du CNRD \u00e0 Bok\u00e9<\/strong>, le Commandant Ali Camara a pris toutes les dispositions n\u00e9cessaires pour assurer la\u00a0<strong>s\u00e9curit\u00e9 territoriale<\/strong>\u00a0et d\u00e9montrer l\u2019engagement sans faille des forces arm\u00e9es dans la stabilit\u00e9 nationale.<\/p>\n<p>Son implication constante dans les actions du CNRD fait de lui l\u2019un des officiers les plus engag\u00e9s dans la transformation et la modernisation de l\u2019arm\u00e9e guin\u00e9enne.<\/p>\n<p>Ledenonciateur224.com<\/p>\n","protected":false},"excerpt":{"rendered":"<p>Commandant Ali Camara : un pilier de la refondation militaire impuls\u00e9e par le G\u00e9n\u00e9ral Doumbouya Depuis sa nomination \u00e0 la t\u00eate du camp d\u2019infanterie de Kamsar,\u00a0le Commandant Ali Camara\u00a0s\u2019impose comme un acteur cl\u00e9 dans la dynamique de refondation des forces arm\u00e9es guin\u00e9ennes, pr\u00f4n\u00e9e par le Pr\u00e9sident de la R\u00e9publique, le G\u00e9n\u00e9ral Mamadi Doumbouya. \u00c0 la [&hellip;]<\/p>\n","protected":false},"author":2,"featured_media":2391,"comment_status":"open","ping_status":"open","sticky":false,"template":"","format":"standard","meta":{"_jetpack_memberships_contains_paid_content":false,"footnotes":"","jetpack_publicize_message":"","jetpack_publicize_feature_enabled":true,"jetpack_social_post_already_shared":true,"jetpack_social_options":{"image_generator_settings":{"template":"highway","default_image_id":0,"font":"","enabled":false},"version":2}},"categories":[30,24,33],"tags":[637,636],"class_list":{"0":"post-2393","1":"post","2":"type-post","3":"status-publish","4":"format-standard","5":"has-post-thumbnail","7":"category-faits-divers","8":"category-news","9":"category-region","10":"tag-camp-dinfanterie-kamsar","11":"tag-commandant-ali-camara"},"jetpack_publicize_connections":[],"jetpack_featured_media_url":"https:\/\/ledenonciateur224.com\/wp-content\/uploads\/2025\/04\/fb-img-1744424678291.jpg","jetpack_sharing_enabled":true,"_links":{"self":[{"href":"https:\/\/ledenonciateur224.com\/index.php\/wp-json\/wp\/v2\/posts\/2393","targetHints":{"allow":["GET"]}}],"collection":[{"href":"https:\/\/ledenonciateur224.com\/index.php\/wp-json\/wp\/v2\/posts"}],"about":[{"href":"https:\/\/ledenonciateur224.com\/index.php\/wp-json\/wp\/v2\/types\/post"}],"author":[{"embeddable":true,"href":"https:\/\/ledenonciateur224.com\/index.php\/wp-json\/wp\/v2\/users\/2"}],"replies":[{"embeddable":true,"href":"https:\/\/ledenonciateur224.com\/index.php\/wp-json\/wp\/v2\/comments?post=2393"}],"version-history":[{"count":0,"href":"https:\/\/ledenonciateur224.com\/index.php\/wp-json\/wp\/v2\/posts\/2393\/revisions"}],"wp:featuredmedia":[{"embeddable":true,"href":"https:\/\/ledenonciateur224.com\/index.php\/wp-json\/wp\/v2\/media\/2391"}],"wp:attachment":[{"href":"https:\/\/ledenonciateur224.com\/index.php\/wp-json\/wp\/v2\/media?parent=2393"}],"wp:term":[{"taxonomy":"category","embeddable":true,"href":"https:\/\/ledenonciateur224.com\/index.php\/wp-json\/wp\/v2\/categories?post=2393"},{"taxonomy":"post_tag","embeddable":true,"href":"https:\/\/ledenonciateur224.com\/index.php\/wp-json\/wp\/v2\/tags?post=2393"}],"curies":[{"name":"wp","href":"https:\/\/api.w.org\/{rel}","templated":true}]}}