{"id":2395,"date":"2025-04-12T22:14:11","date_gmt":"2025-04-12T22:14:11","guid":{"rendered":"https:\/\/ledenonciateur224.com\/?p=2395"},"modified":"2025-04-12T22:14:11","modified_gmt":"2025-04-12T22:14:11","slug":"fatigues-de-la-lutte-allez-a-la-soupe-cellou-dalein-diallo-serre-les-rangs-face-a-la-crise-interne-de-lufdg","status":"publish","type":"post","link":"https:\/\/ledenonciateur224.com\/index.php\/fatigues-de-la-lutte-allez-a-la-soupe-cellou-dalein-diallo-serre-les-rangs-face-a-la-crise-interne-de-lufdg\/","title":{"rendered":"\u00ab Fatigu\u00e9s de la lutte ? Allez \u00e0 la soupe ! \u00bb : Cellou Dalein Diallo serre les rangs face \u00e0 la crise interne de l\u2019UFDG"},"content":{"rendered":"<p><em>Accus\u00e9 d\u2019immobilisme depuis son exil, Cellou Dalein Diallo fait face \u00e0 une fronde interne grandissante au sein de l\u2019UFDG, entre appels \u00e0 un congr\u00e8s extraordinaire et ambitions rivales.<\/em><\/p>\n<p>L\u2019assembl\u00e9e g\u00e9n\u00e9rale de l\u2019Union des Forces D\u00e9mocratiques de Guin\u00e9e (UFDG) s\u2019est tenue ce samedi dans une ambiance lourde, reflet des turbulences qui secouent le parti. Si la mobilisation militante \u00e9tait bien r\u00e9elle, elle peinait \u00e0 masquer l\u2019amertume laiss\u00e9e par la suspension du congr\u00e8s par le Tribunal de Dixinn et le m\u00e9morandum controvers\u00e9 de Joachin Baba Millimouno, ancien cadre influent de la communication.<\/p>\n<p>Le vice-pr\u00e9sident Fod\u00e9 Oussou Fofana a tent\u00e9 de calmer les esprits en appelant au pardon envers les signataires du document, les pr\u00e9sentant comme \u00ab induits en erreur \u00bb. Mais le malaise \u00e9tait palpable, nourri par une d\u00e9fiance latente.<\/p>\n<p>L&rsquo;intervention tant attendue de Cellou Dalein Diallo, par visioconf\u00e9rence, est venue cristalliser les tensions. D\u2019un ton grave, parfois d\u00e9sabus\u00e9, le leader de l\u2019opposition a reconnu la duret\u00e9 du combat politique :<br \/>\n<strong>\u00ab La lutte est difficile \u00bb<\/strong>, a-t-il conc\u00e9d\u00e9, avant d\u2019\u00e9voquer avec \u00e9motion le sort tragique de figures disparues comme Fonik\u00e9 Mengu\u00e8, Billo Bah, Marouane Camara ou Sadou Nimagan :<br \/>\n<strong>\u00ab Aujourd\u2019hui, nul entre nous ne sait s\u2019ils sont morts ou vivants. \u00bb<\/strong><\/p>\n<p>Avec une amertume \u00e0 peine voil\u00e9e, il a d\u00e9nonc\u00e9 les d\u00e9fections dans les rangs, rappelant que chacun est libre de partir, mais non sans piques :<br \/>\n<strong>\u00ab Ceux qui ont conduit le combat jusqu\u2019\u00e0 maintenant, s\u2019ils sont fatigu\u00e9s et pensent qu\u2019il faut aller \u00e0 la soupe ou ailleurs pour se reposer, qu\u2019ils le fassent. Mais qu\u2019ils nous laissent tranquille. \u00bb<\/strong><\/p>\n<p>Cellou Dalein a renouvel\u00e9 son engagement contre les d\u00e9rives de la transition : musellement de la presse, disparitions forc\u00e9es, r\u00e9pression des jeunes, confiscation du droit\u2026 et surtout, le non-respect de l\u2019engagement de la junte \u00e0 ne pas se pr\u00e9senter aux \u00e9lections.<br \/>\n<strong>\u00ab Ceux qui sont fatigu\u00e9s de la lutte peuvent se reposer ou aller soutenir ces pratiques liberticides \u00bb,<\/strong>\u00a0a-t-il lanc\u00e9 avec une lucidit\u00e9 douloureuse, pointant la tentation des privil\u00e8ges :<br \/>\n<strong>\u00ab L\u00e0-bas, il y a la soupe, les avantages, les postes \u00e0 partager, de l\u2019argent \u00e0 distribuer. Mais nous avons choisi d\u2019\u00eatre fid\u00e8les aux valeurs pour que le peuple de Guin\u00e9e soit lib\u00e9r\u00e9 de l\u2019arbitraire. \u00bb<\/strong><\/p>\n<p>Malgr\u00e9 une base militante qu\u2019il d\u00e9crit comme\u00a0<strong>\u00ab majoritairement silencieuse \u00e0 cause de la r\u00e9pression \u00bb<\/strong>, le leader de l\u2019UFDG semble porter seul le poids d\u2019une opposition essouffl\u00e9e. Son discours, \u00e0 la fois combatif et d\u00e9senchant\u00e9, sonne comme un appel \u00e0 resserrer les rangs\u2026 ou \u00e0 s\u2019en aller.<\/p>\n<p>&nbsp;<\/p>\n<p>A M C pour Ledenonciateur224.com<\/p>\n","protected":false},"excerpt":{"rendered":"<p>Accus\u00e9 d\u2019immobilisme depuis son exil, Cellou Dalein Diallo fait face \u00e0 une fronde interne grandissante au sein de l\u2019UFDG, entre appels \u00e0 un congr\u00e8s extraordinaire et ambitions rivales. L\u2019assembl\u00e9e g\u00e9n\u00e9rale de l\u2019Union des Forces D\u00e9mocratiques de Guin\u00e9e (UFDG) s\u2019est tenue ce samedi dans une ambiance lourde, reflet des turbulences qui secouent le parti. Si la [&hellip;]<\/p>\n","protected":false},"author":2,"featured_media":2001,"comment_status":"open","ping_status":"open","sticky":false,"template":"","format":"standard","meta":{"_jetpack_memberships_contains_paid_content":false,"footnotes":"","jetpack_publicize_message":"","jetpack_publicize_feature_enabled":true,"jetpack_social_post_already_shared":true,"jetpack_social_options":{"image_generator_settings":{"template":"highway","default_image_id":0,"font":"","enabled":false},"version":2}},"categories":[24,27],"tags":[606,64],"class_list":{"0":"post-2395","1":"post","2":"type-post","3":"status-publish","4":"format-standard","5":"has-post-thumbnail","7":"category-news","8":"category-politique","9":"tag-transition-guinee","10":"tag-cellou-dalein-diallo"},"jetpack_publicize_connections":[],"jetpack_featured_media_url":"https:\/\/ledenonciateur224.com\/wp-content\/uploads\/2025\/03\/cellou-campagne.jpg","jetpack_sharing_enabled":true,"_links":{"self":[{"href":"https:\/\/ledenonciateur224.com\/index.php\/wp-json\/wp\/v2\/posts\/2395","targetHints":{"allow":["GET"]}}],"collection":[{"href":"https:\/\/ledenonciateur224.com\/index.php\/wp-json\/wp\/v2\/posts"}],"about":[{"href":"https:\/\/ledenonciateur224.com\/index.php\/wp-json\/wp\/v2\/types\/post"}],"author":[{"embeddable":true,"href":"https:\/\/ledenonciateur224.com\/index.php\/wp-json\/wp\/v2\/users\/2"}],"replies":[{"embeddable":true,"href":"https:\/\/ledenonciateur224.com\/index.php\/wp-json\/wp\/v2\/comments?post=2395"}],"version-history":[{"count":0,"href":"https:\/\/ledenonciateur224.com\/index.php\/wp-json\/wp\/v2\/posts\/2395\/revisions"}],"wp:featuredmedia":[{"embeddable":true,"href":"https:\/\/ledenonciateur224.com\/index.php\/wp-json\/wp\/v2\/media\/2001"}],"wp:attachment":[{"href":"https:\/\/ledenonciateur224.com\/index.php\/wp-json\/wp\/v2\/media?parent=2395"}],"wp:term":[{"taxonomy":"category","embeddable":true,"href":"https:\/\/ledenonciateur224.com\/index.php\/wp-json\/wp\/v2\/categories?post=2395"},{"taxonomy":"post_tag","embeddable":true,"href":"https:\/\/ledenonciateur224.com\/index.php\/wp-json\/wp\/v2\/tags?post=2395"}],"curies":[{"name":"wp","href":"https:\/\/api.w.org\/{rel}","templated":true}]}}