{"id":2459,"date":"2025-04-16T14:48:28","date_gmt":"2025-04-16T14:48:28","guid":{"rendered":"https:\/\/ledenonciateur224.com\/?p=2459"},"modified":"2025-04-16T14:48:28","modified_gmt":"2025-04-16T14:48:28","slug":"evaluation-du-systeme-de-passation-des-marches-publics-vers-une-reforme-structurelle","status":"publish","type":"post","link":"https:\/\/ledenonciateur224.com\/index.php\/evaluation-du-systeme-de-passation-des-marches-publics-vers-une-reforme-structurelle\/","title":{"rendered":"\u00c9valuation du syst\u00e8me de passation des march\u00e9s publics : vers une r\u00e9forme structurelle"},"content":{"rendered":"<p>&nbsp;<\/p>\n<p>Le Ministre de l\u2019\u00c9conomie et des Finances, M. Mourana SOUMAH, a proc\u00e9d\u00e9 ce jour au lancement officiel de l\u2019atelier d\u2019\u00e9valuation du syst\u00e8me national de passation des march\u00e9s publics, conform\u00e9ment \u00e0 la m\u00e9thodologie internationale\u00a0<strong>MAPS II<\/strong>\u00a0(Methodology for Assessing Procurement Systems).<\/p>\n<p><img loading=\"lazy\" decoding=\"async\" class=\"alignnone size-full wp-image-2460\" src=\"https:\/\/ledenonciateur224.com\/wp-content\/uploads\/2025\/04\/fb-img-1744809899288.jpg\" alt=\"\" width=\"720\" height=\"550\" srcset=\"https:\/\/ledenonciateur224.com\/wp-content\/uploads\/2025\/04\/fb-img-1744809899288.jpg 720w, https:\/\/ledenonciateur224.com\/wp-content\/uploads\/2025\/04\/fb-img-1744809899288-300x229.jpg 300w, https:\/\/ledenonciateur224.com\/wp-content\/uploads\/2025\/04\/fb-img-1744809899288-150x115.jpg 150w, https:\/\/ledenonciateur224.com\/wp-content\/uploads\/2025\/04\/fb-img-1744809899288-696x532.jpg 696w, https:\/\/ledenonciateur224.com\/wp-content\/uploads\/2025\/04\/fb-img-1744809899288-550x420.jpg 550w, https:\/\/ledenonciateur224.com\/wp-content\/uploads\/2025\/04\/fb-img-1744809899288-80x60.jpg 80w\" sizes=\"auto, (max-width: 720px) 100vw, 720px\" \/><\/p>\n<p>Cette initiative s\u2019inscrit dans une volont\u00e9 affirm\u00e9e de renforcer la gouvernance \u00e9conomique et d\u2019optimiser la gestion des ressources publiques. L\u2019\u00e9valuation selon le cadre MAPS II vise \u00e0 dresser un diagnostic pr\u00e9cis du dispositif actuel, en identifiant ses points forts et ses faiblesses. Elle servira de base \u00e0 l\u2019\u00e9laboration de r\u00e9formes structurelles destin\u00e9es \u00e0 am\u00e9liorer la\u00a0<strong>transparence<\/strong>, l\u2019<strong>efficacit\u00e9<\/strong>\u00a0et la\u00a0<strong>redevabilit\u00e9<\/strong>\u00a0des proc\u00e9dures de commande publique.<\/p>\n<p>Dans son allocution, le Ministre a insist\u00e9 sur l\u2019importance strat\u00e9gique de cette d\u00e9marche pour restaurer la confiance des partenaires techniques et financiers, et cr\u00e9er un environnement propice \u00e0 l\u2019accroissement des investissements publics et priv\u00e9s.<\/p>\n<p><img loading=\"lazy\" decoding=\"async\" class=\"alignnone size-full wp-image-2461\" src=\"https:\/\/ledenonciateur224.com\/wp-content\/uploads\/2025\/04\/fb-img-1744809911549.jpg\" alt=\"\" width=\"720\" height=\"479\" srcset=\"https:\/\/ledenonciateur224.com\/wp-content\/uploads\/2025\/04\/fb-img-1744809911549.jpg 720w, https:\/\/ledenonciateur224.com\/wp-content\/uploads\/2025\/04\/fb-img-1744809911549-300x200.jpg 300w, https:\/\/ledenonciateur224.com\/wp-content\/uploads\/2025\/04\/fb-img-1744809911549-150x100.jpg 150w, https:\/\/ledenonciateur224.com\/wp-content\/uploads\/2025\/04\/fb-img-1744809911549-696x463.jpg 696w, https:\/\/ledenonciateur224.com\/wp-content\/uploads\/2025\/04\/fb-img-1744809911549-631x420.jpg 631w\" sizes=\"auto, (max-width: 720px) 100vw, 720px\" \/><\/p>\n<p>L\u2019atelier, qui r\u00e9unit l\u2019ensemble des parties prenantes \u2013 acteurs institutionnels, repr\u00e9sentants du secteur priv\u00e9 et partenaires au d\u00e9veloppement \u2013 constitue une \u00e9tape d\u00e9terminante vers la modernisation du syst\u00e8me de passation des march\u00e9s publics et l\u2019ancrage des meilleures pratiques internationales.<\/p>\n","protected":false},"excerpt":{"rendered":"<p>&nbsp; Le Ministre de l\u2019\u00c9conomie et des Finances, M. Mourana SOUMAH, a proc\u00e9d\u00e9 ce jour au lancement officiel de l\u2019atelier d\u2019\u00e9valuation du syst\u00e8me national de passation des march\u00e9s publics, conform\u00e9ment \u00e0 la m\u00e9thodologie internationale\u00a0MAPS II\u00a0(Methodology for Assessing Procurement Systems). Cette initiative s\u2019inscrit dans une volont\u00e9 affirm\u00e9e de renforcer la gouvernance \u00e9conomique et d\u2019optimiser la gestion [&hellip;]<\/p>\n","protected":false},"author":2,"featured_media":2461,"comment_status":"open","ping_status":"open","sticky":false,"template":"","format":"standard","meta":{"_jetpack_memberships_contains_paid_content":false,"footnotes":"","jetpack_publicize_message":"","jetpack_publicize_feature_enabled":true,"jetpack_social_post_already_shared":true,"jetpack_social_options":{"image_generator_settings":{"template":"highway","default_image_id":0,"font":"","enabled":false},"version":2}},"categories":[29,24],"tags":[604,470,469],"class_list":{"0":"post-2459","1":"post","2":"type-post","3":"status-publish","4":"format-standard","5":"has-post-thumbnail","7":"category-economie","8":"category-news","9":"tag-actualite-de-guinee","10":"tag-banque-mondiale","11":"tag-economie"},"jetpack_publicize_connections":[],"jetpack_featured_media_url":"https:\/\/ledenonciateur224.com\/wp-content\/uploads\/2025\/04\/fb-img-1744809911549.jpg","jetpack_sharing_enabled":true,"_links":{"self":[{"href":"https:\/\/ledenonciateur224.com\/index.php\/wp-json\/wp\/v2\/posts\/2459","targetHints":{"allow":["GET"]}}],"collection":[{"href":"https:\/\/ledenonciateur224.com\/index.php\/wp-json\/wp\/v2\/posts"}],"about":[{"href":"https:\/\/ledenonciateur224.com\/index.php\/wp-json\/wp\/v2\/types\/post"}],"author":[{"embeddable":true,"href":"https:\/\/ledenonciateur224.com\/index.php\/wp-json\/wp\/v2\/users\/2"}],"replies":[{"embeddable":true,"href":"https:\/\/ledenonciateur224.com\/index.php\/wp-json\/wp\/v2\/comments?post=2459"}],"version-history":[{"count":0,"href":"https:\/\/ledenonciateur224.com\/index.php\/wp-json\/wp\/v2\/posts\/2459\/revisions"}],"wp:featuredmedia":[{"embeddable":true,"href":"https:\/\/ledenonciateur224.com\/index.php\/wp-json\/wp\/v2\/media\/2461"}],"wp:attachment":[{"href":"https:\/\/ledenonciateur224.com\/index.php\/wp-json\/wp\/v2\/media?parent=2459"}],"wp:term":[{"taxonomy":"category","embeddable":true,"href":"https:\/\/ledenonciateur224.com\/index.php\/wp-json\/wp\/v2\/categories?post=2459"},{"taxonomy":"post_tag","embeddable":true,"href":"https:\/\/ledenonciateur224.com\/index.php\/wp-json\/wp\/v2\/tags?post=2459"}],"curies":[{"name":"wp","href":"https:\/\/api.w.org\/{rel}","templated":true}]}}