{"id":2487,"date":"2025-04-17T21:24:00","date_gmt":"2025-04-17T21:24:00","guid":{"rendered":"https:\/\/ledenonciateur224.com\/?p=2487"},"modified":"2025-04-17T21:28:36","modified_gmt":"2025-04-17T21:28:36","slug":"recensement-administratif-le-general-doumbouya-en-premiere-ligne-pour-donner-lexemple","status":"publish","type":"post","link":"https:\/\/ledenonciateur224.com\/index.php\/recensement-administratif-le-general-doumbouya-en-premiere-ligne-pour-donner-lexemple\/","title":{"rendered":"Recensement administratif : le G\u00e9n\u00e9ral Doumbouya en premi\u00e8re ligne pour donner l\u2019exemple"},"content":{"rendered":"<p>Le Programme National de Recensement Administratif \u00e0 Vocation d\u2019\u00c9tat Civil (PN-RAVEC) est entr\u00e9 dans une phase d\u00e9cisive. Officiellement lanc\u00e9 le mardi 15 avril 2025, ce programme marque un tournant historique dans la modernisation de l\u2019administration publique guin\u00e9enne.<\/p>\n<p><img loading=\"lazy\" decoding=\"async\" class=\"alignnone size-full wp-image-2490\" src=\"https:\/\/ledenonciateur224.com\/wp-content\/uploads\/2025\/04\/fb-img-1744925241910.jpg\" alt=\"\" width=\"720\" height=\"1079\" srcset=\"https:\/\/ledenonciateur224.com\/wp-content\/uploads\/2025\/04\/fb-img-1744925241910.jpg 720w, https:\/\/ledenonciateur224.com\/wp-content\/uploads\/2025\/04\/fb-img-1744925241910-200x300.jpg 200w, https:\/\/ledenonciateur224.com\/wp-content\/uploads\/2025\/04\/fb-img-1744925241910-683x1024.jpg 683w, https:\/\/ledenonciateur224.com\/wp-content\/uploads\/2025\/04\/fb-img-1744925241910-150x225.jpg 150w, https:\/\/ledenonciateur224.com\/wp-content\/uploads\/2025\/04\/fb-img-1744925241910-300x450.jpg 300w, https:\/\/ledenonciateur224.com\/wp-content\/uploads\/2025\/04\/fb-img-1744925241910-696x1043.jpg 696w, https:\/\/ledenonciateur224.com\/wp-content\/uploads\/2025\/04\/fb-img-1744925241910-280x420.jpg 280w\" sizes=\"auto, (max-width: 720px) 100vw, 720px\" \/><\/p>\n<p>Ce jeudi 17 avril, le Pr\u00e9sident de la R\u00e9publique, Son Excellence le G\u00e9n\u00e9ral Mamadi DOUMBOUYA, a accompli cet acte civique majeur en se faisant enr\u00f4ler au palais Mohammed V. Un geste fort, hautement symbolique, qui illustre son engagement \u00e0 impulser une dynamique de transformation profonde de la gouvernance en Guin\u00e9e.<br \/>\nEn se pr\u00eatant personnellement \u00e0 cet exercice, le Chef de l\u2019\u00c9tat envoie un signal clair \u00e0 l\u2019ensemble de la population : l\u2019identification biom\u00e9trique est une priorit\u00e9 nationale. Elle constitue un socle incontournable pour une administration performante, une meilleure inclusion sociale et un acc\u00e8s \u00e9quitable aux services publics.<br \/>\n\u00c0 cette occasion, le Chef de l\u2019\u00c9tat a re\u00e7u les agents recenseurs au sein du palais pr\u00e9sidentiel, une \u00e9quipe conduite par le Ministre de l\u2019Administration du Territoire et de la D\u00e9centralisation, le G\u00e9n\u00e9ral 2\u00e8me section Ibrahim Kalil COND\u00c9. \u00c9taient \u00e9galement pr\u00e9sents le Ministre Secr\u00e9taire G\u00e9n\u00e9ral de la Pr\u00e9sidence, le G\u00e9n\u00e9ral Amara CAMARA, le Ministre Directeur de Cabinet de la Pr\u00e9sidence, Djiba DIAKIT\u00c9, le Conseiller du Chef de l\u2019\u00c9tat, Ousmane DOUMBOUYA ainsi que la charg\u00e9e des affaires \u00e9lectorales DJENABOU TOUR\u00c9.<\/p>\n<p>&nbsp;<\/p>\n<p>DCI-PRG<\/p>\n","protected":false},"excerpt":{"rendered":"<p>Le Programme National de Recensement Administratif \u00e0 Vocation d\u2019\u00c9tat Civil (PN-RAVEC) est entr\u00e9 dans une phase d\u00e9cisive. Officiellement lanc\u00e9 le mardi 15 avril 2025, ce programme marque un tournant historique dans la modernisation de l\u2019administration publique guin\u00e9enne. Ce jeudi 17 avril, le Pr\u00e9sident de la R\u00e9publique, Son Excellence le G\u00e9n\u00e9ral Mamadi DOUMBOUYA, a accompli cet [&hellip;]<\/p>\n","protected":false},"author":2,"featured_media":2488,"comment_status":"open","ping_status":"open","sticky":false,"template":"","format":"standard","meta":{"_jetpack_memberships_contains_paid_content":false,"footnotes":"","jetpack_publicize_message":"","jetpack_publicize_feature_enabled":true,"jetpack_social_post_already_shared":true,"jetpack_social_options":{"image_generator_settings":{"template":"highway","default_image_id":0,"font":"","enabled":false},"version":2}},"categories":[30,24],"tags":[604,587],"class_list":{"0":"post-2487","1":"post","2":"type-post","3":"status-publish","4":"format-standard","5":"has-post-thumbnail","7":"category-faits-divers","8":"category-news","9":"tag-actualite-de-guinee","10":"tag-recensement-biometrique"},"jetpack_publicize_connections":[],"jetpack_featured_media_url":"https:\/\/ledenonciateur224.com\/wp-content\/uploads\/2025\/04\/fb-img-1744924249305-1080x570-1.jpg","jetpack_sharing_enabled":true,"_links":{"self":[{"href":"https:\/\/ledenonciateur224.com\/index.php\/wp-json\/wp\/v2\/posts\/2487","targetHints":{"allow":["GET"]}}],"collection":[{"href":"https:\/\/ledenonciateur224.com\/index.php\/wp-json\/wp\/v2\/posts"}],"about":[{"href":"https:\/\/ledenonciateur224.com\/index.php\/wp-json\/wp\/v2\/types\/post"}],"author":[{"embeddable":true,"href":"https:\/\/ledenonciateur224.com\/index.php\/wp-json\/wp\/v2\/users\/2"}],"replies":[{"embeddable":true,"href":"https:\/\/ledenonciateur224.com\/index.php\/wp-json\/wp\/v2\/comments?post=2487"}],"version-history":[{"count":0,"href":"https:\/\/ledenonciateur224.com\/index.php\/wp-json\/wp\/v2\/posts\/2487\/revisions"}],"wp:featuredmedia":[{"embeddable":true,"href":"https:\/\/ledenonciateur224.com\/index.php\/wp-json\/wp\/v2\/media\/2488"}],"wp:attachment":[{"href":"https:\/\/ledenonciateur224.com\/index.php\/wp-json\/wp\/v2\/media?parent=2487"}],"wp:term":[{"taxonomy":"category","embeddable":true,"href":"https:\/\/ledenonciateur224.com\/index.php\/wp-json\/wp\/v2\/categories?post=2487"},{"taxonomy":"post_tag","embeddable":true,"href":"https:\/\/ledenonciateur224.com\/index.php\/wp-json\/wp\/v2\/tags?post=2487"}],"curies":[{"name":"wp","href":"https:\/\/api.w.org\/{rel}","templated":true}]}}