{"id":2499,"date":"2025-04-17T22:43:14","date_gmt":"2025-04-17T22:43:14","guid":{"rendered":"https:\/\/ledenonciateur224.com\/?p=2499"},"modified":"2025-04-17T22:43:14","modified_gmt":"2025-04-17T22:43:14","slug":"ufdg-des-secretaires-federaux-de-la-basse-guinee-appellent-a-une-alternance-a-la-tete-du-parti","status":"publish","type":"post","link":"https:\/\/ledenonciateur224.com\/index.php\/ufdg-des-secretaires-federaux-de-la-basse-guinee-appellent-a-une-alternance-a-la-tete-du-parti\/","title":{"rendered":"UFDG : des secr\u00e9taires f\u00e9d\u00e9raux de la Basse-Guin\u00e9e appellent \u00e0 une alternance \u00e0 la t\u00eate du parti"},"content":{"rendered":"<p>Dans un contexte de r\u00e9flexion sur l\u2019avenir politique de l\u2019Union des Forces D\u00e9mocratiques de Guin\u00e9e (UFDG), plusieurs secr\u00e9taires f\u00e9d\u00e9raux de la Basse-Guin\u00e9e montent au cr\u00e9neau pour r\u00e9clamer une alternance \u00e0 la direction du parti, jusque-l\u00e0 incarn\u00e9e par Cellou Dalein Diallo. Ces responsables de terrain estiment qu\u2019un renouvellement du leadership est n\u00e9cessaire pour insuffler une nouvelle dynamique \u00e0 la formation politique et mieux r\u00e9pondre aux attentes de la base.<\/p>\n<p><img loading=\"lazy\" decoding=\"async\" class=\"alignnone size-full wp-image-2500\" src=\"https:\/\/ledenonciateur224.com\/wp-content\/uploads\/2025\/04\/img-20250417-wa0034-716x1024-1.webp\" alt=\"\" width=\"716\" height=\"1024\" srcset=\"https:\/\/ledenonciateur224.com\/wp-content\/uploads\/2025\/04\/img-20250417-wa0034-716x1024-1.webp 716w, https:\/\/ledenonciateur224.com\/wp-content\/uploads\/2025\/04\/img-20250417-wa0034-716x1024-1-210x300.webp 210w, https:\/\/ledenonciateur224.com\/wp-content\/uploads\/2025\/04\/img-20250417-wa0034-716x1024-1-150x215.webp 150w, https:\/\/ledenonciateur224.com\/wp-content\/uploads\/2025\/04\/img-20250417-wa0034-716x1024-1-300x429.webp 300w, https:\/\/ledenonciateur224.com\/wp-content\/uploads\/2025\/04\/img-20250417-wa0034-716x1024-1-696x995.webp 696w, https:\/\/ledenonciateur224.com\/wp-content\/uploads\/2025\/04\/img-20250417-wa0034-716x1024-1-294x420.webp 294w\" sizes=\"auto, (max-width: 716px) 100vw, 716px\" \/><\/p>\n<p><img loading=\"lazy\" decoding=\"async\" class=\"alignnone size-full wp-image-2501\" src=\"https:\/\/ledenonciateur224.com\/wp-content\/uploads\/2025\/04\/img-20250417-wa0035-360x504-1.webp\" alt=\"\" width=\"360\" height=\"504\" srcset=\"https:\/\/ledenonciateur224.com\/wp-content\/uploads\/2025\/04\/img-20250417-wa0035-360x504-1.webp 360w, https:\/\/ledenonciateur224.com\/wp-content\/uploads\/2025\/04\/img-20250417-wa0035-360x504-1-214x300.webp 214w, https:\/\/ledenonciateur224.com\/wp-content\/uploads\/2025\/04\/img-20250417-wa0035-360x504-1-150x210.webp 150w, https:\/\/ledenonciateur224.com\/wp-content\/uploads\/2025\/04\/img-20250417-wa0035-360x504-1-300x420.webp 300w\" sizes=\"auto, (max-width: 360px) 100vw, 360px\" \/><\/p>\n<p><img loading=\"lazy\" decoding=\"async\" class=\"alignnone size-full wp-image-2502\" src=\"https:\/\/ledenonciateur224.com\/wp-content\/uploads\/2025\/04\/img-20250417-wa0036-738x1024-1.webp\" alt=\"\" width=\"738\" height=\"1024\" srcset=\"https:\/\/ledenonciateur224.com\/wp-content\/uploads\/2025\/04\/img-20250417-wa0036-738x1024-1.webp 738w, https:\/\/ledenonciateur224.com\/wp-content\/uploads\/2025\/04\/img-20250417-wa0036-738x1024-1-216x300.webp 216w, https:\/\/ledenonciateur224.com\/wp-content\/uploads\/2025\/04\/img-20250417-wa0036-738x1024-1-150x208.webp 150w, https:\/\/ledenonciateur224.com\/wp-content\/uploads\/2025\/04\/img-20250417-wa0036-738x1024-1-300x416.webp 300w, https:\/\/ledenonciateur224.com\/wp-content\/uploads\/2025\/04\/img-20250417-wa0036-738x1024-1-696x966.webp 696w, https:\/\/ledenonciateur224.com\/wp-content\/uploads\/2025\/04\/img-20250417-wa0036-738x1024-1-303x420.webp 303w\" sizes=\"auto, (max-width: 738px) 100vw, 738px\" \/><\/p>\n","protected":false},"excerpt":{"rendered":"<p>Dans un contexte de r\u00e9flexion sur l\u2019avenir politique de l\u2019Union des Forces D\u00e9mocratiques de Guin\u00e9e (UFDG), plusieurs secr\u00e9taires f\u00e9d\u00e9raux de la Basse-Guin\u00e9e montent au cr\u00e9neau pour r\u00e9clamer une alternance \u00e0 la direction du parti, jusque-l\u00e0 incarn\u00e9e par Cellou Dalein Diallo. Ces responsables de terrain estiment qu\u2019un renouvellement du leadership est n\u00e9cessaire pour insuffler une nouvelle [&hellip;]<\/p>\n","protected":false},"author":2,"featured_media":2001,"comment_status":"open","ping_status":"open","sticky":false,"template":"","format":"standard","meta":{"_jetpack_memberships_contains_paid_content":false,"footnotes":"","jetpack_publicize_message":"","jetpack_publicize_feature_enabled":true,"jetpack_social_post_already_shared":true,"jetpack_social_options":{"image_generator_settings":{"template":"highway","default_image_id":0,"font":"","enabled":false},"version":2}},"categories":[24,27],"tags":[604,668,667],"class_list":{"0":"post-2499","1":"post","2":"type-post","3":"status-publish","4":"format-standard","5":"has-post-thumbnail","7":"category-news","8":"category-politique","9":"tag-actualite-de-guinee","10":"tag-cellule-dalein-diallo","11":"tag-federaux-de-lufdg"},"jetpack_publicize_connections":[],"jetpack_featured_media_url":"https:\/\/ledenonciateur224.com\/wp-content\/uploads\/2025\/03\/cellou-campagne.jpg","jetpack_sharing_enabled":true,"_links":{"self":[{"href":"https:\/\/ledenonciateur224.com\/index.php\/wp-json\/wp\/v2\/posts\/2499","targetHints":{"allow":["GET"]}}],"collection":[{"href":"https:\/\/ledenonciateur224.com\/index.php\/wp-json\/wp\/v2\/posts"}],"about":[{"href":"https:\/\/ledenonciateur224.com\/index.php\/wp-json\/wp\/v2\/types\/post"}],"author":[{"embeddable":true,"href":"https:\/\/ledenonciateur224.com\/index.php\/wp-json\/wp\/v2\/users\/2"}],"replies":[{"embeddable":true,"href":"https:\/\/ledenonciateur224.com\/index.php\/wp-json\/wp\/v2\/comments?post=2499"}],"version-history":[{"count":0,"href":"https:\/\/ledenonciateur224.com\/index.php\/wp-json\/wp\/v2\/posts\/2499\/revisions"}],"wp:featuredmedia":[{"embeddable":true,"href":"https:\/\/ledenonciateur224.com\/index.php\/wp-json\/wp\/v2\/media\/2001"}],"wp:attachment":[{"href":"https:\/\/ledenonciateur224.com\/index.php\/wp-json\/wp\/v2\/media?parent=2499"}],"wp:term":[{"taxonomy":"category","embeddable":true,"href":"https:\/\/ledenonciateur224.com\/index.php\/wp-json\/wp\/v2\/categories?post=2499"},{"taxonomy":"post_tag","embeddable":true,"href":"https:\/\/ledenonciateur224.com\/index.php\/wp-json\/wp\/v2\/tags?post=2499"}],"curies":[{"name":"wp","href":"https:\/\/api.w.org\/{rel}","templated":true}]}}