{"id":2522,"date":"2025-04-19T18:30:30","date_gmt":"2025-04-19T18:30:30","guid":{"rendered":"https:\/\/ledenonciateur224.com\/?p=2522"},"modified":"2025-04-19T18:32:24","modified_gmt":"2025-04-19T18:32:24","slug":"general-mamadi-doumbouya-plebiscite-dixinn-deroule-le-tapis-rouge","status":"publish","type":"post","link":"https:\/\/ledenonciateur224.com\/index.php\/general-mamadi-doumbouya-plebiscite-dixinn-deroule-le-tapis-rouge\/","title":{"rendered":"G\u00e9n\u00e9ral Mamadi Doumbouya pl\u00e9biscit\u00e9 : Dixinn d\u00e9roule le tapis rouge"},"content":{"rendered":"<p>Ce samedi 19 avril 2025, dans une ambiance \u00e0 mi-chemin entre c\u00e9r\u00e9monie protocolaire et serment d\u2019all\u00e9geance, la coordination communale des mouvements et associations de soutien aux actions du CNRD de Dixinn a \u00e9t\u00e9 officiellement pr\u00e9sent\u00e9e par le coordinateur national, K\u00e8l\u00e8ty Doumbouya. L&rsquo;\u00e9v\u00e9nement, hautement symbolique, s\u2019est tenu devant un parterre de responsables communaux, de jeunes et de femmes, tous rassembl\u00e9s autour d\u2019une m\u00eame cause : \u00e9riger le soutien au G\u00e9n\u00e9ral Mamadi Doumbouya en structure organis\u00e9e et p\u00e9renne.<\/p>\n<p>Ce n\u2019est donc pas un simple comit\u00e9 de quartier, mais bien un\u00a0<strong>Bureau Ex\u00e9cutif Communal<\/strong>\u00a0d\u00fbment constitu\u00e9, \u00ab\u00a0dans le cadre de la pr\u00e9sentation et de validation\u00a0\u00bb des soutiens officiels au CNRD, son Pr\u00e9sident, et accessoirement, \u00e0 ses id\u00e9aux.<\/p>\n<p><img loading=\"lazy\" decoding=\"async\" class=\"alignnone size-full wp-image-2524\" src=\"https:\/\/ledenonciateur224.com\/wp-content\/uploads\/2025\/04\/20250419-125547-scaled.jpg\" alt=\"\" width=\"2560\" height=\"1440\" srcset=\"https:\/\/ledenonciateur224.com\/wp-content\/uploads\/2025\/04\/20250419-125547-scaled.jpg 2560w, https:\/\/ledenonciateur224.com\/wp-content\/uploads\/2025\/04\/20250419-125547-300x169.jpg 300w, https:\/\/ledenonciateur224.com\/wp-content\/uploads\/2025\/04\/20250419-125547-1024x576.jpg 1024w, https:\/\/ledenonciateur224.com\/wp-content\/uploads\/2025\/04\/20250419-125547-768x432.jpg 768w, https:\/\/ledenonciateur224.com\/wp-content\/uploads\/2025\/04\/20250419-125547-1536x864.jpg 1536w, https:\/\/ledenonciateur224.com\/wp-content\/uploads\/2025\/04\/20250419-125547-2048x1152.jpg 2048w, https:\/\/ledenonciateur224.com\/wp-content\/uploads\/2025\/04\/20250419-125547-150x84.jpg 150w, https:\/\/ledenonciateur224.com\/wp-content\/uploads\/2025\/04\/20250419-125547-696x392.jpg 696w, https:\/\/ledenonciateur224.com\/wp-content\/uploads\/2025\/04\/20250419-125547-1068x601.jpg 1068w, https:\/\/ledenonciateur224.com\/wp-content\/uploads\/2025\/04\/20250419-125547-1920x1080.jpg 1920w, https:\/\/ledenonciateur224.com\/wp-content\/uploads\/2025\/04\/20250419-125547-747x420.jpg 747w\" sizes=\"auto, (max-width: 2560px) 100vw, 2560px\" \/><\/p>\n<p>&nbsp;<\/p>\n<p>Prenant la parole pour donner le ton, Hady Leno, vice-coordinateur de ladite structure, a d\u00e9roul\u00e9 le manifeste du parfait soutien organis\u00e9 :<br \/>\n\u00ab\u00a0De f\u00e9d\u00e9rer toutes les actions des Mouvements et associations de soutien au CNRD de la commune de Dixinn; De Coordonner et planifier les activit\u00e9s des Mouvements et associations de soutien; De mobiliser les citoyens aux id\u00e9aux de paix, de coh\u00e9sion sociale et l&rsquo;amour de la patrie; De d\u00e9fendre les acquis du CNRD et du Pr\u00e9sident de la R\u00e9publique g\u00e9n\u00e9ral d&rsquo;arm\u00e9es Mamadi Doumbouya.\u00a0\u00bb<br \/>\nDes objectifs nobles, et surtout, bien huil\u00e9s. Une base de donn\u00e9es est d\u2019ailleurs en constitution, preuve de la rigueur militaire insuffl\u00e9e \u00e0 cette initiative, avec d\u00e9j\u00e0 \u00ab\u00a067% des mouvements, associations et s\u00e8r\u00e8 en faveur du CNRD dans notre commune.\u00a0\u00bb<\/p>\n<p><img loading=\"lazy\" decoding=\"async\" class=\"alignnone size-full wp-image-2525\" src=\"https:\/\/ledenonciateur224.com\/wp-content\/uploads\/2025\/04\/20250419-134222-scaled.jpg\" alt=\"\" width=\"2560\" height=\"1440\" srcset=\"https:\/\/ledenonciateur224.com\/wp-content\/uploads\/2025\/04\/20250419-134222-scaled.jpg 2560w, https:\/\/ledenonciateur224.com\/wp-content\/uploads\/2025\/04\/20250419-134222-300x169.jpg 300w, https:\/\/ledenonciateur224.com\/wp-content\/uploads\/2025\/04\/20250419-134222-1024x576.jpg 1024w, https:\/\/ledenonciateur224.com\/wp-content\/uploads\/2025\/04\/20250419-134222-768x432.jpg 768w, https:\/\/ledenonciateur224.com\/wp-content\/uploads\/2025\/04\/20250419-134222-1536x864.jpg 1536w, https:\/\/ledenonciateur224.com\/wp-content\/uploads\/2025\/04\/20250419-134222-2048x1152.jpg 2048w, https:\/\/ledenonciateur224.com\/wp-content\/uploads\/2025\/04\/20250419-134222-150x84.jpg 150w, https:\/\/ledenonciateur224.com\/wp-content\/uploads\/2025\/04\/20250419-134222-696x392.jpg 696w, https:\/\/ledenonciateur224.com\/wp-content\/uploads\/2025\/04\/20250419-134222-1068x601.jpg 1068w, https:\/\/ledenonciateur224.com\/wp-content\/uploads\/2025\/04\/20250419-134222-1920x1080.jpg 1920w, https:\/\/ledenonciateur224.com\/wp-content\/uploads\/2025\/04\/20250419-134222-747x420.jpg 747w\" sizes=\"auto, (max-width: 2560px) 100vw, 2560px\" \/><\/p>\n<p>Mais l\u2019exercice ne serait pas complet sans un rappel appuy\u00e9 du bilan du pouvoir en place. Leno, dans un \u00e9lan quasi-patriotique, r\u00e9cite :<br \/>\n\u00ab\u00a0Depuis le 05 Septembre 2021&#8230; nous avons enregistr\u00e9 beaucoup de projets r\u00e9alis\u00e9s pour le d\u00e9veloppement de notre pays\u00a0\u00bb, \u00e9num\u00e9rant p\u00eale-m\u00eale la CRIEF, l\u2019assainissement de l\u2019administration, des infrastructures routi\u00e8res, des ponts, une cit\u00e9 minist\u00e9rielle et, bien s\u00fbr, l\u2019inauguration de l\u2019h\u00f4pital Donka. Sans oublier les \u00ab\u00a0pryntan\u00e9e-militaire\u00a0\u00bb, promesse d\u2019une rel\u00e8ve \u00e0 l\u2019image du chef.<\/p>\n<p>Et comme l\u2019action politique ne va jamais sans ambition \u00e9lectorale, la conclusion s\u2019impose d\u2019elle-m\u00eame :<br \/>\n\u00ab\u00a0&#8230;f\u00e9licitent et encouragent le Pr\u00e9sident de la R\u00e9publique le g\u00e9n\u00e9ral Mamadi DOUMBOUYA&#8230; et lui demandent d\u2019organiser vite les \u00e9lections afin de se porter candidat.\u00a0\u00bb L\u2019appel est lanc\u00e9, sans d\u00e9tour.<\/p>\n<p><img loading=\"lazy\" decoding=\"async\" class=\"alignnone size-full wp-image-2527\" src=\"https:\/\/ledenonciateur224.com\/wp-content\/uploads\/2025\/04\/20250419-131209-1-scaled.jpg\" alt=\"\" width=\"2560\" height=\"1440\" srcset=\"https:\/\/ledenonciateur224.com\/wp-content\/uploads\/2025\/04\/20250419-131209-1-scaled.jpg 2560w, https:\/\/ledenonciateur224.com\/wp-content\/uploads\/2025\/04\/20250419-131209-1-300x169.jpg 300w, https:\/\/ledenonciateur224.com\/wp-content\/uploads\/2025\/04\/20250419-131209-1-1024x576.jpg 1024w, https:\/\/ledenonciateur224.com\/wp-content\/uploads\/2025\/04\/20250419-131209-1-768x432.jpg 768w, https:\/\/ledenonciateur224.com\/wp-content\/uploads\/2025\/04\/20250419-131209-1-1536x864.jpg 1536w, https:\/\/ledenonciateur224.com\/wp-content\/uploads\/2025\/04\/20250419-131209-1-2048x1152.jpg 2048w, https:\/\/ledenonciateur224.com\/wp-content\/uploads\/2025\/04\/20250419-131209-1-150x84.jpg 150w, https:\/\/ledenonciateur224.com\/wp-content\/uploads\/2025\/04\/20250419-131209-1-696x392.jpg 696w, https:\/\/ledenonciateur224.com\/wp-content\/uploads\/2025\/04\/20250419-131209-1-1068x601.jpg 1068w, https:\/\/ledenonciateur224.com\/wp-content\/uploads\/2025\/04\/20250419-131209-1-1920x1080.jpg 1920w, https:\/\/ledenonciateur224.com\/wp-content\/uploads\/2025\/04\/20250419-131209-1-747x420.jpg 747w\" sizes=\"auto, (max-width: 2560px) 100vw, 2560px\" \/><\/p>\n<p>Pour que la mayonnaise tienne, encore faut-il qu\u2019elle prenne. Et cela, K\u00e8l\u00e8ty Doumbouya l\u2019a bien compris. \u00c0 la t\u00eate de la coordination nationale, il explique que depuis ao\u00fbt 2024, les pi\u00e8ces du puzzle sont savamment pos\u00e9es \u00e0 travers les 33 pr\u00e9fectures, huit sous-pr\u00e9fectures et la zone sp\u00e9ciale de Conakry :<br \/>\n\u00ab\u00a0La coordination nationale s\u2019est dit que avec tous ces grands mouvements \u00e0 travers le pays, il fallait mettre une coordination en place&#8230; Donc aujourd\u2019hui la commune de Dixinn donne le d\u00e9bat, le grand d\u00e9bat \u00e7a va continuer sur toute l\u2019\u00e9tendue du territoire national.\u00a0\u00bb<\/p>\n<p><img loading=\"lazy\" decoding=\"async\" class=\"alignnone size-full wp-image-2523\" src=\"https:\/\/ledenonciateur224.com\/wp-content\/uploads\/2025\/04\/20250419-131407-scaled.jpg\" alt=\"\" width=\"2560\" height=\"1440\" srcset=\"https:\/\/ledenonciateur224.com\/wp-content\/uploads\/2025\/04\/20250419-131407-scaled.jpg 2560w, https:\/\/ledenonciateur224.com\/wp-content\/uploads\/2025\/04\/20250419-131407-300x169.jpg 300w, https:\/\/ledenonciateur224.com\/wp-content\/uploads\/2025\/04\/20250419-131407-1024x576.jpg 1024w, https:\/\/ledenonciateur224.com\/wp-content\/uploads\/2025\/04\/20250419-131407-768x432.jpg 768w, https:\/\/ledenonciateur224.com\/wp-content\/uploads\/2025\/04\/20250419-131407-1536x864.jpg 1536w, https:\/\/ledenonciateur224.com\/wp-content\/uploads\/2025\/04\/20250419-131407-2048x1152.jpg 2048w, https:\/\/ledenonciateur224.com\/wp-content\/uploads\/2025\/04\/20250419-131407-150x84.jpg 150w, https:\/\/ledenonciateur224.com\/wp-content\/uploads\/2025\/04\/20250419-131407-696x392.jpg 696w, https:\/\/ledenonciateur224.com\/wp-content\/uploads\/2025\/04\/20250419-131407-1068x601.jpg 1068w, https:\/\/ledenonciateur224.com\/wp-content\/uploads\/2025\/04\/20250419-131407-1920x1080.jpg 1920w, https:\/\/ledenonciateur224.com\/wp-content\/uploads\/2025\/04\/20250419-131407-747x420.jpg 747w\" sizes=\"auto, (max-width: 2560px) 100vw, 2560px\" \/><\/p>\n<p>&nbsp;<\/p>\n<p>La c\u00e9r\u00e9monie s\u2019est cl\u00f4tur\u00e9e dans un geste symbolique fort\u00a0: la remise de la clef de la commune de Dixinn au coordinateur national, destin\u00e9e \u00e0 \u00eatre remise au chef de l\u2019\u00c9tat. Une m\u00e9taphore grandeur nature qui dit tout :\u00a0<strong>la commune s\u2019offre, clefs en main, \u00e0 son champion.<\/strong><\/p>\n<p>&nbsp;<\/p>\n<p>Aboubacar Moussa Camara<\/p>\n<p>&nbsp;<\/p>\n<p>622 42 41 87<\/p>\n","protected":false},"excerpt":{"rendered":"<p>Ce samedi 19 avril 2025, dans une ambiance \u00e0 mi-chemin entre c\u00e9r\u00e9monie protocolaire et serment d\u2019all\u00e9geance, la coordination communale des mouvements et associations de soutien aux actions du CNRD de Dixinn a \u00e9t\u00e9 officiellement pr\u00e9sent\u00e9e par le coordinateur national, K\u00e8l\u00e8ty Doumbouya. L&rsquo;\u00e9v\u00e9nement, hautement symbolique, s\u2019est tenu devant un parterre de responsables communaux, de jeunes et [&hellip;]<\/p>\n","protected":false},"author":2,"featured_media":2529,"comment_status":"open","ping_status":"open","sticky":false,"template":"","format":"standard","meta":{"_jetpack_memberships_contains_paid_content":false,"footnotes":"","jetpack_publicize_message":"","jetpack_publicize_feature_enabled":true,"jetpack_social_post_already_shared":true,"jetpack_social_options":{"image_generator_settings":{"template":"highway","default_image_id":0,"font":"","enabled":false},"version":2}},"categories":[24,27],"tags":[553,522,675],"class_list":{"0":"post-2522","1":"post","2":"type-post","3":"status-publish","4":"format-standard","5":"has-post-thumbnail","7":"category-news","8":"category-politique","9":"tag-commune-dixinn","10":"tag-mamadi-doumbouya","11":"tag-mouvements-de-soutien"},"jetpack_publicize_connections":[],"jetpack_featured_media_url":"https:\/\/ledenonciateur224.com\/wp-content\/uploads\/2025\/04\/img-20250419-wa0107.jpg","jetpack_sharing_enabled":true,"_links":{"self":[{"href":"https:\/\/ledenonciateur224.com\/index.php\/wp-json\/wp\/v2\/posts\/2522","targetHints":{"allow":["GET"]}}],"collection":[{"href":"https:\/\/ledenonciateur224.com\/index.php\/wp-json\/wp\/v2\/posts"}],"about":[{"href":"https:\/\/ledenonciateur224.com\/index.php\/wp-json\/wp\/v2\/types\/post"}],"author":[{"embeddable":true,"href":"https:\/\/ledenonciateur224.com\/index.php\/wp-json\/wp\/v2\/users\/2"}],"replies":[{"embeddable":true,"href":"https:\/\/ledenonciateur224.com\/index.php\/wp-json\/wp\/v2\/comments?post=2522"}],"version-history":[{"count":0,"href":"https:\/\/ledenonciateur224.com\/index.php\/wp-json\/wp\/v2\/posts\/2522\/revisions"}],"wp:featuredmedia":[{"embeddable":true,"href":"https:\/\/ledenonciateur224.com\/index.php\/wp-json\/wp\/v2\/media\/2529"}],"wp:attachment":[{"href":"https:\/\/ledenonciateur224.com\/index.php\/wp-json\/wp\/v2\/media?parent=2522"}],"wp:term":[{"taxonomy":"category","embeddable":true,"href":"https:\/\/ledenonciateur224.com\/index.php\/wp-json\/wp\/v2\/categories?post=2522"},{"taxonomy":"post_tag","embeddable":true,"href":"https:\/\/ledenonciateur224.com\/index.php\/wp-json\/wp\/v2\/tags?post=2522"}],"curies":[{"name":"wp","href":"https:\/\/api.w.org\/{rel}","templated":true}]}}