{"id":2540,"date":"2025-04-20T07:55:18","date_gmt":"2025-04-20T07:55:18","guid":{"rendered":"https:\/\/ledenonciateur224.com\/?p=2540"},"modified":"2025-04-20T07:55:18","modified_gmt":"2025-04-20T07:55:18","slug":"ufdg-dr-fode-oussou-fofana-demasque-les-detracteurs-et-clarifie-la-position-du-parti","status":"publish","type":"post","link":"https:\/\/ledenonciateur224.com\/index.php\/ufdg-dr-fode-oussou-fofana-demasque-les-detracteurs-et-clarifie-la-position-du-parti\/","title":{"rendered":"UFDG : Dr Fod\u00e9 Oussou Fofana d\u00e9masque les d\u00e9tracteurs et clarifie la position du parti"},"content":{"rendered":"<p>Le vice-pr\u00e9sident de l\u2019Union des Forces D\u00e9mocratiques de Guin\u00e9e (UFDG), Dr Fod\u00e9 Oussou Fofana, a pris la parole ce samedi 19 avril \u00e0 l\u2019occasion de l\u2019Assembl\u00e9e g\u00e9n\u00e9rale ordinaire du parti, tenue au si\u00e8ge national de La Mini\u00e8re. Dans un contexte sociopolitique tendu et marqu\u00e9 par une s\u00e9rie d\u2019attaques contre sa formation politique, le cadre influent de l\u2019UFDG a saisi l\u2019opportunit\u00e9 pour faire la lumi\u00e8re sur plusieurs sujets sensibles, en particulier les r\u00e9centes man\u0153uvres visant \u00e0 ternir l\u2019image du parti.<\/p>\n<p>Devant une foule de militants et de cadres venus nombreux, Dr Fofana a abord\u00e9 sans d\u00e9tour des questions d\u2019actualit\u00e9, notamment le recensement national \u00e0 vocation d\u2019\u00e9tat civil, le report du congr\u00e8s national du parti, ainsi qu\u2019un m\u00e9morandum controvers\u00e9, attribu\u00e9 \u00e0 un soi-disant \u00ab Coll\u00e8ge des f\u00e9d\u00e9raux de la Basse Guin\u00e9e \u00bb.<\/p>\n<p><strong>Une tentative de manipulation orchestr\u00e9e ?<\/strong><\/p>\n<p>Le point le plus br\u00fblant de son intervention a \u00e9t\u00e9 la d\u00e9nonciation de ce m\u00e9morandum, dont l\u2019authenticit\u00e9 a \u00e9t\u00e9 vivement remise en cause. Le document, largement diffus\u00e9 sur les r\u00e9seaux sociaux, laissait entendre qu\u2019un groupe de f\u00e9d\u00e9raux de la Basse Guin\u00e9e s\u2019\u00e9tait d\u00e9solidaris\u00e9 de la direction actuelle de l\u2019UFDG. Mais pour Dr Fod\u00e9 Oussou Fofana, il ne s\u2019agit ni plus ni moins que d\u2019une op\u00e9ration de d\u00e9stabilisation mont\u00e9e de toutes pi\u00e8ces.<em>\u00ab Je ne voudrais pas rentrer dans les d\u00e9tails, mais ce que je peux vous dire, c\u2019est que ce document est une pure fabrication. Il n\u2019y a jamais eu de \u2018Coll\u00e8ge des f\u00e9d\u00e9raux de la Basse Guin\u00e9e\u2019 au sein de notre parti \u00bb<\/em>, a-t-il martel\u00e9 avec fermet\u00e9.<\/p>\n<p>Pour appuyer ses propos, plusieurs responsables f\u00e9d\u00e9raux ont tenu \u00e0 \u00eatre physiquement pr\u00e9sents, \u00e0 commencer par le f\u00e9d\u00e9ral de Coyah, celui de Kindia, ainsi que des repr\u00e9sentants de Dixinn. Leur pr\u00e9sence visait \u00e0 d\u00e9montrer que les signataires suppos\u00e9s du document ne sont ni membres de l\u2019UFDG, ni titulaires d\u2019aucune fonction reconnue dans les structures du parti.<em>\u00ab Ils ont pris un papier, fabriqu\u00e9 un faux cachet, \u00e9crit des noms de personnes qui ne sont m\u00eame pas membres de l\u2019UFDG\u2026 et diffus\u00e9 tout \u00e7a pour faire croire \u00e0 une dissidence qui n\u2019existe pas. C\u2019est une tentative de manipulation grossi\u00e8re \u00bb<\/em>, a d\u00e9nonc\u00e9 Dr Fofana.<\/p>\n<p><strong>Un parti d\u00e9termin\u00e9 \u00e0 aller de l\u2019avant<\/strong><\/p>\n<p>Au-del\u00e0 de ces clarifications, le vice-pr\u00e9sident de l\u2019UFDG a rappel\u00e9 l\u2019engagement du parti \u00e0 \u0153uvrer pour une Guin\u00e9e d\u00e9mocratique, fond\u00e9e sur le respect des r\u00e8gles et la transparence. Il a \u00e9galement rassur\u00e9 les militants sur la tenue prochaine du congr\u00e8s national, actuellement en pr\u00e9paration, tout en appelant \u00e0 la vigilance et \u00e0 la mobilisation face aux tentatives de division orchestr\u00e9es depuis l\u2019ext\u00e9rieur.<\/p>\n<p>Avec cette sortie muscl\u00e9e, l\u2019UFDG entend bien d\u00e9montrer qu\u2019elle reste unie, structur\u00e9e et pr\u00eate \u00e0 affronter les \u00e9ch\u00e9ances politiques \u00e0 venir, malgr\u00e9 les vents contraires.<\/p>\n<p>&nbsp;<\/p>\n<p>Alpha Soumah<\/p>\n","protected":false},"excerpt":{"rendered":"<p>Le vice-pr\u00e9sident de l\u2019Union des Forces D\u00e9mocratiques de Guin\u00e9e (UFDG), Dr Fod\u00e9 Oussou Fofana, a pris la parole ce samedi 19 avril \u00e0 l\u2019occasion de l\u2019Assembl\u00e9e g\u00e9n\u00e9rale ordinaire du parti, tenue au si\u00e8ge national de La Mini\u00e8re. Dans un contexte sociopolitique tendu et marqu\u00e9 par une s\u00e9rie d\u2019attaques contre sa formation politique, le cadre influent [&hellip;]<\/p>\n","protected":false},"author":2,"featured_media":2541,"comment_status":"open","ping_status":"open","sticky":false,"template":"","format":"standard","meta":{"_jetpack_memberships_contains_paid_content":false,"footnotes":"","jetpack_publicize_message":"","jetpack_publicize_feature_enabled":true,"jetpack_social_post_already_shared":true,"jetpack_social_options":{"image_generator_settings":{"template":"highway","default_image_id":0,"font":"","enabled":false},"version":2}},"categories":[24,27],"tags":[679,255],"class_list":{"0":"post-2540","1":"post","2":"type-post","3":"status-publish","4":"format-standard","5":"has-post-thumbnail","7":"category-news","8":"category-politique","9":"tag-ufdg-guinee","10":"tag-dr-fode-oussou-fofana"},"jetpack_publicize_connections":[],"jetpack_featured_media_url":"https:\/\/ledenonciateur224.com\/wp-content\/uploads\/2025\/04\/fode-oussou.webp","jetpack_sharing_enabled":true,"_links":{"self":[{"href":"https:\/\/ledenonciateur224.com\/index.php\/wp-json\/wp\/v2\/posts\/2540","targetHints":{"allow":["GET"]}}],"collection":[{"href":"https:\/\/ledenonciateur224.com\/index.php\/wp-json\/wp\/v2\/posts"}],"about":[{"href":"https:\/\/ledenonciateur224.com\/index.php\/wp-json\/wp\/v2\/types\/post"}],"author":[{"embeddable":true,"href":"https:\/\/ledenonciateur224.com\/index.php\/wp-json\/wp\/v2\/users\/2"}],"replies":[{"embeddable":true,"href":"https:\/\/ledenonciateur224.com\/index.php\/wp-json\/wp\/v2\/comments?post=2540"}],"version-history":[{"count":0,"href":"https:\/\/ledenonciateur224.com\/index.php\/wp-json\/wp\/v2\/posts\/2540\/revisions"}],"wp:featuredmedia":[{"embeddable":true,"href":"https:\/\/ledenonciateur224.com\/index.php\/wp-json\/wp\/v2\/media\/2541"}],"wp:attachment":[{"href":"https:\/\/ledenonciateur224.com\/index.php\/wp-json\/wp\/v2\/media?parent=2540"}],"wp:term":[{"taxonomy":"category","embeddable":true,"href":"https:\/\/ledenonciateur224.com\/index.php\/wp-json\/wp\/v2\/categories?post=2540"},{"taxonomy":"post_tag","embeddable":true,"href":"https:\/\/ledenonciateur224.com\/index.php\/wp-json\/wp\/v2\/tags?post=2540"}],"curies":[{"name":"wp","href":"https:\/\/api.w.org\/{rel}","templated":true}]}}