{"id":2543,"date":"2025-04-20T08:51:40","date_gmt":"2025-04-20T08:51:40","guid":{"rendered":"https:\/\/ledenonciateur224.com\/?p=2543"},"modified":"2025-04-20T13:43:45","modified_gmt":"2025-04-20T13:43:45","slug":"djami-diallo-mobilise-a-mamou","status":"publish","type":"post","link":"https:\/\/ledenonciateur224.com\/index.php\/djami-diallo-mobilise-a-mamou\/","title":{"rendered":"Djami DIALLO \u00e0 Mamou: la mobilisation citoyenne pour la reconnaissance des acquis du CNRD, au service du d\u00e9veloppement et de l&rsquo;unit\u00e9 nationale"},"content":{"rendered":"<div dir=\"auto\">\u00c0 Mamou, l\u2019heure est \u00e0 la mobilisation citoyenne pour consolider et promouvoir les actions de d\u00e9veloppement, d\u2019unit\u00e9 et de progr\u00e8s du Pr\u00e9sident de la R\u00e9publique, \ud835\ude61\ud835\ude5a \ud835\ude42\u00e9\ud835\ude63\u00e9\ud835\ude67\ud835\ude56\ud835\ude61 \ud835\ude48\ud835\ude56\ud835\ude62\ud835\ude56\ud835\ude59\ud835\ude5e \ud835\ude3f\ud835\ude4a\ud835\ude50\ud835\ude48\ud835\ude3d\ud835\ude4a\ud835\ude50\ud835\ude54\ud835\ude3c<\/div>\n<div dir=\"auto\"><\/div>\n<div dir=\"auto\">Mamou, surnomm\u00e9e \u00e0 juste titre, \ud835\ude6b\ud835\ude5e\ud835\ude61\ud835\ude61\ud835\ude5a \ud835\ude58\ud835\ude56\ud835\ude67\ud835\ude67\ud835\ude5a\ud835\ude5b\ud835\ude64\ud835\ude6a\ud835\ude67 \ud835\ude59\ud835\ude5a \ud835\ude61\ud835\ude56 \ud835\ude42\ud835\ude6a\ud835\ude5e\ud835\ude63\u00e9\ud835\ude5a, entend vibrer les 25 \ud835\ude5a\ud835\ude69 26 \ud835\ude56\ud835\ude6b\ud835\ude67\ud835\ude5e\ud835\ude61 prochain, au rythme de la reconnaissance des acquis du \ud835\ude3e\ud835\ude49\ud835\ude4d\ud835\ude3f, de la citoyennet\u00e9 engag\u00e9e et du patriotisme rassembleur \u00e0 l\u2019occasion de l\u2019arriv\u00e9e de \ud835\ude62\ud835\ude56\ud835\ude59\ud835\ude56\ud835\ude62\ud835\ude5a \ud835\ude3f\ud835\ude5f\ud835\ude56\ud835\ude62\ud835\ude5e \ud835\ude3f\ud835\ude44\ud835\ude3c\ud835\ude47\ud835\ude47\ud835\ude4a, figure montante du renouveau politique guin\u00e9en et fervente d\u00e9fenseure de la vision du \ud835\ude3e\ud835\ude5d\ud835\ude5a\ud835\ude5b \ud835\ude59\ud835\ude5a \ud835\ude61\u2019\u00c9\ud835\ude69\ud835\ude56\ud835\ude69, \ud835\ude61\ud835\ude5a \ud835\ude42\u00e9\ud835\ude63\u00e9\ud835\ude67\ud835\ude56\ud835\ude61 \ud835\ude48\ud835\ude56\ud835\ude62\ud835\ude56\ud835\ude59\ud835\ude5e \ud835\ude3f\ud835\ude4a\ud835\ude50\ud835\ude48\ud835\ude3d\ud835\ude4a\ud835\ude50\ud835\ude54\ud835\ude3c.<\/div>\n<div dir=\"auto\"><\/div>\n<div dir=\"auto\">\ud835\ude4b\ud835\ude64\ud835\ude67\ud835\ude69\ud835\ude56\ud835\ude63\ud835\ude69 \ud835\ude6a\ud835\ude63 \ud835\ude62\ud835\ude5a\ud835\ude68\ud835\ude68\ud835\ude56\ud835\ude5c\ud835\ude5a \ud835\ude5b\ud835\ude64\ud835\ude67\ud835\ude69 \ud835\ude59\ud835\ude5a \ud835\ude62\ud835\ude64\ud835\ude57\ud835\ude5e\ud835\ude61\ud835\ude5e\ud835\ude68\ud835\ude56\ud835\ude69\ud835\ude5e\ud835\ude64\ud835\ude63, \ud835\ude59\u2019\ud835\ude56\ud835\ude58\ud835\ude58\ud835\ude64\ud835\ude62\ud835\ude65\ud835\ude56\ud835\ude5c\ud835\ude63\ud835\ude5a\ud835\ude62\ud835\ude5a\ud835\ude63\ud835\ude69 \ud835\ude5a\ud835\ude69 \ud835\ude59\ud835\ude5a \ud835\ude67\ud835\ude5a\ud835\ude68\ud835\ude65\ud835\ude64\ud835\ude63\ud835\ude68\ud835\ude56\ud835\ude57\ud835\ude5e\ud835\ude61\ud835\ude5e\ud835\ude68\ud835\ude56\ud835\ude69\ud835\ude5e\ud835\ude64\ud835\ude63, \ud835\ude3f\ud835\ude5f\ud835\ude56\ud835\ude62\ud835\ude5e \ud835\ude3f\ud835\ude44\ud835\ude3c\ud835\ude47\ud835\ude47\ud835\ude4a \ud835\ude56 \ud835\ude68\ud835\ude6a \ud835\ude69\ud835\ude67\ud835\ude64\ud835\ude6a\ud835\ude6b\ud835\ude5a\ud835\ude67 \ud835\ude61\u2019\ud835\ude5a\ud835\ude6d\ud835\ude65\ud835\ude67\ud835\ude5a\ud835\ude68\ud835\ude68\ud835\ude5e\ud835\ude64\ud835\ude63 \ud835\ude56\ud835\ude59\u00e9\ud835\ude66\ud835\ude6a\ud835\ude56\ud835\ude69\ud835\ude5a \ud835\ude65\ud835\ude64\ud835\ude6a\ud835\ude67 \ud835\ude61\ud835\ude5a\ud835\ude68 \ud835\ude5b\ud835\ude64\ud835\ude67\ud835\ude58\ud835\ude5a\ud835\ude68 \ud835\ude6b\ud835\ude5e\ud835\ude6b\ud835\ude5a\ud835\ude68 \ud835\ude59\ud835\ude5a \ud835\ude61\ud835\ude56 \ud835\ude67\u00e9\ud835\ude5c\ud835\ude5e\ud835\ude64\ud835\ude63, \ud835\ude61\ud835\ude5a\ud835\ude68 \ud835\ude67\ud835\ude5a\ud835\ude68\ud835\ude65\ud835\ude64\ud835\ude63\ud835\ude68\ud835\ude56\ud835\ude57\ud835\ude61\ud835\ude5a\ud835\ude68 \ud835\ude56\ud835\ude59\ud835\ude62\ud835\ude5e\ud835\ude63\ud835\ude5e\ud835\ude68\ud835\ude69\ud835\ude67\ud835\ude56\ud835\ude69\ud835\ude5e\ud835\ude5b\ud835\ude68, \ud835\ude61\ud835\ude5a\ud835\ude68 \ud835\ude61\ud835\ude5a\ud835\ude56\ud835\ude59\ud835\ude5a\ud835\ude67\ud835\ude68 \ud835\ude58\ud835\ude64\ud835\ude62\ud835\ude62\ud835\ude6a\ud835\ude63\ud835\ude56\ud835\ude6a\ud835\ude69\ud835\ude56\ud835\ude5e\ud835\ude67\ud835\ude5a\ud835\ude68, \ud835\ude61\ud835\ude5a\ud835\ude68 \ud835\ude5b\ud835\ude5a\ud835\ude62\ud835\ude62\ud835\ude5a\ud835\ude68 \ud835\ude5a\ud835\ude69 \ud835\ude61\ud835\ude5a\ud835\ude68 \ud835\ude5f\ud835\ude5a\ud835\ude6a\ud835\ude63\ud835\ude5a\ud835\ude68, \ud835\ude56\ud835\ude5b\ud835\ude5e\ud835\ude63 \ud835\ude59\u2019\ud835\ude5a\ud835\ude6d\ud835\ude5d\ud835\ude64\ud835\ude67\ud835\ude69\ud835\ude5a\ud835\ude67 \ud835\ude58\ud835\ude5d\ud835\ude56\ud835\ude58\ud835\ude6a\ud835\ude63 \u00e0 \ud835\ude5f\ud835\ude64\ud835\ude6a\ud835\ude5a\ud835\ude67 \ud835\ude65\ud835\ude61\ud835\ude5a\ud835\ude5e\ud835\ude63\ud835\ude5a\ud835\ude62\ud835\ude5a\ud835\ude63\ud835\ude69 \ud835\ude68\ud835\ude64\ud835\ude63 \ud835\ude67\u00f4\ud835\ude61\ud835\ude5a \ud835\ude59\ud835\ude56\ud835\ude63\ud835\ude68 \ud835\ude61\ud835\ude56 \ud835\ude58\ud835\ude64\ud835\ude63\ud835\ude68\ud835\ude69\ud835\ude67\ud835\ude6a\ud835\ude58\ud835\ude69\ud835\ude5e\ud835\ude64\ud835\ude63 \ud835\ude59\ud835\ude5a \ud835\ude63\ud835\ude64\ud835\ude69\ud835\ude67\ud835\ude5a \ud835\ude57\ud835\ude5e\ud835\ude5a\ud835\ude63 \ud835\ude58\ud835\ude64\ud835\ude62\ud835\ude62\ud835\ude6a\ud835\ude63, \ud835\ude61\ud835\ude56 \ud835\ude42\ud835\ude6a\ud835\ude5e\ud835\ude63\u00e9\ud835\ude5a \ud835\ude68\ud835\ude64\ud835\ude6a\ud835\ude68 \ud835\ude61\ud835\ude5a \ud835\ude61\ud835\ude5a\ud835\ude56\ud835\ude59\ud835\ude5a\ud835\ude67\ud835\ude68\ud835\ude5d\ud835\ude5e\ud835\ude65 \ud835\ude59\ud835\ude6a \ud835\ude4b\ud835\ude67\u00e9\ud835\ude68\ud835\ude5e\ud835\ude59\ud835\ude5a\ud835\ude63\ud835\ude69 \ud835\ude59\ud835\ude5a \ud835\ude61\ud835\ude56 \ud835\ude4d\u00e9\ud835\ude65\ud835\ude6a\ud835\ude57\ud835\ude61\ud835\ude5e\ud835\ude66\ud835\ude6a\ud835\ude5a<\/div>\n<div dir=\"auto\"><\/div>\n<div dir=\"auto\">En effet, pour Djami DIALLO, le moment est venu plus que jamais pour chaque citoyen, chaque fille et fils de la Guin\u00e9e mais surtout, de Mamou en particulier de se lever pour d\u00e9fendre \ud835\ude61\u2019\ud835\ude6a\ud835\ude63\ud835\ude5e\ud835\ude69\u00e9, \ud835\ude61\ud835\ude56 \ud835\ude65\ud835\ude56\ud835\ude5e\ud835\ude6d \ud835\ude5a\ud835\ude69 \ud835\ude61\ud835\ude5a \ud835\ude59\u00e9\ud835\ude6b\ud835\ude5a\ud835\ude61\ud835\ude64\ud835\ude65\ud835\ude65\ud835\ude5a\ud835\ude62\ud835\ude5a\ud835\ude63\ud835\ude69 \ud835\ude59\ud835\ude6a\ud835\ude67\ud835\ude56\ud835\ude57\ud835\ude61\ud835\ude5a \ud835\ude59\ud835\ude5a \ud835\ude63\ud835\ude64\ud835\ude69\ud835\ude67\ud835\ude5a \ud835\ude49\ud835\ude56\ud835\ude69\ud835\ude5e\ud835\ude64\ud835\ude63. Le Pr\u00e9sident Mamadi DOUMBOUYA a ouvert une nouvelle \u00e8re de gouvernance responsable, fond\u00e9e sur \ud835\ude61\ud835\ude56 \ud835\ude67\ud835\ude5a\ud835\ude5b\ud835\ude64\ud835\ude63\ud835\ude59\ud835\ude56\ud835\ude69\ud835\ude5e\ud835\ude64\ud835\ude63 \ud835\ude59\ud835\ude5a \ud835\ude61\u2019\u00c9\ud835\ude69\ud835\ude56\ud835\ude69, \ud835\ude61\ud835\ude56 \ud835\ude5f\ud835\ude6a\ud835\ude68\ud835\ude69\ud835\ude5e\ud835\ude58\ud835\ude5a \ud835\ude68\ud835\ude64\ud835\ude58\ud835\ude5e\ud835\ude56\ud835\ude61\ud835\ude5a, \ud835\ude61\u2019\ud835\ude5e\ud835\ude63\ud835\ude58\ud835\ude61\ud835\ude6a\ud835\ude68\ud835\ude5e\ud835\ude64\ud835\ude63 \ud835\ude5a\ud835\ude69 \ud835\ude61\ud835\ude56 \ud835\ude68\ud835\ude64\ud835\ude6a\ud835\ude6b\ud835\ude5a\ud835\ude67\ud835\ude56\ud835\ude5e\ud835\ude63\ud835\ude5a\ud835\ude69\u00e9 \ud835\ude63\ud835\ude56\ud835\ude69\ud835\ude5e\ud835\ude64\ud835\ude63\ud835\ude56\ud835\ude61\ud835\ude5a. Cette dynamique m\u00e9rite notre adh\u00e9sion pleine et enti\u00e8re.<\/div>\n<div dir=\"auto\"><\/div>\n<div dir=\"auto\">Cet \u00e9v\u00e8nement in\u00e9dit\u00a0 intervient dans un contexte o\u00f9 les r\u00e9sultats du gouvernement, agissant conform\u00e9ment aux orientations du Chef de l\u2019\u00c9tat, notamment en mati\u00e8re de r\u00e9forme des institutions, de d\u00e9veloppement des infrastructures, de valorisation des ressources naturelles et de pr\u00e9servation de l\u2019environnement, sont de plus en plus palpables sur l\u2019ensemble du territoire national. \ud835\ude47\ud835\ude5a \ud835\ude65\ud835\ude67\ud835\ude64\ud835\ude5f\ud835\ude5a\ud835\ude69 \ud835\ude4e\ud835\ude44\ud835\ude48\ud835\ude3c\ud835\ude49\ud835\ude3f\ud835\ude4a\ud835\ude50 2040 en est une illustration \u00e9loquente.<\/div>\n<div dir=\"auto\"><\/div>\n<div dir=\"auto\">De quoi de l\u00e9gitime en faisant front commun derri\u00e8re \ud835\ude61\ud835\ude5a \ud835\ude4b\ud835\ude67\u00e9\ud835\ude68\ud835\ude5e\ud835\ude59\ud835\ude5a\ud835\ude63\ud835\ude69 \ud835\ude48\ud835\ude56\ud835\ude62\ud835\ude56\ud835\ude59\ud835\ude5e \ud835\ude3f\ud835\ude4a\ud835\ude50\ud835\ude48\ud835\ude3d\ud835\ude4a\ud835\ude50\ud835\ude54\ud835\ude3c pour consolider les acquis, poursuivre les r\u00e9formes et garantir aux g\u00e9n\u00e9rations futures une Guin\u00e9e prosp\u00e8re, juste et souveraine. Mamou, en tant que r\u00e9gion jointure, doit \u00eatre un mod\u00e8le de discipline, de responsabilit\u00e9 et de patriotisme.<\/div>\n<div dir=\"auto\"><\/div>\n<div dir=\"auto\">A cet \u00e9gard, la participation citoyenne en ces moments est per\u00e7ue comme un levier essentiel \u00e0 la r\u00e9ussite des politiques publiques, ce qui justifie d\u2019ailleurs \u00e0 Mamou l\u2019importance de la coh\u00e9sion sociale, du respect des institutions.<\/div>\n<div dir=\"auto\"><\/div>\n<div dir=\"auto\">Cette mobilisation n\u2019est pas simplement symbolique. Elle s\u2019inscrit dans une dynamique nationale de redynamisation de l\u2019engagement civique, dans le respect des principes constitutionnels et des valeurs fondamentales de la R\u00e9publique : \ud835\ude61\ud835\ude5a \ud835\ude69\ud835\ude67\ud835\ude56\ud835\ude6b\ud835\ude56\ud835\ude5e\ud835\ude61, \ud835\ude61\ud835\ude56 \ud835\ude5f\ud835\ude6a\ud835\ude68\ud835\ude69\ud835\ude5e\ud835\ude58\ud835\ude5a \ud835\ude5a\ud835\ude69 \ud835\ude61\ud835\ude56 \ud835\ude68\ud835\ude64\ud835\ude61\ud835\ude5e\ud835\ude59\ud835\ude56\ud835\ude67\ud835\ude5e\ud835\ude69\u00e9.<\/div>\n<div dir=\"auto\"><\/div>\n<div dir=\"auto\">Enfin, le message port\u00e9 par les braves populations et ressortissants de Mamou est clair : \ud835\ude61\u2019\ud835\ude5d\ud835\ude5a\ud835\ude6a\ud835\ude67\ud835\ude5a \ud835\ude63\u2019\ud835\ude5a\ud835\ude68\ud835\ude69 \ud835\ude65\ud835\ude61\ud835\ude6a\ud835\ude68 \u00e0 \ud835\ude61\u2019\ud835\ude5e\ud835\ude63\ud835\ude59\ud835\ude5e\ud835\ude5b\ud835\ude5b\u00e9\ud835\ude67\ud835\ude5a\ud835\ude63\ud835\ude58\ud835\ude5a \ud835\ude63\ud835\ude5e \u00e0 \ud835\ude61\ud835\ude56 \ud835\ude59\ud835\ude5e\ud835\ude6b\ud835\ude5e\ud835\ude68\ud835\ude5e\ud835\ude64\ud835\ude63 Elle est \u00e0 la mobilisation g\u00e9n\u00e9rale pour accompagner la Guin\u00e9e sur le chemin irr\u00e9versible du progr\u00e8s, tel que trac\u00e9 par \ud835\ude61\ud835\ude5a \ud835\ude42\u00e9\ud835\ude63\u00e9\ud835\ude67\ud835\ude56\ud835\ude61 \ud835\ude48\ud835\ude56\ud835\ude62\ud835\ude56\ud835\ude59\ud835\ude5e \ud835\ude3f\ud835\ude4a\ud835\ude50\ud835\ude48\ud835\ude3d\ud835\ude4a\ud835\ude50\ud835\ude54\ud835\ude3c.<\/div>\n<div dir=\"auto\"><\/div>\n<div dir=\"auto\">\ud835\ude4e\ud835\ude5a\ud835\ude67\ud835\ude6b\ud835\ude5e\ud835\ude58\ud835\ude5a \ud835\ude59\ud835\ude5a \ud835\ude58\ud835\ude64\ud835\ude62\ud835\ude62\ud835\ude6a\ud835\ude63\ud835\ude5e\ud835\ude58\ud835\ude56\ud835\ude69\ud835\ude5e\ud835\ude64\ud835\ude63<\/div>\n<div dir=\"auto\">\ud835\ude41\ud835\ude64\ud835\ude63\ud835\ude59\ud835\ude68 \ud835\ude59\ud835\ude5a \ud835\ude61\u2019\ud835\ude40\ud835\ude63\ud835\ude6b\ud835\ude5e\ud835\ude67\ud835\ude64\ud835\ude63\ud835\ude63\ud835\ude5a\ud835\ude62\ud835\ude5a\ud835\ude63\ud835\ude69 \ud835\ude5a\ud835\ude69 \ud835\ude59\ud835\ude6a \ud835\ude3e\ud835\ude56\ud835\ude65\ud835\ude5e\ud835\ude69\ud835\ude56\ud835\ude61 \ud835\ude49\ud835\ude56\ud835\ude69\ud835\ude6a\ud835\ude67\ud835\ude5a\ud835\ude61<\/div>\n","protected":false},"excerpt":{"rendered":"<p>\u00c0 Mamou, l\u2019heure est \u00e0 la mobilisation citoyenne pour consolider et promouvoir les actions de d\u00e9veloppement, d\u2019unit\u00e9 et de progr\u00e8s du Pr\u00e9sident de la R\u00e9publique, \ud835\ude61\ud835\ude5a \ud835\ude42\u00e9\ud835\ude63\u00e9\ud835\ude67\ud835\ude56\ud835\ude61 \ud835\ude48\ud835\ude56\ud835\ude62\ud835\ude56\ud835\ude59\ud835\ude5e \ud835\ude3f\ud835\ude4a\ud835\ude50\ud835\ude48\ud835\ude3d\ud835\ude4a\ud835\ude50\ud835\ude54\ud835\ude3c Mamou, surnomm\u00e9e \u00e0 juste titre, \ud835\ude6b\ud835\ude5e\ud835\ude61\ud835\ude61\ud835\ude5a \ud835\ude58\ud835\ude56\ud835\ude67\ud835\ude67\ud835\ude5a\ud835\ude5b\ud835\ude64\ud835\ude6a\ud835\ude67 \ud835\ude59\ud835\ude5a \ud835\ude61\ud835\ude56 \ud835\ude42\ud835\ude6a\ud835\ude5e\ud835\ude63\u00e9\ud835\ude5a, entend vibrer les 25 \ud835\ude5a\ud835\ude69 26 \ud835\ude56\ud835\ude6b\ud835\ude67\ud835\ude5e\ud835\ude61 prochain, au rythme de la reconnaissance des acquis du [&hellip;]<\/p>\n","protected":false},"author":2,"featured_media":2533,"comment_status":"open","ping_status":"open","sticky":false,"template":"","format":"standard","meta":{"_jetpack_memberships_contains_paid_content":false,"footnotes":"","jetpack_publicize_message":"","jetpack_publicize_feature_enabled":true,"jetpack_social_post_already_shared":true,"jetpack_social_options":{"image_generator_settings":{"template":"highway","default_image_id":0,"font":"","enabled":false},"version":2}},"categories":[24,27],"tags":[677,522,678],"class_list":{"0":"post-2543","1":"post","2":"type-post","3":"status-publish","4":"format-standard","5":"has-post-thumbnail","7":"category-news","8":"category-politique","9":"tag-djami-diallo","10":"tag-mamadi-doumbouya","11":"tag-mamou"},"jetpack_publicize_connections":[],"jetpack_featured_media_url":"https:\/\/ledenonciateur224.com\/wp-content\/uploads\/2025\/04\/screenshot-20250420-071542-gallery.jpg","jetpack_sharing_enabled":true,"_links":{"self":[{"href":"https:\/\/ledenonciateur224.com\/index.php\/wp-json\/wp\/v2\/posts\/2543","targetHints":{"allow":["GET"]}}],"collection":[{"href":"https:\/\/ledenonciateur224.com\/index.php\/wp-json\/wp\/v2\/posts"}],"about":[{"href":"https:\/\/ledenonciateur224.com\/index.php\/wp-json\/wp\/v2\/types\/post"}],"author":[{"embeddable":true,"href":"https:\/\/ledenonciateur224.com\/index.php\/wp-json\/wp\/v2\/users\/2"}],"replies":[{"embeddable":true,"href":"https:\/\/ledenonciateur224.com\/index.php\/wp-json\/wp\/v2\/comments?post=2543"}],"version-history":[{"count":0,"href":"https:\/\/ledenonciateur224.com\/index.php\/wp-json\/wp\/v2\/posts\/2543\/revisions"}],"wp:featuredmedia":[{"embeddable":true,"href":"https:\/\/ledenonciateur224.com\/index.php\/wp-json\/wp\/v2\/media\/2533"}],"wp:attachment":[{"href":"https:\/\/ledenonciateur224.com\/index.php\/wp-json\/wp\/v2\/media?parent=2543"}],"wp:term":[{"taxonomy":"category","embeddable":true,"href":"https:\/\/ledenonciateur224.com\/index.php\/wp-json\/wp\/v2\/categories?post=2543"},{"taxonomy":"post_tag","embeddable":true,"href":"https:\/\/ledenonciateur224.com\/index.php\/wp-json\/wp\/v2\/tags?post=2543"}],"curies":[{"name":"wp","href":"https:\/\/api.w.org\/{rel}","templated":true}]}}