{"id":2553,"date":"2025-04-21T10:56:35","date_gmt":"2025-04-21T10:56:35","guid":{"rendered":"https:\/\/ledenonciateur224.com\/?p=2553"},"modified":"2025-04-21T10:56:35","modified_gmt":"2025-04-21T10:56:35","slug":"le-pape-francois-sest-eteint-a-88-ans-fin-dun-pontificat-marquant","status":"publish","type":"post","link":"https:\/\/ledenonciateur224.com\/index.php\/le-pape-francois-sest-eteint-a-88-ans-fin-dun-pontificat-marquant\/","title":{"rendered":"Le pape Fran\u00e7ois s\u2019est \u00e9teint \u00e0 88 ans, fin d\u2019un pontificat marquant"},"content":{"rendered":"<p>Le Vatican a annonc\u00e9 ce lundi matin le d\u00e9c\u00e8s du pape Fran\u00e7ois, \u00e9v\u00eaque de Rome, survenu \u00e0 7h35 \u00e0 la r\u00e9sidence Sainte-Marthe. \u00c2g\u00e9 de 88 ans, le Saint-P\u00e8re s\u2019est \u00e9teint paisiblement, mettant un terme \u00e0 un pontificat de plus de dix ans qui aura profond\u00e9ment marqu\u00e9 l\u2019histoire de l\u2019\u00c9glise catholique.<\/p>\n<p>N\u00e9 Jorge Mario Bergoglio \u00e0 Buenos Aires, en Argentine, le pape Fran\u00e7ois \u00e9tait le 266e souverain pontife de l\u2019\u00c9glise catholique. \u00c9lu en mars 2013 apr\u00e8s la d\u00e9mission de Beno\u00eet XVI, il \u00e9tait le premier pape originaire d\u2019Am\u00e9rique latine, le premier j\u00e9suite \u00e0 acc\u00e9der au tr\u00f4ne de Saint Pierre et le premier \u00e0 prendre le nom de Fran\u00e7ois, en hommage \u00e0 saint Fran\u00e7ois d\u2019Assise.<\/p>\n<p>Hospitalis\u00e9 depuis le 14 f\u00e9vrier pour une pneumonie bilat\u00e9rale, le pape Fran\u00e7ois avait continu\u00e9, malgr\u00e9 son \u00e9tat de sant\u00e9 pr\u00e9occupant, \u00e0 accomplir certaines obligations spirituelles, notamment une b\u00e9n\u00e9diction depuis le balcon de la basilique Saint-Pierre \u00e0 l\u2019occasion de la messe de P\u00e2ques. Ce fut sa derni\u00e8re apparition publique.<\/p>\n<p>Le cardinal Kevin Farrell, camerlingue de la Chambre apostolique, a d\u00e9clar\u00e9 ce matin :<br \/>\n\u00ab\u00a0<em>Ce matin \u00e0 7h35, l\u2019\u00e9v\u00eaque de Rome, Fran\u00e7ois, est revenu \u00e0 la maison du P\u00e8re<\/em>. \u00bb Une p\u00e9riode de deuil de neuf jours, appel\u00e9e novemdiales, a imm\u00e9diatement \u00e9t\u00e9 d\u00e9cr\u00e9t\u00e9e au Vatican.<\/p>\n<p>Le pape Fran\u00e7ois a profond\u00e9ment marqu\u00e9 l\u2019\u00c9glise catholique par son style pastoral humble et direct, son engagement envers les plus vuln\u00e9rables, et ses appels constants \u00e0 la paix, \u00e0 la justice sociale et \u00e0 la protection de l\u2019environnement. Son pontificat a \u00e9t\u00e9 ponctu\u00e9 de r\u00e9formes importantes, notamment dans la gouvernance du Vatican, la lutte contre les abus sexuels et la promotion du dialogue interreligieux.<\/p>\n","protected":false},"excerpt":{"rendered":"<p>Le Vatican a annonc\u00e9 ce lundi matin le d\u00e9c\u00e8s du pape Fran\u00e7ois, \u00e9v\u00eaque de Rome, survenu \u00e0 7h35 \u00e0 la r\u00e9sidence Sainte-Marthe. \u00c2g\u00e9 de 88 ans, le Saint-P\u00e8re s\u2019est \u00e9teint paisiblement, mettant un terme \u00e0 un pontificat de plus de dix ans qui aura profond\u00e9ment marqu\u00e9 l\u2019histoire de l\u2019\u00c9glise catholique. N\u00e9 Jorge Mario Bergoglio \u00e0 [&hellip;]<\/p>\n","protected":false},"author":2,"featured_media":2554,"comment_status":"open","ping_status":"open","sticky":false,"template":"","format":"standard","meta":{"_jetpack_memberships_contains_paid_content":false,"footnotes":"","jetpack_publicize_message":"","jetpack_publicize_feature_enabled":true,"jetpack_social_post_already_shared":true,"jetpack_social_options":{"image_generator_settings":{"template":"highway","default_image_id":0,"font":"","enabled":false},"version":2}},"categories":[30,24],"tags":[683,682],"class_list":{"0":"post-2553","1":"post","2":"type-post","3":"status-publish","4":"format-standard","5":"has-post-thumbnail","7":"category-faits-divers","8":"category-news","9":"tag-eveque","10":"tag-pape-francois"},"jetpack_publicize_connections":[],"jetpack_featured_media_url":"https:\/\/ledenonciateur224.com\/wp-content\/uploads\/2025\/04\/pape-francois-2040072-750x430-1.webp","jetpack_sharing_enabled":true,"_links":{"self":[{"href":"https:\/\/ledenonciateur224.com\/index.php\/wp-json\/wp\/v2\/posts\/2553","targetHints":{"allow":["GET"]}}],"collection":[{"href":"https:\/\/ledenonciateur224.com\/index.php\/wp-json\/wp\/v2\/posts"}],"about":[{"href":"https:\/\/ledenonciateur224.com\/index.php\/wp-json\/wp\/v2\/types\/post"}],"author":[{"embeddable":true,"href":"https:\/\/ledenonciateur224.com\/index.php\/wp-json\/wp\/v2\/users\/2"}],"replies":[{"embeddable":true,"href":"https:\/\/ledenonciateur224.com\/index.php\/wp-json\/wp\/v2\/comments?post=2553"}],"version-history":[{"count":0,"href":"https:\/\/ledenonciateur224.com\/index.php\/wp-json\/wp\/v2\/posts\/2553\/revisions"}],"wp:featuredmedia":[{"embeddable":true,"href":"https:\/\/ledenonciateur224.com\/index.php\/wp-json\/wp\/v2\/media\/2554"}],"wp:attachment":[{"href":"https:\/\/ledenonciateur224.com\/index.php\/wp-json\/wp\/v2\/media?parent=2553"}],"wp:term":[{"taxonomy":"category","embeddable":true,"href":"https:\/\/ledenonciateur224.com\/index.php\/wp-json\/wp\/v2\/categories?post=2553"},{"taxonomy":"post_tag","embeddable":true,"href":"https:\/\/ledenonciateur224.com\/index.php\/wp-json\/wp\/v2\/tags?post=2553"}],"curies":[{"name":"wp","href":"https:\/\/api.w.org\/{rel}","templated":true}]}}