{"id":2556,"date":"2025-04-21T12:22:56","date_gmt":"2025-04-21T12:22:56","guid":{"rendered":"https:\/\/ledenonciateur224.com\/?p=2556"},"modified":"2025-04-21T12:22:56","modified_gmt":"2025-04-21T12:22:56","slug":"violences-basees-sur-le-genre-letat-guineen-serre-la-vis-face-a-une-crise-qui-saggrave","status":"publish","type":"post","link":"https:\/\/ledenonciateur224.com\/index.php\/violences-basees-sur-le-genre-letat-guineen-serre-la-vis-face-a-une-crise-qui-saggrave\/","title":{"rendered":"Violences bas\u00e9es sur le genre : l\u2019\u00c9tat guin\u00e9en serre la vis face \u00e0 une crise qui s\u2019aggrave"},"content":{"rendered":"<p>Face \u00e0 la recrudescence alarmante des violences bas\u00e9es sur le genre (VBG) \u00e0 travers le pays, les autorit\u00e9s guin\u00e9ennes sortent de leur silence. Dans un communiqu\u00e9 conjoint publi\u00e9 le dimanche 20 avril 2025, les ministres de la Justice et des Droits de l\u2019Homme, Yaya Kairaba Kaba, et de la Promotion f\u00e9minine, de l\u2019Enfance et des Personnes vuln\u00e9rables, Charlotte Daff\u00e9, ont exprim\u00e9 leur \u00ab vive indignation \u00bb et r\u00e9affirm\u00e9 leur volont\u00e9 de mettre fin \u00e0 ce fl\u00e9au. Une r\u00e9action qui fait suite \u00e0 une s\u00e9rie de drames r\u00e9cents ayant profond\u00e9ment choqu\u00e9 l\u2019opinion publique et mis en lumi\u00e8re l\u2019urgence d\u2019agir.<\/p>\n<p>&nbsp;<\/p>\n<ul>\n<li>Le meurtre atroce de Kadiatou Diallo, une marchande de Sanoyah, retrouv\u00e9e calcin\u00e9e le 7 avril dernier au kilom\u00e8tre 36. Le principal suspect, en fuite, a \u00e9t\u00e9 intercept\u00e9 \u00e0 la fronti\u00e8re guin\u00e9o-sierra-l\u00e9onaise.<\/li>\n<li>Le d\u00e9c\u00e8s de Dame Oumou Ma\u00efga\u00a0\u00e0 Conakry, cons\u00e9cutif \u00e0 des violences domestiques pr\u00e9sum\u00e9es, selon les conclusions de l\u2019autopsie. Son conjoint est actuellement suspect\u00e9.<\/li>\n<li>L\u2019assassinat de Dame Adama Konat\u00e9 \u00e0 Kankan, dont l\u2019auteur a \u00e9t\u00e9 condamn\u00e9 \u00e0 la r\u00e9clusion criminelle \u00e0 perp\u00e9tuit\u00e9, assortie d\u2019une p\u00e9riode de s\u00fbret\u00e9 de 30 ans, marquant une d\u00e9cision exemplaire de la justice.<\/li>\n<li>L\u2019agression sauvage d\u2019une jeune femme \u00e0 Kindia, film\u00e9e et largement partag\u00e9e sur les r\u00e9seaux sociaux, d\u00e9sormais au c\u0153ur d\u2019une proc\u00e9dure judiciaire en cours dans les juridictions comp\u00e9tentes.<\/li>\n<li>L\u2019attaque survenue dans la nuit du 19 au 20 avril \u00e0 Kip\u00e9, o\u00f9 un groupe de femmes, identifi\u00e9es comme travailleuses du sexe, a \u00e9t\u00e9 violemment agress\u00e9 \u00e0 proximit\u00e9 de l\u2019\u00e9cole fran\u00e7aise.<\/li>\n<\/ul>\n<p>Autant de faits qui, selon les deux minist\u00e8res, ne sont que\u00a0\u00ab\u00a0la partie visible d\u2019un ph\u00e9nom\u00e8ne pr\u00e9occupant\u00a0\u00bb\u00a0qui mine la s\u00e9curit\u00e9, la dignit\u00e9 et les droits fondamentaux des femmes et des filles en Guin\u00e9e.<\/p>\n<p>En r\u00e9ponse \u00e0 cette mont\u00e9e de violence, les deux d\u00e9partements minist\u00e9riels annoncent des mesures \u00ab\u00a0concr\u00e8tes\u00a0\u00bb. Le minist\u00e8re de la Promotion F\u00e9minine, de l\u2019Enfance et des Personnes Vuln\u00e9rables pr\u00e9voit de saisir l\u2019Agent Judiciaire de l\u2019\u00c9tat (AJE) afin de\u00a0se constituer syst\u00e9matiquement partie civile\u00a0dans toutes les affaires li\u00e9es aux violences faites aux femmes et aux personnes vuln\u00e9rables.<\/p>\n<p>De son c\u00f4t\u00e9, le minist\u00e8re de la Justice et des Droits de l\u2019Homme promet une\u00a0tol\u00e9rance z\u00e9ro face \u00e0 l\u2019impunit\u00e9, en assurant l\u2019application rigoureuse des lois en vigueur.<\/p>\n<p>Le garde des Sceaux, Yaya Kairaba Kaba et la ministre en charge de la Promotion F\u00e9minine, de l\u2019enfance et des personne vuln\u00e9rables Charlotte Daff\u00e9 appellent solennellement \u00ab\u00a0les autorit\u00e9s locales, les leaders communautaires, la soci\u00e9t\u00e9 civile, les m\u00e9dias et tous les citoyens\u00a0\u00bb\u00a0\u00e0 une mobilisation nationale contre les violences bas\u00e9es sur le genre.<\/p>\n<p>&nbsp;<\/p>\n<p>Ledenonciateur224.com<\/p>\n","protected":false},"excerpt":{"rendered":"<p>Face \u00e0 la recrudescence alarmante des violences bas\u00e9es sur le genre (VBG) \u00e0 travers le pays, les autorit\u00e9s guin\u00e9ennes sortent de leur silence. Dans un communiqu\u00e9 conjoint publi\u00e9 le dimanche 20 avril 2025, les ministres de la Justice et des Droits de l\u2019Homme, Yaya Kairaba Kaba, et de la Promotion f\u00e9minine, de l\u2019Enfance et des [&hellip;]<\/p>\n","protected":false},"author":2,"featured_media":2557,"comment_status":"open","ping_status":"open","sticky":false,"template":"","format":"standard","meta":{"_jetpack_memberships_contains_paid_content":false,"footnotes":"","jetpack_publicize_message":"","jetpack_publicize_feature_enabled":true,"jetpack_social_post_already_shared":true,"jetpack_social_options":{"image_generator_settings":{"template":"highway","default_image_id":0,"font":"","enabled":false},"version":2}},"categories":[30,24],"tags":[604,154],"class_list":{"0":"post-2556","1":"post","2":"type-post","3":"status-publish","4":"format-standard","5":"has-post-thumbnail","7":"category-faits-divers","8":"category-news","9":"tag-actualite-de-guinee","10":"tag-violences-basees-sur-le-genre"},"jetpack_publicize_connections":[],"jetpack_featured_media_url":"https:\/\/ledenonciateur224.com\/wp-content\/uploads\/2025\/04\/20250421-121858-scaled.jpg","jetpack_sharing_enabled":true,"_links":{"self":[{"href":"https:\/\/ledenonciateur224.com\/index.php\/wp-json\/wp\/v2\/posts\/2556","targetHints":{"allow":["GET"]}}],"collection":[{"href":"https:\/\/ledenonciateur224.com\/index.php\/wp-json\/wp\/v2\/posts"}],"about":[{"href":"https:\/\/ledenonciateur224.com\/index.php\/wp-json\/wp\/v2\/types\/post"}],"author":[{"embeddable":true,"href":"https:\/\/ledenonciateur224.com\/index.php\/wp-json\/wp\/v2\/users\/2"}],"replies":[{"embeddable":true,"href":"https:\/\/ledenonciateur224.com\/index.php\/wp-json\/wp\/v2\/comments?post=2556"}],"version-history":[{"count":0,"href":"https:\/\/ledenonciateur224.com\/index.php\/wp-json\/wp\/v2\/posts\/2556\/revisions"}],"wp:featuredmedia":[{"embeddable":true,"href":"https:\/\/ledenonciateur224.com\/index.php\/wp-json\/wp\/v2\/media\/2557"}],"wp:attachment":[{"href":"https:\/\/ledenonciateur224.com\/index.php\/wp-json\/wp\/v2\/media?parent=2556"}],"wp:term":[{"taxonomy":"category","embeddable":true,"href":"https:\/\/ledenonciateur224.com\/index.php\/wp-json\/wp\/v2\/categories?post=2556"},{"taxonomy":"post_tag","embeddable":true,"href":"https:\/\/ledenonciateur224.com\/index.php\/wp-json\/wp\/v2\/tags?post=2556"}],"curies":[{"name":"wp","href":"https:\/\/api.w.org\/{rel}","templated":true}]}}