{"id":2561,"date":"2025-04-21T18:01:30","date_gmt":"2025-04-21T18:01:30","guid":{"rendered":"https:\/\/ledenonciateur224.com\/?p=2561"},"modified":"2025-04-21T18:01:30","modified_gmt":"2025-04-21T18:01:30","slug":"retour-a-lordre-constitutionnel-larcheveque-de-conakry-appelle-a-un-sursaut-democratique","status":"publish","type":"post","link":"https:\/\/ledenonciateur224.com\/index.php\/retour-a-lordre-constitutionnel-larcheveque-de-conakry-appelle-a-un-sursaut-democratique\/","title":{"rendered":"Retour \u00e0 l\u2019ordre constitutionnel : l\u2019Archev\u00eaque de Conakry appelle \u00e0 un sursaut d\u00e9mocratique"},"content":{"rendered":"<p>Alors que la Guin\u00e9e entame une phase d\u00e9cisive dans son cheminement vers le retour \u00e0 l\u2019ordre constitutionnel, la voix de l\u2019\u00c9glise catholique se fait entendre avec force et sagesse. \u00c0 l\u2019occasion de la c\u00e9l\u00e9bration de P\u00e2ques, Monseigneur Vincent Koulibaly, Archev\u00eaque de Conakry, a solennellement interpell\u00e9 le Comit\u00e9 National du Rassemblement pour le D\u00e9veloppement (CNRD) et le Gouvernement. Dans une hom\u00e9lie empreinte de gravit\u00e9 et d\u2019espoir, il a soulign\u00e9 l\u2019imp\u00e9ratif d\u2019un processus \u00e9lectoral inclusif et participatif, appelant \u00e0 l\u2019instauration urgente d\u2019un dialogue franc avec les acteurs politiques pour garantir des \u00e9lections paisibles, cr\u00e9dibles et transparentes, socles d\u2019une d\u00e9mocratie durable.<\/p>\n<p>\u00ab\u00a0<em>Le retour \u00e0 l\u2019ordre constitutionnel par l\u2019organisation des \u00e9lections pr\u00e9sidentielles et l\u00e9gislatives exige l\u2019inclusion et la participation de tous les acteurs sociopolitiques<\/em>\u00a0\u00bb, a-t-il d\u00e9clar\u00e9.<\/p>\n<p>L\u2019archev\u00eaque appelle \u00e0 l\u2019ouverture d\u2019un dialogue adapt\u00e9 pour garantir des \u00e9lections apais\u00e9es, cr\u00e9dibles et transparentes.<\/p>\n<p>\u00ab\u00a0<em>J\u2019invite humblement le CNRD (Comit\u00e9 National du Rassemblement pour le D\u00e9veloppement), le Gouvernement et les acteurs sociopolitiques \u00e0 accepter de se retrouver autour de la table du dialogue afin de concevoir ensemble les voies et moyens les plus appropri\u00e9s et les plus adapt\u00e9s \u00e0 la prise en compte des crises r\u00e9currentes qui ont marqu\u00e9 l\u2019histoire de notre pays, en vue de parvenir \u00e0 des \u00e9lections apais\u00e9es, cr\u00e9dibles et transparentes<\/em> \u00bb, a t-il lanc\u00e9<\/p>\n<p>&nbsp;<\/p>\n<p>Ledenonciateur224.com<\/p>\n","protected":false},"excerpt":{"rendered":"<p>Alors que la Guin\u00e9e entame une phase d\u00e9cisive dans son cheminement vers le retour \u00e0 l\u2019ordre constitutionnel, la voix de l\u2019\u00c9glise catholique se fait entendre avec force et sagesse. \u00c0 l\u2019occasion de la c\u00e9l\u00e9bration de P\u00e2ques, Monseigneur Vincent Koulibaly, Archev\u00eaque de Conakry, a solennellement interpell\u00e9 le Comit\u00e9 National du Rassemblement pour le D\u00e9veloppement (CNRD) et [&hellip;]<\/p>\n","protected":false},"author":2,"featured_media":2562,"comment_status":"open","ping_status":"open","sticky":false,"template":"","format":"standard","meta":{"_jetpack_memberships_contains_paid_content":false,"footnotes":"","jetpack_publicize_message":"","jetpack_publicize_feature_enabled":true,"jetpack_social_post_already_shared":true,"jetpack_social_options":{"image_generator_settings":{"template":"highway","default_image_id":0,"font":"","enabled":false},"version":2}},"categories":[30,24],"tags":[685,606,684],"class_list":{"0":"post-2561","1":"post","2":"type-post","3":"status-publish","4":"format-standard","5":"has-post-thumbnail","7":"category-faits-divers","8":"category-news","9":"tag-archeveque","10":"tag-transition-guinee","11":"tag-vincent-koulibaly"},"jetpack_publicize_connections":[],"jetpack_featured_media_url":"https:\/\/ledenonciateur224.com\/wp-content\/uploads\/2025\/04\/vincentk.jpeg","jetpack_sharing_enabled":true,"_links":{"self":[{"href":"https:\/\/ledenonciateur224.com\/index.php\/wp-json\/wp\/v2\/posts\/2561","targetHints":{"allow":["GET"]}}],"collection":[{"href":"https:\/\/ledenonciateur224.com\/index.php\/wp-json\/wp\/v2\/posts"}],"about":[{"href":"https:\/\/ledenonciateur224.com\/index.php\/wp-json\/wp\/v2\/types\/post"}],"author":[{"embeddable":true,"href":"https:\/\/ledenonciateur224.com\/index.php\/wp-json\/wp\/v2\/users\/2"}],"replies":[{"embeddable":true,"href":"https:\/\/ledenonciateur224.com\/index.php\/wp-json\/wp\/v2\/comments?post=2561"}],"version-history":[{"count":0,"href":"https:\/\/ledenonciateur224.com\/index.php\/wp-json\/wp\/v2\/posts\/2561\/revisions"}],"wp:featuredmedia":[{"embeddable":true,"href":"https:\/\/ledenonciateur224.com\/index.php\/wp-json\/wp\/v2\/media\/2562"}],"wp:attachment":[{"href":"https:\/\/ledenonciateur224.com\/index.php\/wp-json\/wp\/v2\/media?parent=2561"}],"wp:term":[{"taxonomy":"category","embeddable":true,"href":"https:\/\/ledenonciateur224.com\/index.php\/wp-json\/wp\/v2\/categories?post=2561"},{"taxonomy":"post_tag","embeddable":true,"href":"https:\/\/ledenonciateur224.com\/index.php\/wp-json\/wp\/v2\/tags?post=2561"}],"curies":[{"name":"wp","href":"https:\/\/api.w.org\/{rel}","templated":true}]}}