{"id":2567,"date":"2025-04-21T22:05:09","date_gmt":"2025-04-21T22:05:09","guid":{"rendered":"https:\/\/ledenonciateur224.com\/?p=2567"},"modified":"2025-04-21T22:05:09","modified_gmt":"2025-04-21T22:05:09","slug":"tensions-syndicales-le-secretaire-general-de-la-fspe-salifou-camara-incarcere-a-conakry","status":"publish","type":"post","link":"https:\/\/ledenonciateur224.com\/index.php\/tensions-syndicales-le-secretaire-general-de-la-fspe-salifou-camara-incarcere-a-conakry\/","title":{"rendered":"Tensions syndicales : le secr\u00e9taire g\u00e9n\u00e9ral de la FSPE, Salifou Camara, incarc\u00e9r\u00e9 \u00e0 Conakry"},"content":{"rendered":"<div dir=\"auto\">\n<p>Un climat de tension r\u00e8gne au sein du mouvement syndical guin\u00e9en. Le secr\u00e9taire g\u00e9n\u00e9ral de la F\u00e9d\u00e9ration Syndicale des Professionnels de l\u2019\u00c9ducation (FSPE), Salifou Camara, a \u00e9t\u00e9 arr\u00eat\u00e9 dans l\u2019apr\u00e8s-midi du vendredi 18 avril 2025, aux alentours de 17 heures, puis conduit \u00e0 la maison centrale de Coronthie \u00e0 Conakry.<\/p>\n<p>Selon les informations recueillies par nos confr\u00e8res d&rsquo;avenirguinee.org, cette arrestation d\u00e9coule d&rsquo;une plainte d\u00e9pos\u00e9e par le secr\u00e9taire g\u00e9n\u00e9ral de la Conf\u00e9d\u00e9ration Nationale des Travailleurs de Guin\u00e9e (CNTG), Amadou Diallo. Une source proche de la famille, jointe en d\u00e9but de soir\u00e9e ce lundi 21 avril, a confirm\u00e9 la d\u00e9tention du leader syndical.<\/p>\n<p>\u00ab Oui, je confirme. Depuis vendredi dernier, le camarade Salifou Camara a \u00e9t\u00e9 arr\u00eat\u00e9 et transf\u00e9r\u00e9 \u00e0 la maison centrale de Coronthie. Malgr\u00e9 les interventions de personnalit\u00e9s influentes comme le premier imam de la grande mosqu\u00e9e Fay\u00e7al, le Kountigui de la Basse Guin\u00e9e et d\u2019autres personnes ressources, Amadou Diallo a maintenu sa plainte, et le camarade a \u00e9t\u00e9 incarc\u00e9r\u00e9 \u00bb, a confi\u00e9 notre interlocuteur.<\/p>\n<p>Il pr\u00e9cise \u00e9galement que M. Camara, en plus de son r\u00f4le syndical, occupait les fonctions de directeur g\u00e9n\u00e9ral de l\u2019\u00e9cole primaire Hadja Aicha Bah. Depuis son arrestation, il a \u00e9t\u00e9 \u00e9cart\u00e9 de ce poste.<\/p>\n<p>\u00ab Nous pensions que ce diff\u00e9rend syndical devait se r\u00e9gler en interne, dans un cadre fraternel et syndical. Malheureusement, cela n\u2019a pas \u00e9t\u00e9 le cas. Aujourd\u2019hui, notre camarade est derri\u00e8re les barreaux. Nous demandons une m\u00e9diation urgente \u00bb, a-t-il ajout\u00e9.<\/p>\n<p>La m\u00eame source a lanc\u00e9 un appel pressant \u00e0 l\u2019endroit du ministre de l\u2019Enseignement pr\u00e9-universitaire et de l\u2019Alphab\u00e9tisation :<\/p>\n<p>\u00ab Nous interpellons le ministre. Salifou Camara est avant tout un enseignant. Il est de sa responsabilit\u00e9 morale d\u2019agir en faveur d\u2019un d\u00e9nouement apais\u00e9 de cette crise. \u00bb<\/p>\n<p>Pour rappel, le secr\u00e9taire g\u00e9n\u00e9ral de la FSPE est poursuivi pour insubordination et injures publiques \u00e0 l\u2019encontre du secr\u00e9taire g\u00e9n\u00e9ral de la CNTG, Amadou Diallo, ainsi que de certains autres responsables syndicaux.<\/p>\n<p>&nbsp;<\/p>\n<p>Ledenonciateur224.com<\/p>\n<\/div>\n<div dir=\"auto\"><\/div>\n","protected":false},"excerpt":{"rendered":"<p>Un climat de tension r\u00e8gne au sein du mouvement syndical guin\u00e9en. Le secr\u00e9taire g\u00e9n\u00e9ral de la F\u00e9d\u00e9ration Syndicale des Professionnels de l\u2019\u00c9ducation (FSPE), Salifou Camara, a \u00e9t\u00e9 arr\u00eat\u00e9 dans l\u2019apr\u00e8s-midi du vendredi 18 avril 2025, aux alentours de 17 heures, puis conduit \u00e0 la maison centrale de Coronthie \u00e0 Conakry. Selon les informations recueillies par [&hellip;]<\/p>\n","protected":false},"author":2,"featured_media":1810,"comment_status":"open","ping_status":"open","sticky":false,"template":"","format":"standard","meta":{"_jetpack_memberships_contains_paid_content":false,"footnotes":"","jetpack_publicize_message":"","jetpack_publicize_feature_enabled":true,"jetpack_social_post_already_shared":true,"jetpack_social_options":{"image_generator_settings":{"template":"highway","default_image_id":0,"font":"","enabled":false},"version":2}},"categories":[30,24],"tags":[686,460],"class_list":{"0":"post-2567","1":"post","2":"type-post","3":"status-publish","4":"format-standard","5":"has-post-thumbnail","7":"category-faits-divers","8":"category-news","9":"tag-camarade-salifou-camara","10":"tag-syndicat-guineen"},"jetpack_publicize_connections":[],"jetpack_featured_media_url":"https:\/\/ledenonciateur224.com\/wp-content\/uploads\/2025\/03\/salifou-camara-fspe-6250739e4dd5d.jpg","jetpack_sharing_enabled":true,"_links":{"self":[{"href":"https:\/\/ledenonciateur224.com\/index.php\/wp-json\/wp\/v2\/posts\/2567","targetHints":{"allow":["GET"]}}],"collection":[{"href":"https:\/\/ledenonciateur224.com\/index.php\/wp-json\/wp\/v2\/posts"}],"about":[{"href":"https:\/\/ledenonciateur224.com\/index.php\/wp-json\/wp\/v2\/types\/post"}],"author":[{"embeddable":true,"href":"https:\/\/ledenonciateur224.com\/index.php\/wp-json\/wp\/v2\/users\/2"}],"replies":[{"embeddable":true,"href":"https:\/\/ledenonciateur224.com\/index.php\/wp-json\/wp\/v2\/comments?post=2567"}],"version-history":[{"count":0,"href":"https:\/\/ledenonciateur224.com\/index.php\/wp-json\/wp\/v2\/posts\/2567\/revisions"}],"wp:featuredmedia":[{"embeddable":true,"href":"https:\/\/ledenonciateur224.com\/index.php\/wp-json\/wp\/v2\/media\/1810"}],"wp:attachment":[{"href":"https:\/\/ledenonciateur224.com\/index.php\/wp-json\/wp\/v2\/media?parent=2567"}],"wp:term":[{"taxonomy":"category","embeddable":true,"href":"https:\/\/ledenonciateur224.com\/index.php\/wp-json\/wp\/v2\/categories?post=2567"},{"taxonomy":"post_tag","embeddable":true,"href":"https:\/\/ledenonciateur224.com\/index.php\/wp-json\/wp\/v2\/tags?post=2567"}],"curies":[{"name":"wp","href":"https:\/\/api.w.org\/{rel}","templated":true}]}}