{"id":2569,"date":"2025-04-22T08:37:22","date_gmt":"2025-04-22T08:37:22","guid":{"rendered":"https:\/\/ledenonciateur224.com\/?p=2569"},"modified":"2025-04-22T08:37:22","modified_gmt":"2025-04-22T08:37:22","slug":"recensement-biometrique-les-femmes-de-guinee-se-mobilisent-a-fond","status":"publish","type":"post","link":"https:\/\/ledenonciateur224.com\/index.php\/recensement-biometrique-les-femmes-de-guinee-se-mobilisent-a-fond\/","title":{"rendered":"Recensement biom\u00e9trique : Les femmes de Guin\u00e9e se mobilisent \u00e0 fond\u00a0"},"content":{"rendered":"<div dir=\"auto\">Ce lundi 21 avril 2025, Conakry a v\u00e9cu un moment fort, un engagement citoyen marqu\u00e9 par la puissance f\u00e9minine. De 9h \u00e0 14h, le stade G\u00e9n\u00e9ral Lansana Cont\u00e9 de Nongo a r\u00e9sonn\u00e9 aux pas et aux voix de milliers de femmes venues des 13 communes de la capitale, r\u00e9unies autour d\u2019un objectif commun : \ud835\uddfd\ud835\uddff\ud835\uddf2\ud835\uddfb\ud835\uddf1\ud835\uddff\ud835\uddf2 \ud835\uddfd\ud835\uddee\ud835\uddff\ud835\ude01 \ud835\uddee\ud835\uddf0\ud835\ude01\ud835\uddf6\ud835\ude03\ud835\uddf2\ud835\uddfa\ud835\uddf2\ud835\uddfb\ud835\ude01 \ud835\uddee\ud835\ude02 \ud835\uddff\ud835\uddf2\ud835\uddf0\ud835\uddf2\ud835\uddfb\ud835\ude00\ud835\uddf2\ud835\uddfa\ud835\uddf2\ud835\uddfb\ud835\ude01 \ud835\uddef\ud835\uddf6\ud835\uddfc\ud835\uddfa\u00e9\ud835\ude01\ud835\uddff\ud835\uddf6\ud835\uddfe\ud835\ude02\ud835\uddf2.<\/div>\n<div dir=\"auto\"><\/div>\n<div dir=\"auto\"><img loading=\"lazy\" decoding=\"async\" class=\"alignnone size-full wp-image-2571\" src=\"https:\/\/ledenonciateur224.com\/wp-content\/uploads\/2025\/04\/img-20250422-wa0050.jpg\" alt=\"\" width=\"1280\" height=\"853\" srcset=\"https:\/\/ledenonciateur224.com\/wp-content\/uploads\/2025\/04\/img-20250422-wa0050.jpg 1280w, https:\/\/ledenonciateur224.com\/wp-content\/uploads\/2025\/04\/img-20250422-wa0050-300x200.jpg 300w, https:\/\/ledenonciateur224.com\/wp-content\/uploads\/2025\/04\/img-20250422-wa0050-1024x682.jpg 1024w, https:\/\/ledenonciateur224.com\/wp-content\/uploads\/2025\/04\/img-20250422-wa0050-768x512.jpg 768w, https:\/\/ledenonciateur224.com\/wp-content\/uploads\/2025\/04\/img-20250422-wa0050-150x100.jpg 150w, https:\/\/ledenonciateur224.com\/wp-content\/uploads\/2025\/04\/img-20250422-wa0050-696x464.jpg 696w, https:\/\/ledenonciateur224.com\/wp-content\/uploads\/2025\/04\/img-20250422-wa0050-1068x712.jpg 1068w, https:\/\/ledenonciateur224.com\/wp-content\/uploads\/2025\/04\/img-20250422-wa0050-630x420.jpg 630w\" sizes=\"auto, (max-width: 1280px) 100vw, 1280px\" \/><\/div>\n<div dir=\"auto\">Ce rassemblement exprime une volont\u00e9 claire : \u00ea\ud835\ude01\ud835\uddff\ud835\uddf2 \ud835\uddff\ud835\uddf2\ud835\uddf0\ud835\uddfc\ud835\uddfb\ud835\uddfb\ud835\ude02\ud835\uddf2\ud835\ude00, \ud835\uddf2\ud835\ude05\ud835\uddf6\ud835\ude00\ud835\ude01\ud835\uddf2\ud835\uddff \ud835\uddfc\ud835\uddf3\ud835\uddf3\ud835\uddf6\ud835\uddf0\ud835\uddf6\ud835\uddf2\ud835\uddf9\ud835\uddf9\ud835\uddf2\ud835\uddfa\ud835\uddf2\ud835\uddfb\ud835\ude01, \ud835\uddf2\ud835\ude01 \ud835\uddfd\ud835\uddf2\ud835\ude00\ud835\uddf2\ud835\uddff \ud835\uddf1\ud835\uddee\ud835\uddfb\ud835\ude00 \ud835\uddf9\ud835\uddf2\ud835\ude00 \ud835\uddf1\u00e9\ud835\uddf0\ud835\uddf6\ud835\ude00\ud835\uddf6\ud835\uddfc\ud835\uddfb\ud835\ude00 \ud835\uddfe\ud835\ude02\ud835\uddf6 \ud835\uddf3\ud835\uddee\u00e7\ud835\uddfc\ud835\uddfb\ud835\uddfb\ud835\uddf2\ud835\uddfb\ud835\ude01 \ud835\uddf9&rsquo;\ud835\uddee\ud835\ude03\ud835\uddf2\ud835\uddfb\ud835\uddf6\ud835\uddff \ud835\uddf1\ud835\ude02 \ud835\uddfd\ud835\uddee\ud835\ude06\ud835\ude00.<\/div>\n<div dir=\"auto\"><\/div>\n<div dir=\"auto\">\u00c0 travers cette mobilisation, les femmes de Guin\u00e9e affirment haut et fort leur place dans la construction d\u2019une d\u00e9mocratie plus inclusive, plus juste, et r\u00e9solument tourn\u00e9e vers l\u2019avenir. Ce sursaut citoyen s\u2019inscrit dans la vision du Pr\u00e9sident de la R\u00e9publique G\u00e9n\u00e9ral Mamadi Doumbouya, qui \u0153uvre \u00e0 garantir \u00e0 chaque Guin\u00e9en une \ud835\uddf6\ud835\uddf1\ud835\uddf2\ud835\uddfb\ud835\ude01\ud835\uddf6\ud835\ude01\u00e9 \ud835\ude02\ud835\uddfb\ud835\uddf6\ud835\uddfe\ud835\ude02\ud835\uddf2 \u2013 socle fondamental pour l\u2019exercice des droits civiques, notamment le droit de vote. Elles expriment aussi leur adh\u00e9sion aux id\u00e9aux port\u00e9s par le Pr\u00e9sident Mamadi Doumbouya, en particulier sa vision d\u2019un \u00c9tat fort, fond\u00e9 sur l\u2019identification de chaque citoyen. En se faisant enr\u00f4ler, elles soutiennent l\u2019ambition pr\u00e9sidentielle de b\u00e2tir une Guin\u00e9e, o\u00f9 chaque voix compte, chaque identit\u00e9 est reconnue, et chaque femme est actrice du changement.<\/div>\n<div dir=\"auto\"><\/div>\n<div dir=\"auto\">Madame la Ministre Charlotte Daff\u00e9, a salu\u00e9 cet engagement exceptionnel des femmes \u00ab Ce jour restera grav\u00e9 comme \ud835\uddf9\ud835\uddf2 \ud835\ude00\ud835\ude06\ud835\uddfa\ud835\uddef\ud835\uddfc\ud835\uddf9\ud835\uddf2 \ud835\uddf1&rsquo;\ud835\ude02\ud835\uddfb \ud835\uddff\u00e9\ud835\ude03\ud835\uddf2\ud835\uddf6\ud835\uddf9, \ud835\uddf1&rsquo;\ud835\ude02\ud835\uddfb \u00e9\ud835\uddf9\ud835\uddee\ud835\uddfb \ud835\uddf0\ud835\uddfc\ud835\uddf9\ud835\uddf9\ud835\uddf2\ud835\uddf0\ud835\ude01\ud835\uddf6\ud835\uddf3 \ud835\uddf2\ud835\ude01 \ud835\uddf1&rsquo;\ud835\ude02\ud835\uddfb \ud835\uddfa\ud835\uddf2\ud835\ude00\ud835\ude00\ud835\uddee\ud835\uddf4\ud835\uddf2 \ud835\uddf3\ud835\uddfc\ud835\uddff\ud835\ude01 : les femmes de Guin\u00e9e ne sont plus en marge, elles sont au c\u0153ur de l\u2019action. Elles montrent la voie, inspirent et ouvrent un nouveau chapitre de la citoyennet\u00e9 active.<\/div>\n<div dir=\"auto\"><\/div>\n<div dir=\"auto\"><\/div>\n<div dir=\"auto\">\ud835\udde0\ud835\uddf2\ud835\uddff\ud835\uddf0\ud835\uddf6 \u00e0 \ud835\ude01\ud835\uddfc\ud835\ude02\ud835\ude01\ud835\uddf2\ud835\ude00 \ud835\uddf0\ud835\uddf2\ud835\ude00 \ud835\uddf3\ud835\uddf2\ud835\uddfa\ud835\uddfa\ud835\uddf2\ud835\ude00 \ud835\uddfe\ud835\ude02\ud835\uddf6 \ud835\uddf3\ud835\uddfc\ud835\uddfb\ud835\ude01 \ud835\uddef\ud835\uddfc\ud835\ude02\ud835\uddf4\ud835\uddf2\ud835\uddff \ud835\uddf9\ud835\uddf2\ud835\ude00 \ud835\uddf9\ud835\uddf6\ud835\uddf4\ud835\uddfb\ud835\uddf2\ud835\ude00 \u00bb.<\/div>\n","protected":false},"excerpt":{"rendered":"<p>Ce lundi 21 avril 2025, Conakry a v\u00e9cu un moment fort, un engagement citoyen marqu\u00e9 par la puissance f\u00e9minine. De 9h \u00e0 14h, le stade G\u00e9n\u00e9ral Lansana Cont\u00e9 de Nongo a r\u00e9sonn\u00e9 aux pas et aux voix de milliers de femmes venues des 13 communes de la capitale, r\u00e9unies autour d\u2019un objectif commun : \ud835\uddfd\ud835\uddff\ud835\uddf2\ud835\uddfb\ud835\uddf1\ud835\uddff\ud835\uddf2 [&hellip;]<\/p>\n","protected":false},"author":2,"featured_media":2570,"comment_status":"open","ping_status":"open","sticky":false,"template":"","format":"standard","meta":{"_jetpack_memberships_contains_paid_content":false,"footnotes":"","jetpack_publicize_message":"","jetpack_publicize_feature_enabled":true,"jetpack_social_post_already_shared":true,"jetpack_social_options":{"image_generator_settings":{"template":"highway","default_image_id":0,"font":"","enabled":false},"version":2}},"categories":[30,24],"tags":[604,587],"class_list":{"0":"post-2569","1":"post","2":"type-post","3":"status-publish","4":"format-standard","5":"has-post-thumbnail","7":"category-faits-divers","8":"category-news","9":"tag-actualite-de-guinee","10":"tag-recensement-biometrique"},"jetpack_publicize_connections":[],"jetpack_featured_media_url":"https:\/\/ledenonciateur224.com\/wp-content\/uploads\/2025\/04\/img-20250422-wa0048.jpg","jetpack_sharing_enabled":true,"_links":{"self":[{"href":"https:\/\/ledenonciateur224.com\/index.php\/wp-json\/wp\/v2\/posts\/2569","targetHints":{"allow":["GET"]}}],"collection":[{"href":"https:\/\/ledenonciateur224.com\/index.php\/wp-json\/wp\/v2\/posts"}],"about":[{"href":"https:\/\/ledenonciateur224.com\/index.php\/wp-json\/wp\/v2\/types\/post"}],"author":[{"embeddable":true,"href":"https:\/\/ledenonciateur224.com\/index.php\/wp-json\/wp\/v2\/users\/2"}],"replies":[{"embeddable":true,"href":"https:\/\/ledenonciateur224.com\/index.php\/wp-json\/wp\/v2\/comments?post=2569"}],"version-history":[{"count":0,"href":"https:\/\/ledenonciateur224.com\/index.php\/wp-json\/wp\/v2\/posts\/2569\/revisions"}],"wp:featuredmedia":[{"embeddable":true,"href":"https:\/\/ledenonciateur224.com\/index.php\/wp-json\/wp\/v2\/media\/2570"}],"wp:attachment":[{"href":"https:\/\/ledenonciateur224.com\/index.php\/wp-json\/wp\/v2\/media?parent=2569"}],"wp:term":[{"taxonomy":"category","embeddable":true,"href":"https:\/\/ledenonciateur224.com\/index.php\/wp-json\/wp\/v2\/categories?post=2569"},{"taxonomy":"post_tag","embeddable":true,"href":"https:\/\/ledenonciateur224.com\/index.php\/wp-json\/wp\/v2\/tags?post=2569"}],"curies":[{"name":"wp","href":"https:\/\/api.w.org\/{rel}","templated":true}]}}