{"id":2573,"date":"2025-04-22T15:20:25","date_gmt":"2025-04-22T15:20:25","guid":{"rendered":"https:\/\/ledenonciateur224.com\/?p=2573"},"modified":"2025-04-22T15:20:25","modified_gmt":"2025-04-22T15:20:25","slug":"proces-en-appel-de-mamadou-aliou-bah-le-parquet-requiert-cinq-ans-de-prison","status":"publish","type":"post","link":"https:\/\/ledenonciateur224.com\/index.php\/proces-en-appel-de-mamadou-aliou-bah-le-parquet-requiert-cinq-ans-de-prison\/","title":{"rendered":"Proc\u00e8s en appel de Mamadou Aliou Bah : le parquet requiert cinq ans de prison"},"content":{"rendered":"<p>Ce mardi 22 avril 2025, la Cour d\u2019Appel de Conakry a franchi une \u00e9tape d\u00e9cisive dans le proc\u00e8s en appel de Mamadou Aliou Bah, leader du parti Model, jug\u00e9 pour des faits d&rsquo;offense et de diffamation \u00e0 l\u2019encontre du pr\u00e9sident de la R\u00e9publique. Apr\u00e8s la cl\u00f4ture des d\u00e9bats, l\u2019audience a abord\u00e9 la phase finale avec les r\u00e9quisitions et plaidoiries. Le procureur g\u00e9n\u00e9ral, Fallou Doumbouya, a requis une peine de cinq ans d\u2019emprisonnement, bien plus lourde que les deux ans prononc\u00e9s en premi\u00e8re instance le 7 janvier dernier. Au moment de la r\u00e9daction de cette d\u00e9p\u00eache, la parole \u00e9tait \u00e0 la d\u00e9fense, qui plaidait en faveur de l&rsquo;acquittement ou d&rsquo;une r\u00e9duction de la peine.<\/p>\n<p>Ledenonciateur224.com<\/p>\n","protected":false},"excerpt":{"rendered":"<p>Ce mardi 22 avril 2025, la Cour d\u2019Appel de Conakry a franchi une \u00e9tape d\u00e9cisive dans le proc\u00e8s en appel de Mamadou Aliou Bah, leader du parti Model, jug\u00e9 pour des faits d&rsquo;offense et de diffamation \u00e0 l\u2019encontre du pr\u00e9sident de la R\u00e9publique. Apr\u00e8s la cl\u00f4ture des d\u00e9bats, l\u2019audience a abord\u00e9 la phase finale avec [&hellip;]<\/p>\n","protected":false},"author":2,"featured_media":2328,"comment_status":"open","ping_status":"open","sticky":false,"template":"","format":"standard","meta":{"_jetpack_memberships_contains_paid_content":false,"footnotes":"","jetpack_publicize_message":"","jetpack_publicize_feature_enabled":true,"jetpack_social_post_already_shared":true,"jetpack_social_options":{"image_generator_settings":{"template":"highway","default_image_id":0,"font":"","enabled":false},"version":2}},"categories":[30,24],"tags":[652],"class_list":{"0":"post-2573","1":"post","2":"type-post","3":"status-publish","4":"format-standard","5":"has-post-thumbnail","7":"category-faits-divers","8":"category-news","9":"tag-affaire-aliou-bah"},"jetpack_publicize_connections":[],"jetpack_featured_media_url":"https:\/\/ledenonciateur224.com\/wp-content\/uploads\/2025\/04\/fb-img-1744215262403.jpg","jetpack_sharing_enabled":true,"_links":{"self":[{"href":"https:\/\/ledenonciateur224.com\/index.php\/wp-json\/wp\/v2\/posts\/2573","targetHints":{"allow":["GET"]}}],"collection":[{"href":"https:\/\/ledenonciateur224.com\/index.php\/wp-json\/wp\/v2\/posts"}],"about":[{"href":"https:\/\/ledenonciateur224.com\/index.php\/wp-json\/wp\/v2\/types\/post"}],"author":[{"embeddable":true,"href":"https:\/\/ledenonciateur224.com\/index.php\/wp-json\/wp\/v2\/users\/2"}],"replies":[{"embeddable":true,"href":"https:\/\/ledenonciateur224.com\/index.php\/wp-json\/wp\/v2\/comments?post=2573"}],"version-history":[{"count":0,"href":"https:\/\/ledenonciateur224.com\/index.php\/wp-json\/wp\/v2\/posts\/2573\/revisions"}],"wp:featuredmedia":[{"embeddable":true,"href":"https:\/\/ledenonciateur224.com\/index.php\/wp-json\/wp\/v2\/media\/2328"}],"wp:attachment":[{"href":"https:\/\/ledenonciateur224.com\/index.php\/wp-json\/wp\/v2\/media?parent=2573"}],"wp:term":[{"taxonomy":"category","embeddable":true,"href":"https:\/\/ledenonciateur224.com\/index.php\/wp-json\/wp\/v2\/categories?post=2573"},{"taxonomy":"post_tag","embeddable":true,"href":"https:\/\/ledenonciateur224.com\/index.php\/wp-json\/wp\/v2\/tags?post=2573"}],"curies":[{"name":"wp","href":"https:\/\/api.w.org\/{rel}","templated":true}]}}