{"id":2578,"date":"2025-04-23T08:06:07","date_gmt":"2025-04-23T08:06:07","guid":{"rendered":"https:\/\/ledenonciateur224.com\/?p=2578"},"modified":"2025-04-23T08:06:07","modified_gmt":"2025-04-23T08:06:07","slug":"conakry-vers-un-acces-universel-a-leau-potable-un-financement-historique-de-500-millions-deuros-qui-consacre-la-vision-strategique-du-gouvernement-guineen","status":"publish","type":"post","link":"https:\/\/ledenonciateur224.com\/index.php\/conakry-vers-un-acces-universel-a-leau-potable-un-financement-historique-de-500-millions-deuros-qui-consacre-la-vision-strategique-du-gouvernement-guineen\/","title":{"rendered":"Conakry vers un acc\u00e8s universel \u00e0 l\u2019eau potable : Un financement historique de 500 millions d\u2019euros qui consacre la vision strat\u00e9gique du gouvernement guin\u00e9en"},"content":{"rendered":"<div dir=\"auto\">Dans un contexte mondial o\u00f9 les financements pour les infrastructures de base deviennent de plus en plus comp\u00e9titifs, la Guin\u00e9e vient d\u2019inscrire une nouvelle page dans l\u2019histoire de sa diplomatie de d\u00e9veloppement. Gr\u00e2ce \u00e0 un leadership affirm\u00e9, une planification rigoureuse et une mobilisation multisectorielle, le pays a r\u00e9ussi \u00e0 s\u00e9curiser un financement historique de 500 millions d\u2019euros pour la deuxi\u00e8me phase du Sch\u00e9ma Directeur d\u2019Alimentation en Eau Potable (AEP) du Grand Conakry.<\/div>\n<div dir=\"auto\"><img loading=\"lazy\" decoding=\"async\" class=\"alignnone size-full wp-image-2580\" src=\"https:\/\/ledenonciateur224.com\/wp-content\/uploads\/2025\/04\/img-20250422-wa0104.jpg\" alt=\"\" width=\"1280\" height=\"774\" srcset=\"https:\/\/ledenonciateur224.com\/wp-content\/uploads\/2025\/04\/img-20250422-wa0104.jpg 1280w, https:\/\/ledenonciateur224.com\/wp-content\/uploads\/2025\/04\/img-20250422-wa0104-300x181.jpg 300w, https:\/\/ledenonciateur224.com\/wp-content\/uploads\/2025\/04\/img-20250422-wa0104-1024x619.jpg 1024w, https:\/\/ledenonciateur224.com\/wp-content\/uploads\/2025\/04\/img-20250422-wa0104-768x464.jpg 768w, https:\/\/ledenonciateur224.com\/wp-content\/uploads\/2025\/04\/img-20250422-wa0104-150x91.jpg 150w, https:\/\/ledenonciateur224.com\/wp-content\/uploads\/2025\/04\/img-20250422-wa0104-696x421.jpg 696w, https:\/\/ledenonciateur224.com\/wp-content\/uploads\/2025\/04\/img-20250422-wa0104-1068x646.jpg 1068w, https:\/\/ledenonciateur224.com\/wp-content\/uploads\/2025\/04\/img-20250422-wa0104-695x420.jpg 695w\" sizes=\"auto, (max-width: 1280px) 100vw, 1280px\" \/><\/div>\n<div dir=\"auto\"><\/div>\n<div dir=\"auto\">Le Ministre de l\u2019\u00c9nergie, de l\u2019Hydraulique et des Hydrocarbures, Aboubacar Camara, joue ici un r\u00f4le central et d\u00e9terminant. Depuis plusieurs mois, son d\u00e9partement pilote avec minutie les discussions techniques et financi\u00e8res autour de ce projet structurant. C\u2019est gr\u00e2ce \u00e0 son engagement constant, son expertise et sa vision strat\u00e9gique que le projet a pu franchir ce cap d\u00e9cisif. La rigueur dans la pr\u00e9paration des dossiers, l\u2019efficacit\u00e9 dans la coordination interinstitutionnelle et la capacit\u00e9 \u00e0 dialoguer avec des partenaires internationaux de haut niveau sont autant de leviers qu\u2019il a su actionner avec brio.<\/div>\n<div dir=\"auto\"><img loading=\"lazy\" decoding=\"async\" class=\"alignnone size-full wp-image-2581\" src=\"https:\/\/ledenonciateur224.com\/wp-content\/uploads\/2025\/04\/img-20250422-wa0106.jpg\" alt=\"\" width=\"1280\" height=\"940\" srcset=\"https:\/\/ledenonciateur224.com\/wp-content\/uploads\/2025\/04\/img-20250422-wa0106.jpg 1280w, https:\/\/ledenonciateur224.com\/wp-content\/uploads\/2025\/04\/img-20250422-wa0106-300x220.jpg 300w, https:\/\/ledenonciateur224.com\/wp-content\/uploads\/2025\/04\/img-20250422-wa0106-1024x752.jpg 1024w, https:\/\/ledenonciateur224.com\/wp-content\/uploads\/2025\/04\/img-20250422-wa0106-768x564.jpg 768w, https:\/\/ledenonciateur224.com\/wp-content\/uploads\/2025\/04\/img-20250422-wa0106-150x110.jpg 150w, https:\/\/ledenonciateur224.com\/wp-content\/uploads\/2025\/04\/img-20250422-wa0106-696x511.jpg 696w, https:\/\/ledenonciateur224.com\/wp-content\/uploads\/2025\/04\/img-20250422-wa0106-1068x784.jpg 1068w, https:\/\/ledenonciateur224.com\/wp-content\/uploads\/2025\/04\/img-20250422-wa0106-572x420.jpg 572w, https:\/\/ledenonciateur224.com\/wp-content\/uploads\/2025\/04\/img-20250422-wa0106-80x60.jpg 80w\" sizes=\"auto, (max-width: 1280px) 100vw, 1280px\" \/><\/div>\n<div dir=\"auto\"><\/div>\n<div dir=\"auto\">Il faut rappeler que cette nouvelle mobilisation s\u2019ajoute aux 210 millions de dollars US de la Banque mondiale et aux 220 millions d\u2019euros d\u00e9j\u00e0 accord\u00e9s par la Banque Europ\u00e9enne d\u2019Investissement (BEI) pour la phase 1. Cette seconde phase, port\u00e9e par l\u2019op\u00e9rateur KEC International et appuy\u00e9e par la facilit\u00e9 de cr\u00e9dit d\u2019Euler Hermes au nom de Deutsche Bank, permettra de doubler la capacit\u00e9 de production d\u2019eau potable \u00e0 Conakry, la faisant passer de 200 000 m\u00b3\/jour \u00e0 400 000 m\u00b3\/jour.<\/div>\n<div dir=\"auto\"><\/div>\n<div dir=\"auto\">Le Ministre Aboubacar Camara, en synergie avec son coll\u00e8gue du Plan et de la Coop\u00e9ration Internationale, a su impulser une dynamique diplomatique audacieuse et technique rigoureuse, notamment en marge du Forum Innovant des Agences de Cr\u00e9dit \u00e0 l\u2019Exportation. R\u00e9sultat : des institutions financi\u00e8res majeures comme Citibank, Soci\u00e9t\u00e9 G\u00e9n\u00e9rale ou encore Santander ont \u00e9t\u00e9 convaincues de rejoindre cette aventure ambitieuse.<\/div>\n<div dir=\"auto\"><\/div>\n<div dir=\"auto\"><\/div>\n<div dir=\"auto\">Ce projet, inscrit dans la vision 2040 du Chef de l\u2019\u00c9tat, le G\u00e9n\u00e9ral Mamadi Doumbouya, traduit une volont\u00e9 claire de r\u00e9pondre durablement aux besoins des populations et de transformer les conditions de vie \u00e0 travers des actions concr\u00e8tes. L\u2019acc\u00e8s \u00e0 l\u2019eau potable \u00e0 Conakry n\u2019est plus un r\u00eave : c\u2019est un engagement structur\u00e9, financ\u00e9, et d\u00e9sormais en marche.<\/div>\n<div dir=\"auto\"><\/div>\n<div dir=\"auto\"><\/div>\n<div dir=\"auto\">S\u00e9kou Kaba, Communicant<\/div>\n","protected":false},"excerpt":{"rendered":"<p>Dans un contexte mondial o\u00f9 les financements pour les infrastructures de base deviennent de plus en plus comp\u00e9titifs, la Guin\u00e9e vient d\u2019inscrire une nouvelle page dans l\u2019histoire de sa diplomatie de d\u00e9veloppement. Gr\u00e2ce \u00e0 un leadership affirm\u00e9, une planification rigoureuse et une mobilisation multisectorielle, le pays a r\u00e9ussi \u00e0 s\u00e9curiser un financement historique de 500 [&hellip;]<\/p>\n","protected":false},"author":2,"featured_media":2579,"comment_status":"open","ping_status":"open","sticky":false,"template":"","format":"standard","meta":{"_jetpack_memberships_contains_paid_content":false,"footnotes":"","jetpack_publicize_message":"","jetpack_publicize_feature_enabled":true,"jetpack_social_post_already_shared":true,"jetpack_social_options":{"image_generator_settings":{"template":"highway","default_image_id":0,"font":"","enabled":false},"version":2}},"categories":[29,24],"tags":[688,673,687],"class_list":{"0":"post-2578","1":"post","2":"type-post","3":"status-publish","4":"format-standard","5":"has-post-thumbnail","7":"category-economie","8":"category-news","9":"tag-aboubacar-camara","10":"tag-eaux-de-guinee","11":"tag-ministre"},"jetpack_publicize_connections":[],"jetpack_featured_media_url":"https:\/\/ledenonciateur224.com\/wp-content\/uploads\/2025\/04\/img-20250422-wa0105.jpg","jetpack_sharing_enabled":true,"_links":{"self":[{"href":"https:\/\/ledenonciateur224.com\/index.php\/wp-json\/wp\/v2\/posts\/2578","targetHints":{"allow":["GET"]}}],"collection":[{"href":"https:\/\/ledenonciateur224.com\/index.php\/wp-json\/wp\/v2\/posts"}],"about":[{"href":"https:\/\/ledenonciateur224.com\/index.php\/wp-json\/wp\/v2\/types\/post"}],"author":[{"embeddable":true,"href":"https:\/\/ledenonciateur224.com\/index.php\/wp-json\/wp\/v2\/users\/2"}],"replies":[{"embeddable":true,"href":"https:\/\/ledenonciateur224.com\/index.php\/wp-json\/wp\/v2\/comments?post=2578"}],"version-history":[{"count":0,"href":"https:\/\/ledenonciateur224.com\/index.php\/wp-json\/wp\/v2\/posts\/2578\/revisions"}],"wp:featuredmedia":[{"embeddable":true,"href":"https:\/\/ledenonciateur224.com\/index.php\/wp-json\/wp\/v2\/media\/2579"}],"wp:attachment":[{"href":"https:\/\/ledenonciateur224.com\/index.php\/wp-json\/wp\/v2\/media?parent=2578"}],"wp:term":[{"taxonomy":"category","embeddable":true,"href":"https:\/\/ledenonciateur224.com\/index.php\/wp-json\/wp\/v2\/categories?post=2578"},{"taxonomy":"post_tag","embeddable":true,"href":"https:\/\/ledenonciateur224.com\/index.php\/wp-json\/wp\/v2\/tags?post=2578"}],"curies":[{"name":"wp","href":"https:\/\/api.w.org\/{rel}","templated":true}]}}