{"id":2625,"date":"2025-04-26T15:26:43","date_gmt":"2025-04-26T15:26:43","guid":{"rendered":"https:\/\/ledenonciateur224.com\/?p=2625"},"modified":"2025-04-26T15:26:43","modified_gmt":"2025-04-26T15:26:43","slug":"mamou-le-general-amara-camara-fustige-les-discours-communautaristes-de-certains-leaders-politiques","status":"publish","type":"post","link":"https:\/\/ledenonciateur224.com\/index.php\/mamou-le-general-amara-camara-fustige-les-discours-communautaristes-de-certains-leaders-politiques\/","title":{"rendered":"Mamou : le G\u00e9n\u00e9ral Amara Camara fustige les discours communautaristes de certains leaders politiques"},"content":{"rendered":"<p>En marge d\u2019un meeting tenu ce samedi 26 avril 2025 \u00e0 Mamou, \u00e0 l\u2019issue de la marche de l\u2019unit\u00e9 et du rassemblement autour des acquis du CNRD, le ministre Secr\u00e9taire g\u00e9n\u00e9ral de la Pr\u00e9sidence, G\u00e9n\u00e9ral Amara Camara, a lanc\u00e9 un message fort. Devant une foule nombreuse r\u00e9unie sur l\u2019esplanade de la place des martyrs, il a d\u00e9nonc\u00e9 les agissements de certains acteurs politiques qu\u2019il accuse d\u2019attiser les divisions communautaires. Il a appel\u00e9 \u00e0 un sursaut collectif pour pr\u00e9server la paix et renforcer la coh\u00e9sion nationale.<\/p>\n<p>\u00ab\u00a0<em>Notre magnifique r\u00e9gion de la moyenne Guin\u00e9e a longtemps \u00e9t\u00e9 per\u00e7ue comme un bastion de r\u00e9sistance face aux \u00e9volutions politiques de notre pays. Mais aujourd\u2019hui nous nous rassemblons pour une transformation profonde de notre soci\u00e9t\u00e9 sous le leadership du pr\u00e9sident Mamadi Doumbouya. Un v\u00e9ritable changement de paradigme est en cours, les habitants de la r\u00e9gion, notamment de Mamou continuent de renforcer leur conviction de leur r\u00f4le essentiel dans la construction d\u2019un avenir pacifique et solidaire. Il est crucial de reconna\u00eetre cette \u00e9volution.<\/em><em>\u00a0Je souhaite d\u00e9noncer certains\u2026dans notre soci\u00e9t\u00e9, notamment ceux qui se cachent derri\u00e8re des identit\u00e9s culturelles pour semer la division. Aujourd\u2019hui, Mamou la ville-carrefour nous montre qu\u2019il n\u2019est plus possible de nous diviser\u00a0:\u00a0La Guin\u00e9e reste et demeure une famille. Il est d\u00e9plorable que certains se r\u00e9clamant de la communaut\u00e9 peuhle oublient \u00e7a, choisissent d\u2019aggraver la souffrance de nos compatriotes et de nos paisibles citoyens\u00a0<\/em>\u00bb, a-t-il d\u00e9plor\u00e9.<\/p>\n<p><img loading=\"lazy\" decoding=\"async\" class=\"alignnone size-full wp-image-2626\" src=\"https:\/\/ledenonciateur224.com\/wp-content\/uploads\/2025\/04\/fb-img-1745680912735.jpg\" alt=\"\" width=\"720\" height=\"540\" srcset=\"https:\/\/ledenonciateur224.com\/wp-content\/uploads\/2025\/04\/fb-img-1745680912735.jpg 720w, https:\/\/ledenonciateur224.com\/wp-content\/uploads\/2025\/04\/fb-img-1745680912735-300x225.jpg 300w, https:\/\/ledenonciateur224.com\/wp-content\/uploads\/2025\/04\/fb-img-1745680912735-150x113.jpg 150w, https:\/\/ledenonciateur224.com\/wp-content\/uploads\/2025\/04\/fb-img-1745680912735-696x522.jpg 696w, https:\/\/ledenonciateur224.com\/wp-content\/uploads\/2025\/04\/fb-img-1745680912735-560x420.jpg 560w, https:\/\/ledenonciateur224.com\/wp-content\/uploads\/2025\/04\/fb-img-1745680912735-80x60.jpg 80w, https:\/\/ledenonciateur224.com\/wp-content\/uploads\/2025\/04\/fb-img-1745680912735-265x198.jpg 265w\" sizes=\"auto, (max-width: 720px) 100vw, 720px\" \/><\/p>\n<p>Le G\u00e9n\u00e9ral Amara Camara encha\u00eene, soulignant que cela va \u00e0 l\u2019encontre des valeurs de la R\u00e9publique, des valeurs de solidarit\u00e9 et d\u2019harmonie qui devaient unir. \u00ab\u00a0<em>Ces actes compromettent l\u2019int\u00e9grit\u00e9 de notre tissu social. Je rappelle \u00e0 chacun que notre identit\u00e9 culturelle est notre source de richesse et de libert\u00e9. Elle ne doit pas \u00eatre un instrument de manipulation. En tant qu\u2019enfants de cette r\u00e9gion, nous devons continuer de d\u00e9noncer l\u2019exploitation de notre culture pour renforcer la discorde. Ces comportements entrainent des cons\u00e9quences d\u00e9vastatrices, engendrent des tensions sociales et affaiblissent notre capacit\u00e9 \u00e0 nous unir.<\/em>\u00a0<em>Construire un \u00e9difice est tr\u00e8s difficile. Nous ne devons pas pour des raisons personnelles d\u00e9truire simplement pour nous faire entendre. Nous devons tous \u00eatre des acteurs de d\u00e9veloppement de notre pays.\u00a0 C\u2019est un appel au sens de la responsabilit\u00e9 individuel et collective que je lance<\/em>\u00a0\u00bb, a-t-il martel\u00e9.<\/p>\n<p>&nbsp;<\/p>\n<p>Alpha Soumah pour Ledenonciateur224.com<\/p>\n","protected":false},"excerpt":{"rendered":"<p>En marge d\u2019un meeting tenu ce samedi 26 avril 2025 \u00e0 Mamou, \u00e0 l\u2019issue de la marche de l\u2019unit\u00e9 et du rassemblement autour des acquis du CNRD, le ministre Secr\u00e9taire g\u00e9n\u00e9ral de la Pr\u00e9sidence, G\u00e9n\u00e9ral Amara Camara, a lanc\u00e9 un message fort. Devant une foule nombreuse r\u00e9unie sur l\u2019esplanade de la place des martyrs, il [&hellip;]<\/p>\n","protected":false},"author":2,"featured_media":2627,"comment_status":"open","ping_status":"open","sticky":false,"template":"","format":"standard","meta":{"_jetpack_memberships_contains_paid_content":false,"footnotes":"","jetpack_publicize_message":"","jetpack_publicize_feature_enabled":true,"jetpack_social_post_already_shared":true,"jetpack_social_options":{"image_generator_settings":{"template":"highway","default_image_id":0,"font":"","enabled":false},"version":2}},"categories":[24,27,33],"tags":[700,520,295],"class_list":{"0":"post-2625","1":"post","2":"type-post","3":"status-publish","4":"format-standard","5":"has-post-thumbnail","7":"category-news","8":"category-politique","9":"category-region","10":"tag-mamou-ville","11":"tag-mouvement","12":"tag-general-amara-camara"},"jetpack_publicize_connections":[],"jetpack_featured_media_url":"https:\/\/ledenonciateur224.com\/wp-content\/uploads\/2025\/04\/amara-a-mamou-768x432-1.jpeg","jetpack_sharing_enabled":true,"_links":{"self":[{"href":"https:\/\/ledenonciateur224.com\/index.php\/wp-json\/wp\/v2\/posts\/2625","targetHints":{"allow":["GET"]}}],"collection":[{"href":"https:\/\/ledenonciateur224.com\/index.php\/wp-json\/wp\/v2\/posts"}],"about":[{"href":"https:\/\/ledenonciateur224.com\/index.php\/wp-json\/wp\/v2\/types\/post"}],"author":[{"embeddable":true,"href":"https:\/\/ledenonciateur224.com\/index.php\/wp-json\/wp\/v2\/users\/2"}],"replies":[{"embeddable":true,"href":"https:\/\/ledenonciateur224.com\/index.php\/wp-json\/wp\/v2\/comments?post=2625"}],"version-history":[{"count":0,"href":"https:\/\/ledenonciateur224.com\/index.php\/wp-json\/wp\/v2\/posts\/2625\/revisions"}],"wp:featuredmedia":[{"embeddable":true,"href":"https:\/\/ledenonciateur224.com\/index.php\/wp-json\/wp\/v2\/media\/2627"}],"wp:attachment":[{"href":"https:\/\/ledenonciateur224.com\/index.php\/wp-json\/wp\/v2\/media?parent=2625"}],"wp:term":[{"taxonomy":"category","embeddable":true,"href":"https:\/\/ledenonciateur224.com\/index.php\/wp-json\/wp\/v2\/categories?post=2625"},{"taxonomy":"post_tag","embeddable":true,"href":"https:\/\/ledenonciateur224.com\/index.php\/wp-json\/wp\/v2\/tags?post=2625"}],"curies":[{"name":"wp","href":"https:\/\/api.w.org\/{rel}","templated":true}]}}