{"id":2629,"date":"2025-04-26T17:05:07","date_gmt":"2025-04-26T17:05:07","guid":{"rendered":"https:\/\/ledenonciateur224.com\/?p=2629"},"modified":"2025-04-26T17:05:07","modified_gmt":"2025-04-26T17:05:07","slug":"mamou-une-invasion-dabeilles-perturbe-un-rassemblement-en-soutien-au-general-doumbouya","status":"publish","type":"post","link":"https:\/\/ledenonciateur224.com\/index.php\/mamou-une-invasion-dabeilles-perturbe-un-rassemblement-en-soutien-au-general-doumbouya\/","title":{"rendered":"Mamou : une invasion d\u2019abeilles perturbe un rassemblement en soutien au G\u00e9n\u00e9ral Doumbouya"},"content":{"rendered":"<p>Un incident inattendu a marqu\u00e9 le rassemblement de soutien au chef de l\u2019\u00c9tat, le G\u00e9n\u00e9ral Mamadi Doumbouya, ce samedi \u00e0 Mamou. Vers 15 heures, alors que les autorit\u00e9s locales et des centaines de citoyens \u00e9taient r\u00e9unis devant la Maison des jeunes pour exprimer leur reconnaissance au pr\u00e9sident de la transition, une attaque d\u2019abeilles a sem\u00e9 la panique.<\/p>\n<p>L\u2019atmosph\u00e8re, jusque-l\u00e0 festive et marqu\u00e9e par les prestations d\u2019artistes populaires comme Lama Sidib\u00e9 et Binta Lady Sow, a brusquement bascul\u00e9. Un bourdonnement inqui\u00e9tant a envahi les lieux, suivi par l\u2019irruption soudaine d\u2019un essaim d\u2019abeilles. Plusieurs jeunes filles se sont \u00e9vanouies, provoquant un vent de panique au sein de la foule.<\/p>\n<p><img loading=\"lazy\" decoding=\"async\" class=\"alignnone size-full wp-image-2630\" src=\"https:\/\/ledenonciateur224.com\/wp-content\/uploads\/2025\/04\/screenshot-20250426-164117-facebook.jpg\" alt=\"\" width=\"720\" height=\"334\" srcset=\"https:\/\/ledenonciateur224.com\/wp-content\/uploads\/2025\/04\/screenshot-20250426-164117-facebook.jpg 720w, https:\/\/ledenonciateur224.com\/wp-content\/uploads\/2025\/04\/screenshot-20250426-164117-facebook-300x139.jpg 300w, https:\/\/ledenonciateur224.com\/wp-content\/uploads\/2025\/04\/screenshot-20250426-164117-facebook-150x70.jpg 150w, https:\/\/ledenonciateur224.com\/wp-content\/uploads\/2025\/04\/screenshot-20250426-164117-facebook-696x323.jpg 696w\" sizes=\"auto, (max-width: 720px) 100vw, 720px\" \/><\/p>\n<p>Peu apr\u00e8s le d\u00e9part de la d\u00e9l\u00e9gation officielle, une seconde vague de malaises a \u00e9t\u00e9 signal\u00e9e. Si le nombre exact de personnes touch\u00e9es reste encore inconnu, les secours ont rapidement \u00e9t\u00e9 d\u00e9ploy\u00e9s. Trois ambulances ainsi que des v\u00e9hicules de particuliers ont \u00e9t\u00e9 mobilis\u00e9s pour \u00e9vacuer les victimes vers l\u2019h\u00f4pital r\u00e9gional de Mamou, o\u00f9 elles ont re\u00e7u les premiers soins.<\/p>\n<p>L\u2019origine de cette attaque d\u2019abeilles reste pour le moment inexpliqu\u00e9e, mais l\u2019incident relance les d\u00e9bats sur la s\u00e9curit\u00e9 des rassemblements publics en plein air.<\/p>\n<p>Alpha Soumah depuis Mamou pour Ledenonciateur224.com<\/p>\n","protected":false},"excerpt":{"rendered":"<p>Un incident inattendu a marqu\u00e9 le rassemblement de soutien au chef de l\u2019\u00c9tat, le G\u00e9n\u00e9ral Mamadi Doumbouya, ce samedi \u00e0 Mamou. Vers 15 heures, alors que les autorit\u00e9s locales et des centaines de citoyens \u00e9taient r\u00e9unis devant la Maison des jeunes pour exprimer leur reconnaissance au pr\u00e9sident de la transition, une attaque d\u2019abeilles a sem\u00e9 [&hellip;]<\/p>\n","protected":false},"author":2,"featured_media":2631,"comment_status":"open","ping_status":"open","sticky":false,"template":"","format":"standard","meta":{"_jetpack_memberships_contains_paid_content":false,"footnotes":"","jetpack_publicize_message":"","jetpack_publicize_feature_enabled":true,"jetpack_social_post_already_shared":true,"jetpack_social_options":{"image_generator_settings":{"template":"highway","default_image_id":0,"font":"","enabled":false},"version":2}},"categories":[30,24,33],"tags":[701,700,675],"class_list":{"0":"post-2629","1":"post","2":"type-post","3":"status-publish","4":"format-standard","5":"has-post-thumbnail","7":"category-faits-divers","8":"category-news","9":"category-region","10":"tag-evenement-politique","11":"tag-mamou-ville","12":"tag-mouvements-de-soutien"},"jetpack_publicize_connections":[],"jetpack_featured_media_url":"https:\/\/ledenonciateur224.com\/wp-content\/uploads\/2025\/04\/screenshot-20250426-164108-facebook.jpg","jetpack_sharing_enabled":true,"_links":{"self":[{"href":"https:\/\/ledenonciateur224.com\/index.php\/wp-json\/wp\/v2\/posts\/2629","targetHints":{"allow":["GET"]}}],"collection":[{"href":"https:\/\/ledenonciateur224.com\/index.php\/wp-json\/wp\/v2\/posts"}],"about":[{"href":"https:\/\/ledenonciateur224.com\/index.php\/wp-json\/wp\/v2\/types\/post"}],"author":[{"embeddable":true,"href":"https:\/\/ledenonciateur224.com\/index.php\/wp-json\/wp\/v2\/users\/2"}],"replies":[{"embeddable":true,"href":"https:\/\/ledenonciateur224.com\/index.php\/wp-json\/wp\/v2\/comments?post=2629"}],"version-history":[{"count":0,"href":"https:\/\/ledenonciateur224.com\/index.php\/wp-json\/wp\/v2\/posts\/2629\/revisions"}],"wp:featuredmedia":[{"embeddable":true,"href":"https:\/\/ledenonciateur224.com\/index.php\/wp-json\/wp\/v2\/media\/2631"}],"wp:attachment":[{"href":"https:\/\/ledenonciateur224.com\/index.php\/wp-json\/wp\/v2\/media?parent=2629"}],"wp:term":[{"taxonomy":"category","embeddable":true,"href":"https:\/\/ledenonciateur224.com\/index.php\/wp-json\/wp\/v2\/categories?post=2629"},{"taxonomy":"post_tag","embeddable":true,"href":"https:\/\/ledenonciateur224.com\/index.php\/wp-json\/wp\/v2\/tags?post=2629"}],"curies":[{"name":"wp","href":"https:\/\/api.w.org\/{rel}","templated":true}]}}