{"id":2633,"date":"2025-04-26T22:54:29","date_gmt":"2025-04-26T22:54:29","guid":{"rendered":"https:\/\/ledenonciateur224.com\/?p=2633"},"modified":"2025-04-26T22:54:29","modified_gmt":"2025-04-26T22:54:29","slug":"depuis-lexil-cellou-dalein-rallume-la-flamme-de-la-contestation","status":"publish","type":"post","link":"https:\/\/ledenonciateur224.com\/index.php\/depuis-lexil-cellou-dalein-rallume-la-flamme-de-la-contestation\/","title":{"rendered":"Depuis l\u2019exil, Cellou Dalein rallume la flamme de la contestation"},"content":{"rendered":"<p>Exil\u00e9 hors du pays, Cellou Dalein Diallo s\u2019est exprim\u00e9 ce samedi 26 avril 2025 par visioconf\u00e9rence devant les militants de l\u2019UFDG rassembl\u00e9s au si\u00e8ge du parti \u00e0 la Mini\u00e8re. Dans une adresse ferme et d\u00e9termin\u00e9e, le leader de l\u2019opposition a lanc\u00e9 un appel \u00e0 la mobilisation contre le r\u00e9gime du CNRD, d\u00e9non\u00e7ant les d\u00e9rives autoritaires, les arrestations arbitraires d\u2019activistes, ainsi que l\u2019incarc\u00e9ration d\u2019Aliou Bah.<\/p>\n<p>Il a r\u00e9affirm\u00e9 l\u2019engagement de l\u2019UFDG en faveur de la \u00ab d\u00e9fense de l\u2019honneur, de la dignit\u00e9 humaine, de la d\u00e9mocratie et de l\u2019\u00c9tat de droit \u00bb.<\/p>\n<p>Il a \u00e9galement lanc\u00e9 un avertissement aux autorit\u00e9s, les appelant \u00e0 tirer les le\u00e7ons du pass\u00e9 pour \u00e9viter les erreurs qui ont conduit au coup d\u2019\u00c9tat de 2021.<\/p>\n<p><img loading=\"lazy\" decoding=\"async\" class=\"alignnone size-full wp-image-2634\" src=\"https:\/\/ledenonciateur224.com\/wp-content\/uploads\/2025\/04\/img-20250426-wa0139.jpg\" alt=\"\" width=\"1080\" height=\"718\" srcset=\"https:\/\/ledenonciateur224.com\/wp-content\/uploads\/2025\/04\/img-20250426-wa0139.jpg 1080w, https:\/\/ledenonciateur224.com\/wp-content\/uploads\/2025\/04\/img-20250426-wa0139-300x199.jpg 300w, https:\/\/ledenonciateur224.com\/wp-content\/uploads\/2025\/04\/img-20250426-wa0139-1024x681.jpg 1024w, https:\/\/ledenonciateur224.com\/wp-content\/uploads\/2025\/04\/img-20250426-wa0139-768x511.jpg 768w, https:\/\/ledenonciateur224.com\/wp-content\/uploads\/2025\/04\/img-20250426-wa0139-150x100.jpg 150w, https:\/\/ledenonciateur224.com\/wp-content\/uploads\/2025\/04\/img-20250426-wa0139-696x463.jpg 696w, https:\/\/ledenonciateur224.com\/wp-content\/uploads\/2025\/04\/img-20250426-wa0139-1068x710.jpg 1068w, https:\/\/ledenonciateur224.com\/wp-content\/uploads\/2025\/04\/img-20250426-wa0139-632x420.jpg 632w\" sizes=\"auto, (max-width: 1080px) 100vw, 1080px\" \/><\/p>\n<p>Le num\u00e9ro 1 de l\u2019UFDG a aussi d\u00e9clar\u00e9 que\u00a0<em>\u00ab la corruption, les d\u00e9tournements de fonds, l\u2019enrichissement illicite et les autres fl\u00e9aux entravant le d\u00e9veloppement de la Guin\u00e9e et aggravant la pr\u00e9carit\u00e9 socio-\u00e9conomique \u00bb.<\/em><\/p>\n<p>L\u2019ancien premier ministre a exhort\u00e9 ses militants \u00e0 se faire recenser et \u00e0 maintenir leur mobilisation, assurant que la\u00a0<em>\u00ab victoire \u00bb<\/em>\u00a0du parti \u00e9tait proche.<\/p>\n<p>&nbsp;<\/p>\n<p>Mohamed A Camara<\/p>\n","protected":false},"excerpt":{"rendered":"<p>Exil\u00e9 hors du pays, Cellou Dalein Diallo s\u2019est exprim\u00e9 ce samedi 26 avril 2025 par visioconf\u00e9rence devant les militants de l\u2019UFDG rassembl\u00e9s au si\u00e8ge du parti \u00e0 la Mini\u00e8re. Dans une adresse ferme et d\u00e9termin\u00e9e, le leader de l\u2019opposition a lanc\u00e9 un appel \u00e0 la mobilisation contre le r\u00e9gime du CNRD, d\u00e9non\u00e7ant les d\u00e9rives autoritaires, [&hellip;]<\/p>\n","protected":false},"author":2,"featured_media":2635,"comment_status":"open","ping_status":"open","sticky":false,"template":"","format":"standard","meta":{"_jetpack_memberships_contains_paid_content":false,"footnotes":"","jetpack_publicize_message":"","jetpack_publicize_feature_enabled":true,"jetpack_social_post_already_shared":true,"jetpack_social_options":{"image_generator_settings":{"template":"highway","default_image_id":0,"font":"","enabled":false},"version":2}},"categories":[24,27],"tags":[704,703,702,64],"class_list":{"0":"post-2633","1":"post","2":"type-post","3":"status-publish","4":"format-standard","5":"has-post-thumbnail","7":"category-news","8":"category-politique","9":"tag-actualite","10":"tag-ag","11":"tag-ufdg-cellou","12":"tag-cellou-dalein-diallo"},"jetpack_publicize_connections":[],"jetpack_featured_media_url":"https:\/\/ledenonciateur224.com\/wp-content\/uploads\/2025\/04\/img-20250426-wa0185.jpg","jetpack_sharing_enabled":true,"_links":{"self":[{"href":"https:\/\/ledenonciateur224.com\/index.php\/wp-json\/wp\/v2\/posts\/2633","targetHints":{"allow":["GET"]}}],"collection":[{"href":"https:\/\/ledenonciateur224.com\/index.php\/wp-json\/wp\/v2\/posts"}],"about":[{"href":"https:\/\/ledenonciateur224.com\/index.php\/wp-json\/wp\/v2\/types\/post"}],"author":[{"embeddable":true,"href":"https:\/\/ledenonciateur224.com\/index.php\/wp-json\/wp\/v2\/users\/2"}],"replies":[{"embeddable":true,"href":"https:\/\/ledenonciateur224.com\/index.php\/wp-json\/wp\/v2\/comments?post=2633"}],"version-history":[{"count":0,"href":"https:\/\/ledenonciateur224.com\/index.php\/wp-json\/wp\/v2\/posts\/2633\/revisions"}],"wp:featuredmedia":[{"embeddable":true,"href":"https:\/\/ledenonciateur224.com\/index.php\/wp-json\/wp\/v2\/media\/2635"}],"wp:attachment":[{"href":"https:\/\/ledenonciateur224.com\/index.php\/wp-json\/wp\/v2\/media?parent=2633"}],"wp:term":[{"taxonomy":"category","embeddable":true,"href":"https:\/\/ledenonciateur224.com\/index.php\/wp-json\/wp\/v2\/categories?post=2633"},{"taxonomy":"post_tag","embeddable":true,"href":"https:\/\/ledenonciateur224.com\/index.php\/wp-json\/wp\/v2\/tags?post=2633"}],"curies":[{"name":"wp","href":"https:\/\/api.w.org\/{rel}","templated":true}]}}