{"id":2648,"date":"2025-04-28T07:11:33","date_gmt":"2025-04-28T07:11:33","guid":{"rendered":"https:\/\/ledenonciateur224.com\/?p=2648"},"modified":"2025-04-28T07:11:33","modified_gmt":"2025-04-28T07:11:33","slug":"tanene-le-general-mamadi-doumbouya-se-recueille-sur-la-tombe-de-lancien-president-lansana-conte","status":"publish","type":"post","link":"https:\/\/ledenonciateur224.com\/index.php\/tanene-le-general-mamadi-doumbouya-se-recueille-sur-la-tombe-de-lancien-president-lansana-conte\/","title":{"rendered":"Tan\u00e8n\u00e8 : le G\u00e9n\u00e9ral Mamadi Doumbouya se recueille sur la tombe de l\u2019ancien pr\u00e9sident Lansana Cont\u00e9"},"content":{"rendered":"<div dir=\"auto\">\n<p>Dans une journ\u00e9e charg\u00e9e d\u2019\u00e9motion, le G\u00e9n\u00e9ral Mamadi Doumbouya, chef de l\u2019\u00c9tat, a marqu\u00e9 les esprits en combinant l\u2019inauguration d\u2019une infrastructure cruciale avec un acte de m\u00e9moire significatif. Apr\u00e8s avoir coup\u00e9 le ruban du nouveau pont de Tan\u00e8n\u00e8, un projet d\u2019envergure destin\u00e9 \u00e0 faciliter la mobilit\u00e9 et le d\u00e9veloppement \u00e9conomique de la r\u00e9gion, le G\u00e9n\u00e9ral Doumbouya s\u2019est rendu \u00e0 Tan\u00e8n\u00e8 Bouramaya.<\/p>\n<\/div>\n<div dir=\"auto\"><img loading=\"lazy\" decoding=\"async\" class=\"alignnone size-full wp-image-2649\" src=\"https:\/\/ledenonciateur224.com\/wp-content\/uploads\/2025\/04\/fb-img-1745790075053.jpg\" alt=\"\" width=\"1080\" height=\"720\" srcset=\"https:\/\/ledenonciateur224.com\/wp-content\/uploads\/2025\/04\/fb-img-1745790075053.jpg 1080w, https:\/\/ledenonciateur224.com\/wp-content\/uploads\/2025\/04\/fb-img-1745790075053-300x200.jpg 300w, https:\/\/ledenonciateur224.com\/wp-content\/uploads\/2025\/04\/fb-img-1745790075053-1024x683.jpg 1024w, https:\/\/ledenonciateur224.com\/wp-content\/uploads\/2025\/04\/fb-img-1745790075053-768x512.jpg 768w, https:\/\/ledenonciateur224.com\/wp-content\/uploads\/2025\/04\/fb-img-1745790075053-150x100.jpg 150w, https:\/\/ledenonciateur224.com\/wp-content\/uploads\/2025\/04\/fb-img-1745790075053-696x464.jpg 696w, https:\/\/ledenonciateur224.com\/wp-content\/uploads\/2025\/04\/fb-img-1745790075053-1068x712.jpg 1068w, https:\/\/ledenonciateur224.com\/wp-content\/uploads\/2025\/04\/fb-img-1745790075053-630x420.jpg 630w\" sizes=\"auto, (max-width: 1080px) 100vw, 1080px\" \/><\/div>\n<div dir=\"auto\">L\u00e0, dans un geste empreint de solennit\u00e9, il s\u2019est recueilli sur la tombe du Pr\u00e9sident, feu G\u00e9n\u00e9ral Lansana Cont\u00e9. Ce moment de recueillement a \u00e9t\u00e9 per\u00e7u comme un t\u00e9moignage fort de respect envers l\u2019histoire de la Guin\u00e9e et ses anciens dirigeants.<\/div>\n<div dir=\"auto\"><\/div>\n<div dir=\"auto\">Ce d\u00e9placement symbolique intervient dans un contexte o\u00f9 le G\u00e9n\u00e9ral Doumbouya, depuis son accession au pouvoir, a r\u00e9guli\u00e8rement exprim\u00e9 son attachement aux valeurs d\u2019unit\u00e9 et de continuit\u00e9. En honorant la m\u00e9moire de Lansana Cont\u00e9, il r\u00e9affirme son engagement \u00e0 reconna\u00eetre et \u00e0 respecter l\u2019h\u00e9ritage de ceux qui ont fa\u00e7onn\u00e9 le pays avant lui.<\/div>\n<div dir=\"auto\"><\/div>\n<div dir=\"auto\"><img loading=\"lazy\" decoding=\"async\" class=\"alignnone size-full wp-image-2650\" src=\"https:\/\/ledenonciateur224.com\/wp-content\/uploads\/2025\/04\/2ec5e7da-6872-4c53-8f34-b671f2a803c1-630x420-1.jpeg\" alt=\"\" width=\"630\" height=\"420\" srcset=\"https:\/\/ledenonciateur224.com\/wp-content\/uploads\/2025\/04\/2ec5e7da-6872-4c53-8f34-b671f2a803c1-630x420-1.jpeg 630w, https:\/\/ledenonciateur224.com\/wp-content\/uploads\/2025\/04\/2ec5e7da-6872-4c53-8f34-b671f2a803c1-630x420-1-300x200.jpeg 300w, https:\/\/ledenonciateur224.com\/wp-content\/uploads\/2025\/04\/2ec5e7da-6872-4c53-8f34-b671f2a803c1-630x420-1-150x100.jpeg 150w\" sizes=\"auto, (max-width: 630px) 100vw, 630px\" \/><\/div>\n<div dir=\"auto\">Cet acte de m\u00e9moire r\u00e9sonne particuli\u00e8rement dans un pays o\u00f9 l\u2019histoire politique a souvent \u00e9t\u00e9 marqu\u00e9e par des transitions abruptes. Le geste du G\u00e9n\u00e9ral Doumbouya est donc interpr\u00e9t\u00e9 comme une volont\u00e9 de tisser des liens entre le pass\u00e9 et le pr\u00e9sent, et de construire un avenir bas\u00e9 sur le respect et la reconnaissance.<\/div>\n<div dir=\"auto\"><\/div>\n<div dir=\"auto\">Au-del\u00e0 de l\u2019inauguration d\u2019une infrastructure essentielle, la journ\u00e9e du 27 avril 2025 restera grav\u00e9e dans les m\u00e9moires comme un moment de profonde humanit\u00e9. Le G\u00e9n\u00e9ral Doumbouya a su allier d\u00e9veloppement et m\u00e9moire, soulignant ainsi l\u2019importance de reconna\u00eetre le pass\u00e9 pour mieux construire l\u2019avenir de la Guin\u00e9e. Son geste de recueillement sur la tombe de Lansana Cont\u00e9 est un symbole fort de respect et de continuit\u00e9, un message d\u2019unit\u00e9 adress\u00e9 \u00e0 toute la nation.<\/div>\n","protected":false},"excerpt":{"rendered":"<p>Dans une journ\u00e9e charg\u00e9e d\u2019\u00e9motion, le G\u00e9n\u00e9ral Mamadi Doumbouya, chef de l\u2019\u00c9tat, a marqu\u00e9 les esprits en combinant l\u2019inauguration d\u2019une infrastructure cruciale avec un acte de m\u00e9moire significatif. Apr\u00e8s avoir coup\u00e9 le ruban du nouveau pont de Tan\u00e8n\u00e8, un projet d\u2019envergure destin\u00e9 \u00e0 faciliter la mobilit\u00e9 et le d\u00e9veloppement \u00e9conomique de la r\u00e9gion, le G\u00e9n\u00e9ral [&hellip;]<\/p>\n","protected":false},"author":2,"featured_media":2651,"comment_status":"open","ping_status":"open","sticky":false,"template":"","format":"standard","meta":{"_jetpack_memberships_contains_paid_content":false,"footnotes":"","jetpack_publicize_message":"","jetpack_publicize_feature_enabled":true,"jetpack_social_post_already_shared":true,"jetpack_social_options":{"image_generator_settings":{"template":"highway","default_image_id":0,"font":"","enabled":false},"version":2}},"categories":[30,24,33],"tags":[708,49],"class_list":{"0":"post-2648","1":"post","2":"type-post","3":"status-publish","4":"format-standard","5":"has-post-thumbnail","7":"category-faits-divers","8":"category-news","9":"category-region","10":"tag-tombe-de-lansana-conte","11":"tag-general-mamadi-doumbouya"},"jetpack_publicize_connections":[],"jetpack_featured_media_url":"https:\/\/ledenonciateur224.com\/wp-content\/uploads\/2025\/04\/48f25ed0-9c4d-43ca-9f76-75cc8f5d98f1-696x464-1.jpeg","jetpack_sharing_enabled":true,"_links":{"self":[{"href":"https:\/\/ledenonciateur224.com\/index.php\/wp-json\/wp\/v2\/posts\/2648","targetHints":{"allow":["GET"]}}],"collection":[{"href":"https:\/\/ledenonciateur224.com\/index.php\/wp-json\/wp\/v2\/posts"}],"about":[{"href":"https:\/\/ledenonciateur224.com\/index.php\/wp-json\/wp\/v2\/types\/post"}],"author":[{"embeddable":true,"href":"https:\/\/ledenonciateur224.com\/index.php\/wp-json\/wp\/v2\/users\/2"}],"replies":[{"embeddable":true,"href":"https:\/\/ledenonciateur224.com\/index.php\/wp-json\/wp\/v2\/comments?post=2648"}],"version-history":[{"count":0,"href":"https:\/\/ledenonciateur224.com\/index.php\/wp-json\/wp\/v2\/posts\/2648\/revisions"}],"wp:featuredmedia":[{"embeddable":true,"href":"https:\/\/ledenonciateur224.com\/index.php\/wp-json\/wp\/v2\/media\/2651"}],"wp:attachment":[{"href":"https:\/\/ledenonciateur224.com\/index.php\/wp-json\/wp\/v2\/media?parent=2648"}],"wp:term":[{"taxonomy":"category","embeddable":true,"href":"https:\/\/ledenonciateur224.com\/index.php\/wp-json\/wp\/v2\/categories?post=2648"},{"taxonomy":"post_tag","embeddable":true,"href":"https:\/\/ledenonciateur224.com\/index.php\/wp-json\/wp\/v2\/tags?post=2648"}],"curies":[{"name":"wp","href":"https:\/\/api.w.org\/{rel}","templated":true}]}}