{"id":2666,"date":"2025-04-29T17:55:29","date_gmt":"2025-04-29T17:55:29","guid":{"rendered":"https:\/\/ledenonciateur224.com\/?p=2666"},"modified":"2025-04-29T17:55:29","modified_gmt":"2025-04-29T17:55:29","slug":"aguipel-et-aguidutel-unissent-leurs-forces-pour-former-les-utilisateurs-du-numerique","status":"publish","type":"post","link":"https:\/\/ledenonciateur224.com\/index.php\/aguipel-et-aguidutel-unissent-leurs-forces-pour-former-les-utilisateurs-du-numerique\/","title":{"rendered":"AGUIPEL et AGUIDUTEL unissent leurs forces pour former les utilisateurs du num\u00e9rique\u00a0"},"content":{"rendered":"<div dir=\"auto\">\n<p><strong>L\u2019AGUIPEL, en collaboration avec l\u2019AGUIDUTEL (Association Guin\u00e9enne pour la D\u00e9fense des Utilisateurs de Technologies Num\u00e9riques), a annonc\u00e9 ce mardi 29 avril 2025 la tenue d\u2019un atelier de formation de deux jours, pr\u00e9vu du 5 au 6 mai 2025. Une conf\u00e9rence-d\u00e9bat sera \u00e9galement organis\u00e9e le 7 mai \u00e0 l\u2019universit\u00e9 Koffi Annan de Conakry.<\/strong><\/p>\n<\/div>\n<p>&lt;&lt; L&rsquo;appropriation de l&rsquo;intelligence artificielle par les professionnels des m\u00e9dias :Outils, D\u00e9fis \u00c9thiques et Meilleurs Pratiques &gt;&gt; sera au centre du d\u00e9bat de ces rencontres d&rsquo;\u00e9changes.<\/p>\n<div dir=\"auto\"><img loading=\"lazy\" decoding=\"async\" class=\"alignnone size-full wp-image-2667\" src=\"https:\/\/ledenonciateur224.com\/wp-content\/uploads\/2025\/04\/20250429-110533-scaled.jpg\" alt=\"\" width=\"2560\" height=\"1440\" srcset=\"https:\/\/ledenonciateur224.com\/wp-content\/uploads\/2025\/04\/20250429-110533-scaled.jpg 2560w, https:\/\/ledenonciateur224.com\/wp-content\/uploads\/2025\/04\/20250429-110533-300x169.jpg 300w, https:\/\/ledenonciateur224.com\/wp-content\/uploads\/2025\/04\/20250429-110533-1024x576.jpg 1024w, https:\/\/ledenonciateur224.com\/wp-content\/uploads\/2025\/04\/20250429-110533-768x432.jpg 768w, https:\/\/ledenonciateur224.com\/wp-content\/uploads\/2025\/04\/20250429-110533-1536x864.jpg 1536w, https:\/\/ledenonciateur224.com\/wp-content\/uploads\/2025\/04\/20250429-110533-2048x1152.jpg 2048w, https:\/\/ledenonciateur224.com\/wp-content\/uploads\/2025\/04\/20250429-110533-150x84.jpg 150w, https:\/\/ledenonciateur224.com\/wp-content\/uploads\/2025\/04\/20250429-110533-696x392.jpg 696w, https:\/\/ledenonciateur224.com\/wp-content\/uploads\/2025\/04\/20250429-110533-1068x601.jpg 1068w, https:\/\/ledenonciateur224.com\/wp-content\/uploads\/2025\/04\/20250429-110533-1920x1080.jpg 1920w, https:\/\/ledenonciateur224.com\/wp-content\/uploads\/2025\/04\/20250429-110533-747x420.jpg 747w\" sizes=\"auto, (max-width: 2560px) 100vw, 2560px\" \/><\/div>\n<div dir=\"auto\">Amadou Tham Camara, pr\u00e9sident de l&rsquo; AGUIPEL a mis en lumi\u00e8re l&rsquo;importance de l&rsquo;utilisation de l&rsquo;intelligence artificielle par les professionnels de la presse<\/div>\n<div dir=\"auto\"><\/div>\n<div dir=\"auto\">\n<div dir=\"auto\">\n<p>\u00ab Je pense que si l&rsquo;intelligence artificielle est utilis\u00e9e \u00e0 bon escient, elle constitue un formidable outil pour permettre au journalisme de se qualifier, de mieux traiter l&rsquo;information, et surtout de le faire dans la plus grande s\u00e9r\u00e9nit\u00e9, afin que les consommateurs d&rsquo;information soient satisfaits dans les meilleurs d\u00e9lais.<br \/>\nNous sommes dans une nouvelle \u00e8re. Aujourd\u2019hui, il est n\u00e9cessaire que la presse guin\u00e9enne s\u2019am\u00e9liore. L\u2019intelligence artificielle est un outil utilis\u00e9 partout dans le monde ; il est donc important que les journalistes guin\u00e9ens ma\u00eetrisent les bases, les fondamentaux, pour pouvoir exploiter efficacement cet outil.\u00a0C\u2019est tout le sens de cette formation, destin\u00e9e non seulement aux journalistes des m\u00e9dias en ligne, mais \u00e9galement \u00e9largie \u00e0 ceux de la presse \u00e9crite, de la presse publique comme priv\u00e9e, et des web TV. Il ne s\u2019agit pas uniquement de la presse en ligne : toute la presse, dans sa grande diversit\u00e9, a besoin de ces outils pour progresser.<br \/>\nCeux qui souhaitent b\u00e9n\u00e9ficier de cette formation doivent se munir, au minimum, d\u2019un smartphone. \u00bb<\/p>\n<p><img loading=\"lazy\" decoding=\"async\" class=\"alignnone size-full wp-image-2668\" src=\"https:\/\/ledenonciateur224.com\/wp-content\/uploads\/2025\/04\/20250429-110547-scaled.jpg\" alt=\"\" width=\"2560\" height=\"1440\" srcset=\"https:\/\/ledenonciateur224.com\/wp-content\/uploads\/2025\/04\/20250429-110547-scaled.jpg 2560w, https:\/\/ledenonciateur224.com\/wp-content\/uploads\/2025\/04\/20250429-110547-300x169.jpg 300w, https:\/\/ledenonciateur224.com\/wp-content\/uploads\/2025\/04\/20250429-110547-1024x576.jpg 1024w, https:\/\/ledenonciateur224.com\/wp-content\/uploads\/2025\/04\/20250429-110547-768x432.jpg 768w, https:\/\/ledenonciateur224.com\/wp-content\/uploads\/2025\/04\/20250429-110547-1536x864.jpg 1536w, https:\/\/ledenonciateur224.com\/wp-content\/uploads\/2025\/04\/20250429-110547-2048x1152.jpg 2048w, https:\/\/ledenonciateur224.com\/wp-content\/uploads\/2025\/04\/20250429-110547-150x84.jpg 150w, https:\/\/ledenonciateur224.com\/wp-content\/uploads\/2025\/04\/20250429-110547-696x392.jpg 696w, https:\/\/ledenonciateur224.com\/wp-content\/uploads\/2025\/04\/20250429-110547-1068x601.jpg 1068w, https:\/\/ledenonciateur224.com\/wp-content\/uploads\/2025\/04\/20250429-110547-1920x1080.jpg 1920w, https:\/\/ledenonciateur224.com\/wp-content\/uploads\/2025\/04\/20250429-110547-747x420.jpg 747w\" sizes=\"auto, (max-width: 2560px) 100vw, 2560px\" \/><\/p>\n<p>De son c\u00f4t\u00e9, Oumar Camara Directeur G\u00e9n\u00e9ral du cabinet Efficience Global et formateur dudit atelier, a mentionn\u00e9 les grandes lignes \u00e0 d\u00e9velopper lors de la formation<\/p>\n<p>\u00ab Cet atelier se d\u00e9roulera sur deux jours : une premi\u00e8re journ\u00e9e consacr\u00e9e aux m\u00e9dias en ligne, et une seconde \u00e0 la presse \u00e9crite.<br \/>\nDans cette formation, nous aborderons plusieurs aspects, notamment les opportunit\u00e9s et les outils que les journalistes peuvent utiliser. Nous proposerons \u00e9galement des cas pratiques : les participants seront invit\u00e9s \u00e0 partager les d\u00e9fis qu\u2019ils rencontrent au quotidien, et nous leur montrerons comment l\u2019intelligence artificielle peut les aider \u00e0 surmonter ces difficult\u00e9s.\u00a0Nous discuterons aussi des risques et des limites li\u00e9s \u00e0 cet outil, notamment les enjeux \u00e9thiques face \u00e0 la d\u00e9sinformation, tout en les \u00e9quipant pour affronter ces d\u00e9fis.\u00a0L\u2019objectif est de permettre aux journalistes de gagner en productivit\u00e9, car le volume d\u2019information \u00e0 traiter ne cesse de cro\u00eetre, et l\u2019IA peut consid\u00e9rablement r\u00e9duire le temps de r\u00e9daction.\u00a0Concernant la cr\u00e9dibilit\u00e9, alors que circulent de nombreuses informations \u2014 parfois fausses \u2014 l\u2019IA peut \u00e9galement contribuer \u00e0 mieux les v\u00e9rifier. Enfin, les aspects \u00e9thiques seront aussi abord\u00e9s, car ils sont essentiels.\u00a0Je vois vraiment l\u2019intelligence artificielle comme un outil qui renforce les capacit\u00e9s humaines, et non comme une limite. \u00bb<\/p>\n<\/div>\n<\/div>\n","protected":false},"excerpt":{"rendered":"<p>L\u2019AGUIPEL, en collaboration avec l\u2019AGUIDUTEL (Association Guin\u00e9enne pour la D\u00e9fense des Utilisateurs de Technologies Num\u00e9riques), a annonc\u00e9 ce mardi 29 avril 2025 la tenue d\u2019un atelier de formation de deux jours, pr\u00e9vu du 5 au 6 mai 2025. Une conf\u00e9rence-d\u00e9bat sera \u00e9galement organis\u00e9e le 7 mai \u00e0 l\u2019universit\u00e9 Koffi Annan de Conakry. &lt;&lt; L&rsquo;appropriation de [&hellip;]<\/p>\n","protected":false},"author":2,"featured_media":2669,"comment_status":"open","ping_status":"open","sticky":false,"template":"","format":"standard","meta":{"_jetpack_memberships_contains_paid_content":false,"footnotes":"","jetpack_publicize_message":"","jetpack_publicize_feature_enabled":true,"jetpack_social_post_already_shared":true,"jetpack_social_options":{"image_generator_settings":{"template":"highway","default_image_id":0,"font":"","enabled":false},"version":2}},"categories":[25,24],"tags":[604,711,41],"class_list":{"0":"post-2666","1":"post","2":"type-post","3":"status-publish","4":"format-standard","5":"has-post-thumbnail","7":"category-annonce","8":"category-news","9":"tag-actualite-de-guinee","10":"tag-atelier-de-formation","11":"tag-medias-guineens"},"jetpack_publicize_connections":[],"jetpack_featured_media_url":"https:\/\/ledenonciateur224.com\/wp-content\/uploads\/2025\/04\/20250429-104219-scaled.jpg","jetpack_sharing_enabled":true,"_links":{"self":[{"href":"https:\/\/ledenonciateur224.com\/index.php\/wp-json\/wp\/v2\/posts\/2666","targetHints":{"allow":["GET"]}}],"collection":[{"href":"https:\/\/ledenonciateur224.com\/index.php\/wp-json\/wp\/v2\/posts"}],"about":[{"href":"https:\/\/ledenonciateur224.com\/index.php\/wp-json\/wp\/v2\/types\/post"}],"author":[{"embeddable":true,"href":"https:\/\/ledenonciateur224.com\/index.php\/wp-json\/wp\/v2\/users\/2"}],"replies":[{"embeddable":true,"href":"https:\/\/ledenonciateur224.com\/index.php\/wp-json\/wp\/v2\/comments?post=2666"}],"version-history":[{"count":0,"href":"https:\/\/ledenonciateur224.com\/index.php\/wp-json\/wp\/v2\/posts\/2666\/revisions"}],"wp:featuredmedia":[{"embeddable":true,"href":"https:\/\/ledenonciateur224.com\/index.php\/wp-json\/wp\/v2\/media\/2669"}],"wp:attachment":[{"href":"https:\/\/ledenonciateur224.com\/index.php\/wp-json\/wp\/v2\/media?parent=2666"}],"wp:term":[{"taxonomy":"category","embeddable":true,"href":"https:\/\/ledenonciateur224.com\/index.php\/wp-json\/wp\/v2\/categories?post=2666"},{"taxonomy":"post_tag","embeddable":true,"href":"https:\/\/ledenonciateur224.com\/index.php\/wp-json\/wp\/v2\/tags?post=2666"}],"curies":[{"name":"wp","href":"https:\/\/api.w.org\/{rel}","templated":true}]}}