{"id":2711,"date":"2025-04-30T15:50:54","date_gmt":"2025-04-30T15:50:54","guid":{"rendered":"https:\/\/ledenonciateur224.com\/?p=2711"},"modified":"2025-04-30T15:50:54","modified_gmt":"2025-04-30T15:50:54","slug":"diplomatie-regionale-general-doumbouya-attendu-au-rwanda-et-au-gabon","status":"publish","type":"post","link":"https:\/\/ledenonciateur224.com\/index.php\/diplomatie-regionale-general-doumbouya-attendu-au-rwanda-et-au-gabon\/","title":{"rendered":"Diplomatie r\u00e9gionale : G\u00e9n\u00e9ral Doumbouya attendu au Rwanda et au Gabon"},"content":{"rendered":"<p>Le Pr\u00e9sident de la Transition, le G\u00e9n\u00e9ral Mamadi Doumbouya, quittera Conakry ce jeudi 1er mai 2025 pour une visite d\u2019amiti\u00e9 au Rwanda. Il se rendra ensuite au Gabon afin d\u2019assister \u00e0 la c\u00e9r\u00e9monie d\u2019investiture du pr\u00e9sident Brice Oligui Nguema, marquant ainsi une nouvelle \u00e9tape dans le renforcement des liens diplomatiques entre la Guin\u00e9e et ses partenaires africains.<\/p>\n<p><img loading=\"lazy\" decoding=\"async\" class=\"alignnone size-full wp-image-2712\" src=\"https:\/\/ledenonciateur224.com\/wp-content\/uploads\/2025\/04\/fb-img-1746027098734.jpg\" alt=\"\" width=\"720\" height=\"1014\" srcset=\"https:\/\/ledenonciateur224.com\/wp-content\/uploads\/2025\/04\/fb-img-1746027098734.jpg 720w, https:\/\/ledenonciateur224.com\/wp-content\/uploads\/2025\/04\/fb-img-1746027098734-213x300.jpg 213w, https:\/\/ledenonciateur224.com\/wp-content\/uploads\/2025\/04\/fb-img-1746027098734-150x211.jpg 150w, https:\/\/ledenonciateur224.com\/wp-content\/uploads\/2025\/04\/fb-img-1746027098734-300x423.jpg 300w, https:\/\/ledenonciateur224.com\/wp-content\/uploads\/2025\/04\/fb-img-1746027098734-696x980.jpg 696w, https:\/\/ledenonciateur224.com\/wp-content\/uploads\/2025\/04\/fb-img-1746027098734-298x420.jpg 298w\" sizes=\"auto, (max-width: 720px) 100vw, 720px\" \/><\/p>\n","protected":false},"excerpt":{"rendered":"<p>Le Pr\u00e9sident de la Transition, le G\u00e9n\u00e9ral Mamadi Doumbouya, quittera Conakry ce jeudi 1er mai 2025 pour une visite d\u2019amiti\u00e9 au Rwanda. Il se rendra ensuite au Gabon afin d\u2019assister \u00e0 la c\u00e9r\u00e9monie d\u2019investiture du pr\u00e9sident Brice Oligui Nguema, marquant ainsi une nouvelle \u00e9tape dans le renforcement des liens diplomatiques entre la Guin\u00e9e et ses [&hellip;]<\/p>\n","protected":false},"author":2,"featured_media":2713,"comment_status":"open","ping_status":"open","sticky":false,"template":"","format":"standard","meta":{"_jetpack_memberships_contains_paid_content":false,"footnotes":"","jetpack_publicize_message":"","jetpack_publicize_feature_enabled":true,"jetpack_social_post_already_shared":true,"jetpack_social_options":{"image_generator_settings":{"template":"highway","default_image_id":0,"font":"","enabled":false},"version":2}},"categories":[24,27],"tags":[717,360,180],"class_list":{"0":"post-2711","1":"post","2":"type-post","3":"status-publish","4":"format-standard","5":"has-post-thumbnail","7":"category-news","8":"category-politique","9":"tag-diplomatie","10":"tag-cooperation","11":"tag-visite-du-chef-de-letat"},"jetpack_publicize_connections":[],"jetpack_featured_media_url":"https:\/\/ledenonciateur224.com\/wp-content\/uploads\/2025\/04\/img-20250107-wa0090.jpg","jetpack_sharing_enabled":true,"_links":{"self":[{"href":"https:\/\/ledenonciateur224.com\/index.php\/wp-json\/wp\/v2\/posts\/2711","targetHints":{"allow":["GET"]}}],"collection":[{"href":"https:\/\/ledenonciateur224.com\/index.php\/wp-json\/wp\/v2\/posts"}],"about":[{"href":"https:\/\/ledenonciateur224.com\/index.php\/wp-json\/wp\/v2\/types\/post"}],"author":[{"embeddable":true,"href":"https:\/\/ledenonciateur224.com\/index.php\/wp-json\/wp\/v2\/users\/2"}],"replies":[{"embeddable":true,"href":"https:\/\/ledenonciateur224.com\/index.php\/wp-json\/wp\/v2\/comments?post=2711"}],"version-history":[{"count":0,"href":"https:\/\/ledenonciateur224.com\/index.php\/wp-json\/wp\/v2\/posts\/2711\/revisions"}],"wp:featuredmedia":[{"embeddable":true,"href":"https:\/\/ledenonciateur224.com\/index.php\/wp-json\/wp\/v2\/media\/2713"}],"wp:attachment":[{"href":"https:\/\/ledenonciateur224.com\/index.php\/wp-json\/wp\/v2\/media?parent=2711"}],"wp:term":[{"taxonomy":"category","embeddable":true,"href":"https:\/\/ledenonciateur224.com\/index.php\/wp-json\/wp\/v2\/categories?post=2711"},{"taxonomy":"post_tag","embeddable":true,"href":"https:\/\/ledenonciateur224.com\/index.php\/wp-json\/wp\/v2\/tags?post=2711"}],"curies":[{"name":"wp","href":"https:\/\/api.w.org\/{rel}","templated":true}]}}